
{"id":18922,"date":"2026-04-26T00:59:49","date_gmt":"2026-04-26T03:59:49","guid":{"rendered":"https:\/\/cuartetoenlaweb.com.ar\/sitio\/sofia-gonet-rompio-el-silencio-sobre-su-vinculo-con-ian-lucas-y-blanqueo-que-pasa-realmente-entre-ellos\/"},"modified":"2026-04-26T00:59:49","modified_gmt":"2026-04-26T03:59:49","slug":"sofia-gonet-rompio-el-silencio-sobre-su-vinculo-con-ian-lucas-y-blanqueo-que-pasa-realmente-entre-ellos","status":"publish","type":"post","link":"http:\/\/cuartetoenlaweb.com.ar\/sitio\/sofia-gonet-rompio-el-silencio-sobre-su-vinculo-con-ian-lucas-y-blanqueo-que-pasa-realmente-entre-ellos\/","title":{"rendered":"Sof\u00eda Gonet rompi\u00f3 el silencio sobre su v\u00ednculo con Ian Lucas y blanque\u00f3 qu\u00e9 pasa realmente entre ellos"},"content":{"rendered":"<p>Despu\u00e9s de semanas de especulaciones, finalmente lleg\u00f3 la palabra que muchos estaban esperando. <strong>Sof\u00eda Gonet<\/strong> habl\u00f3 por primera vez en sobre los rumores que la vinculan sentimentalmente con <strong>Ian Lucas<\/strong> y fue clara.<\/p>\n<p>La influencer se refiri\u00f3 al tema en una charla con el ciclo <em>Ya fue todo<\/em>, <a href=\"https:\/\/www.paparazzi.com.ar\/romances\/el-video-de-ian-lucas-y-sofia-gonet-a-los-besos-marcando-el-fin-del-romance-con-evangelina-anderson\/\">donde enfrent\u00f3 de frente las versiones que ven\u00edan creciendo desde el final de <em>MasterChef Celebrity<\/em><\/a>.<\/p>\n<p>\u201c<strong>No hay romance, somos amigos<\/strong>\u201d, asegur\u00f3 sin vueltas, aunque reconoci\u00f3 que comparten mucho tiempo juntos. \u201cSalimos mucho a bailar, a veces subimos alguna foto\u2026 pero tenemos una muy buena relaci\u00f3n de amigos\u201d, explic\u00f3.<\/p>\n<div class=\"mt-box \">\n<h4 class=\"mt-heading\">Mir\u00e1 Tambi\u00e9n<\/h4>\n<p><a href=\"https:\/\/www.paparazzi.com.ar\/videos\/exclusivo-rodrigo-cascon-se-animo-a-ser-jake-gyllenhaal-y-se-comparo-con-el-galanazo-de-hollywood-disfrutaria-una-escena-sexual\/\"><\/p>\n<div class=\"mt-content\">\n<div class=\"mt-image-container\"><img decoding=\"async\" src=\"https:\/\/www.paparazzi.com.ar\/wp-content\/uploads\/2026\/04\/PORTADA-WEB-YO-QUIERO-SER-JAKE-GYLLENHAAL-359x226.jpg\" alt=\"\u00a1Exclusivo! Rodrigo Casc\u00f3n se anim\u00f3 a ser Jake Gyllenhaal y se compar\u00f3 con el galanazo de Hollywood: \u201cDisfrutar\u00eda una escena sexual\u201d\" class=\"mt-image\" loading=\"lazy\" \/><\/div>\n<h5 class=\"mt-title\">\u00a1Exclusivo! Rodrigo Casc\u00f3n se anim\u00f3 a ser Jake Gyllenhaal y se compar\u00f3 con el galanazo de Hollywood: \u201cDisfrutar\u00eda una escena sexual\u201d<\/h5>\n<\/div>\n<p><\/a><\/div>\n<p>Lo cierto es que <a href=\"https:\/\/www.paparazzi.com.ar\/romances\/el-intento-desesperado-de-homero-petinatto-para-recuperar-a-sofia-gonet-en-medio-de-los-rumores-de-romance-con-ian-lucas\/\">la qu\u00edmica entre ambos no pas\u00f3 desapercibida desde el reality<\/a>, y con el paso de las semanas, lejos de apagarse, se fue potenciando en redes sociales. Fotos juntos, salidas nocturnas y gestos de cercan\u00eda hicieron que muchos empezaran a hablar de algo m\u00e1s que una simple amistad.<\/p>\n<p>Uno de los momentos que m\u00e1s aliment\u00f3 los rumores fue una imagen que ambos compartieron, donde se los ve\u00eda en una cena \u00edntima, con las manos cerca y un clima que muchos interpretaron como especial. A eso se sumaron videos en boliches, entre risas, bailes y miradas c\u00f3mplices.<\/p>\n<div class=\"mt-box \">\n<h4 class=\"mt-heading\">Mir\u00e1 Tambi\u00e9n<\/h4>\n<p><a href=\"https:\/\/www.paparazzi.com.ar\/romances\/sofi-gonet-no-se-oculta-mas-y-confirmo-su-relacion-con-ian-lucas-salimos\/\"><\/p>\n<div class=\"mt-content\">\n<div class=\"mt-image-container\"><img decoding=\"async\" src=\"https:\/\/www.paparazzi.com.ar\/wp-content\/uploads\/2026\/04\/Sofia-Gonnet-Ian-Lucas-359x226.jpg\" alt=\"Sofi Gonet no se oculta m\u00e1s y confirm\u00f3 su relaci\u00f3n con Ian Lucas: \u201cSalimos\u201d\" class=\"mt-image\" loading=\"lazy\" \/><\/div>\n<h5 class=\"mt-title\">Sofi Gonet no se oculta m\u00e1s y confirm\u00f3 su relaci\u00f3n con Ian Lucas: \u201cSalimos\u201d<\/h5>\n<\/div>\n<p><\/a><\/div>\n<p>Sin embargo, Sof\u00eda Gonet se encarg\u00f3 de bajar las versiones y ponerle un freno a las especulaciones. Al menos por ahora, insiste en que no hay v\u00ednculo amoroso. En la misma entrevista, tambi\u00e9n habl\u00f3 de su presente personal y sorprendi\u00f3 al reafirmar que contin\u00faa con su particular decisi\u00f3n de mantenerse en \u201ccelibato\u201d. Entre risas, sostuvo que lo est\u00e1 cumpliendo, aunque admiti\u00f3 que pocos le creen.<\/p>\n<figure class=\"wp-block-image size-large\"><img decoding=\"async\" src=\"https:\/\/www.paparazzi.com.ar\/wp-content\/uploads\/2026\/04\/image-151-624x1024.png.webp\" loading=\"lazy\" alt=\"\" class=\"wp-image-475364\" \/><\/figure>\n<p>\u201cHasta que llegue el indicado\u201d, lanz\u00f3, dejando abierta la puerta a un futuro romance, pero dejando en claro que hoy no es el caso con Ian Lucas. Adem\u00e1s, cont\u00f3 que est\u00e1 enfocada en nuevos proyectos laborales dentro del mundo del streaming, con reuniones en marcha y posibilidades de sumarse a nuevos formatos. Mientras tanto, la relaci\u00f3n con Ian sigue dando que hablar. Porque aunque ambos insistan en que son solo amigos, la complicidad que muestran cada vez que aparecen juntos mantiene viva la duda.<\/p>\n<div class=\"mt-box \">\n<h4 class=\"mt-heading\">Mir\u00e1 Tambi\u00e9n<\/h4>\n<p><a href=\"https:\/\/www.paparazzi.com.ar\/romances\/el-intento-desesperado-de-homero-petinatto-para-recuperar-a-sofia-gonet-en-medio-de-los-rumores-de-romance-con-ian-lucas\/\"><\/p>\n<div class=\"mt-content\">\n<div class=\"mt-image-container\"><img decoding=\"async\" src=\"https:\/\/www.paparazzi.com.ar\/wp-content\/uploads\/2026\/04\/Sofia-Gonet-Homero-Petinatto-y-La-Reini-359x226.jpg\" alt=\"El intento desesperado de Homero Petinatto para recuperar a Sof\u00eda Gonet en medio de los rumores de romance con Ian Lucas\" class=\"mt-image\" loading=\"lazy\" \/><\/div>\n<h5 class=\"mt-title\">El intento desesperado de Homero Petinatto para recuperar a Sof\u00eda Gonet en medio de los rumores de romance con Ian Lucas<\/h5>\n<\/div>\n<p><\/a><\/div>\n<div class=\"mt-box \">\n<h4 class=\"mt-heading\">Mir\u00e1 Tambi\u00e9n<\/h4>\n<p><a href=\"https:\/\/www.paparazzi.com.ar\/romances\/evangelina-anderson-conto-toda-la-verdad-de-su-escandaloso-romance-con-ian-lucas-no-me-enamore\/\"><\/p>\n<div class=\"mt-content\">\n<div class=\"mt-image-container\"><img decoding=\"async\" src=\"https:\/\/www.paparazzi.com.ar\/wp-content\/uploads\/2026\/04\/evangelina-anderson-ian-lucas-359x226.jpg\" alt=\"Evangelina Anderson cont\u00f3 toda la verdad de su escandaloso romance con Ian Lucas: \u201cNo me enamor\u00e9\u201d\" class=\"mt-image\" loading=\"lazy\" \/><\/div>\n<h5 class=\"mt-title\">Evangelina Anderson cont\u00f3 toda la verdad de su escandaloso romance con Ian Lucas: \u201cNo me enamor\u00e9\u201d<\/h5>\n<\/div>\n<p><\/a><\/div>\n<p>The post <a href=\"https:\/\/www.paparazzi.com.ar\/romances\/sofia-gonet-rompio-el-silencio-sobre-su-vinculo-con-ian-lucas-y-blanqueo-que-pasa-realmente-entre-ellos\/\">Sof\u00eda Gonet rompi\u00f3 el silencio sobre su v\u00ednculo con Ian Lucas y blanque\u00f3 qu\u00e9 pasa realmente entre ellos<\/a> appeared first on <a href=\"https:\/\/www.paparazzi.com.ar\">Revista Paparazzi<\/a>.<\/p>\n","protected":false},"excerpt":{"rendered":"<p>Despu\u00e9s de semanas de especulaciones, finalmente lleg\u00f3 la palabra que<\/p>\n","protected":false},"author":0,"featured_media":18923,"comment_status":"","ping_status":"","sticky":false,"template":"","format":"standard","meta":{"footnotes":""},"categories":[12],"tags":[],"class_list":["post-18922","post","type-post","status-publish","format-standard","has-post-thumbnail","hentry","category-espectaculo"],"yoast_head":"<!-- This site is optimized with the Yoast SEO plugin v27.4 - https:\/\/yoast.com\/product\/yoast-seo-wordpress\/ -->\n<title>Sof\u00eda Gonet rompi\u00f3 el silencio sobre su v\u00ednculo con Ian Lucas y blanque\u00f3 qu\u00e9 pasa realmente entre ellos - Cuarteto en la Web<\/title>\n<meta name=\"robots\" content=\"index, follow, max-snippet:-1, max-image-preview:large, max-video-preview:-1\" \/>\n<link rel=\"canonical\" href=\"https:\/\/cuartetoenlaweb.com.ar\/sitio\/sofia-gonet-rompio-el-silencio-sobre-su-vinculo-con-ian-lucas-y-blanqueo-que-pasa-realmente-entre-ellos\/\" \/>\n<meta property=\"og:locale\" content=\"es_ES\" \/>\n<meta property=\"og:type\" content=\"article\" \/>\n<meta property=\"og:title\" content=\"Sof\u00eda Gonet rompi\u00f3 el silencio sobre su v\u00ednculo con Ian Lucas y blanque\u00f3 qu\u00e9 pasa realmente entre ellos - Cuarteto en la Web\" \/>\n<meta property=\"og:description\" content=\"Despu\u00e9s de semanas de especulaciones, finalmente lleg\u00f3 la palabra que\" \/>\n<meta property=\"og:url\" content=\"https:\/\/cuartetoenlaweb.com.ar\/sitio\/sofia-gonet-rompio-el-silencio-sobre-su-vinculo-con-ian-lucas-y-blanqueo-que-pasa-realmente-entre-ellos\/\" \/>\n<meta property=\"og:site_name\" content=\"Cuarteto en la Web\" \/>\n<meta property=\"article:published_time\" content=\"2026-04-26T03:59:49+00:00\" \/>\n<meta property=\"og:image\" content=\"https:\/\/www.paparazzi.com.ar\/wp-content\/uploads\/2026\/04\/PORTADA-WEB-YO-QUIERO-SER-JAKE-GYLLENHAAL-359x226.jpg\" \/>\n<meta name=\"twitter:card\" content=\"summary_large_image\" \/>\n<meta name=\"twitter:label1\" content=\"Tiempo de lectura\" \/>\n\t<meta name=\"twitter:data1\" content=\"2 minutos\" \/>\n<script type=\"application\/ld+json\" class=\"yoast-schema-graph\">{\"@context\":\"https:\\\/\\\/schema.org\",\"@graph\":[{\"@type\":\"Article\",\"@id\":\"https:\\\/\\\/cuartetoenlaweb.com.ar\\\/sitio\\\/sofia-gonet-rompio-el-silencio-sobre-su-vinculo-con-ian-lucas-y-blanqueo-que-pasa-realmente-entre-ellos\\\/#article\",\"isPartOf\":{\"@id\":\"https:\\\/\\\/cuartetoenlaweb.com.ar\\\/sitio\\\/sofia-gonet-rompio-el-silencio-sobre-su-vinculo-con-ian-lucas-y-blanqueo-que-pasa-realmente-entre-ellos\\\/\"},\"author\":{\"name\":\"\",\"@id\":\"\"},\"headline\":\"Sof\u00eda Gonet rompi\u00f3 el silencio sobre su v\u00ednculo con Ian Lucas y blanque\u00f3 qu\u00e9 pasa realmente entre ellos\",\"datePublished\":\"2026-04-26T03:59:49+00:00\",\"mainEntityOfPage\":{\"@id\":\"https:\\\/\\\/cuartetoenlaweb.com.ar\\\/sitio\\\/sofia-gonet-rompio-el-silencio-sobre-su-vinculo-con-ian-lucas-y-blanqueo-que-pasa-realmente-entre-ellos\\\/\"},\"wordCount\":497,\"publisher\":{\"@id\":\"http:\\\/\\\/cuartetoenlaweb.com.ar\\\/sitio\\\/#organization\"},\"image\":{\"@id\":\"https:\\\/\\\/cuartetoenlaweb.com.ar\\\/sitio\\\/sofia-gonet-rompio-el-silencio-sobre-su-vinculo-con-ian-lucas-y-blanqueo-que-pasa-realmente-entre-ellos\\\/#primaryimage\"},\"thumbnailUrl\":\"http:\\\/\\\/cuartetoenlaweb.com.ar\\\/sitio\\\/wp-content\\\/uploads\\\/2026\\\/04\\\/PORTADA-WEB-YO-QUIERO-SER-JAKE-GYLLENHAAL-359x226-63.jpg\",\"articleSection\":[\"ESPECT\u00c1CULO\"],\"inLanguage\":\"es\"},{\"@type\":\"WebPage\",\"@id\":\"https:\\\/\\\/cuartetoenlaweb.com.ar\\\/sitio\\\/sofia-gonet-rompio-el-silencio-sobre-su-vinculo-con-ian-lucas-y-blanqueo-que-pasa-realmente-entre-ellos\\\/\",\"url\":\"https:\\\/\\\/cuartetoenlaweb.com.ar\\\/sitio\\\/sofia-gonet-rompio-el-silencio-sobre-su-vinculo-con-ian-lucas-y-blanqueo-que-pasa-realmente-entre-ellos\\\/\",\"name\":\"Sof\u00eda Gonet rompi\u00f3 el silencio sobre su v\u00ednculo con Ian Lucas y blanque\u00f3 qu\u00e9 pasa realmente entre ellos - Cuarteto en la Web\",\"isPartOf\":{\"@id\":\"http:\\\/\\\/cuartetoenlaweb.com.ar\\\/sitio\\\/#website\"},\"primaryImageOfPage\":{\"@id\":\"https:\\\/\\\/cuartetoenlaweb.com.ar\\\/sitio\\\/sofia-gonet-rompio-el-silencio-sobre-su-vinculo-con-ian-lucas-y-blanqueo-que-pasa-realmente-entre-ellos\\\/#primaryimage\"},\"image\":{\"@id\":\"https:\\\/\\\/cuartetoenlaweb.com.ar\\\/sitio\\\/sofia-gonet-rompio-el-silencio-sobre-su-vinculo-con-ian-lucas-y-blanqueo-que-pasa-realmente-entre-ellos\\\/#primaryimage\"},\"thumbnailUrl\":\"http:\\\/\\\/cuartetoenlaweb.com.ar\\\/sitio\\\/wp-content\\\/uploads\\\/2026\\\/04\\\/PORTADA-WEB-YO-QUIERO-SER-JAKE-GYLLENHAAL-359x226-63.jpg\",\"datePublished\":\"2026-04-26T03:59:49+00:00\",\"breadcrumb\":{\"@id\":\"https:\\\/\\\/cuartetoenlaweb.com.ar\\\/sitio\\\/sofia-gonet-rompio-el-silencio-sobre-su-vinculo-con-ian-lucas-y-blanqueo-que-pasa-realmente-entre-ellos\\\/#breadcrumb\"},\"inLanguage\":\"es\",\"potentialAction\":[{\"@type\":\"ReadAction\",\"target\":[\"https:\\\/\\\/cuartetoenlaweb.com.ar\\\/sitio\\\/sofia-gonet-rompio-el-silencio-sobre-su-vinculo-con-ian-lucas-y-blanqueo-que-pasa-realmente-entre-ellos\\\/\"]}]},{\"@type\":\"ImageObject\",\"inLanguage\":\"es\",\"@id\":\"https:\\\/\\\/cuartetoenlaweb.com.ar\\\/sitio\\\/sofia-gonet-rompio-el-silencio-sobre-su-vinculo-con-ian-lucas-y-blanqueo-que-pasa-realmente-entre-ellos\\\/#primaryimage\",\"url\":\"http:\\\/\\\/cuartetoenlaweb.com.ar\\\/sitio\\\/wp-content\\\/uploads\\\/2026\\\/04\\\/PORTADA-WEB-YO-QUIERO-SER-JAKE-GYLLENHAAL-359x226-63.jpg\",\"contentUrl\":\"http:\\\/\\\/cuartetoenlaweb.com.ar\\\/sitio\\\/wp-content\\\/uploads\\\/2026\\\/04\\\/PORTADA-WEB-YO-QUIERO-SER-JAKE-GYLLENHAAL-359x226-63.jpg\",\"width\":359,\"height\":226},{\"@type\":\"BreadcrumbList\",\"@id\":\"https:\\\/\\\/cuartetoenlaweb.com.ar\\\/sitio\\\/sofia-gonet-rompio-el-silencio-sobre-su-vinculo-con-ian-lucas-y-blanqueo-que-pasa-realmente-entre-ellos\\\/#breadcrumb\",\"itemListElement\":[{\"@type\":\"ListItem\",\"position\":1,\"name\":\"Portada\",\"item\":\"http:\\\/\\\/cuartetoenlaweb.com.ar\\\/sitio\\\/\"},{\"@type\":\"ListItem\",\"position\":2,\"name\":\"Sof\u00eda Gonet rompi\u00f3 el silencio sobre su v\u00ednculo con Ian Lucas y blanque\u00f3 qu\u00e9 pasa realmente entre ellos\"}]},{\"@type\":\"WebSite\",\"@id\":\"http:\\\/\\\/cuartetoenlaweb.com.ar\\\/sitio\\\/#website\",\"url\":\"http:\\\/\\\/cuartetoenlaweb.com.ar\\\/sitio\\\/\",\"name\":\"Cuarteto en la Web\",\"description\":\"\",\"publisher\":{\"@id\":\"http:\\\/\\\/cuartetoenlaweb.com.ar\\\/sitio\\\/#organization\"},\"potentialAction\":[{\"@type\":\"SearchAction\",\"target\":{\"@type\":\"EntryPoint\",\"urlTemplate\":\"http:\\\/\\\/cuartetoenlaweb.com.ar\\\/sitio\\\/?s={search_term_string}\"},\"query-input\":{\"@type\":\"PropertyValueSpecification\",\"valueRequired\":true,\"valueName\":\"search_term_string\"}}],\"inLanguage\":\"es\"},{\"@type\":\"Organization\",\"@id\":\"http:\\\/\\\/cuartetoenlaweb.com.ar\\\/sitio\\\/#organization\",\"name\":\"Cuarteto en la Web\",\"url\":\"http:\\\/\\\/cuartetoenlaweb.com.ar\\\/sitio\\\/\",\"logo\":{\"@type\":\"ImageObject\",\"inLanguage\":\"es\",\"@id\":\"http:\\\/\\\/cuartetoenlaweb.com.ar\\\/sitio\\\/#\\\/schema\\\/logo\\\/image\\\/\",\"url\":\"http:\\\/\\\/cuartetoenlaweb.com.ar\\\/sitio\\\/wp-content\\\/uploads\\\/2025\\\/07\\\/cropped-cropped-logitoweb21.png\",\"contentUrl\":\"http:\\\/\\\/cuartetoenlaweb.com.ar\\\/sitio\\\/wp-content\\\/uploads\\\/2025\\\/07\\\/cropped-cropped-logitoweb21.png\",\"width\":199,\"height\":199,\"caption\":\"Cuarteto en la Web\"},\"image\":{\"@id\":\"http:\\\/\\\/cuartetoenlaweb.com.ar\\\/sitio\\\/#\\\/schema\\\/logo\\\/image\\\/\"}}]}<\/script>\n<!-- \/ Yoast SEO plugin. -->","yoast_head_json":{"title":"Sof\u00eda Gonet rompi\u00f3 el silencio sobre su v\u00ednculo con Ian Lucas y blanque\u00f3 qu\u00e9 pasa realmente entre ellos - Cuarteto en la Web","robots":{"index":"index","follow":"follow","max-snippet":"max-snippet:-1","max-image-preview":"max-image-preview:large","max-video-preview":"max-video-preview:-1"},"canonical":"https:\/\/cuartetoenlaweb.com.ar\/sitio\/sofia-gonet-rompio-el-silencio-sobre-su-vinculo-con-ian-lucas-y-blanqueo-que-pasa-realmente-entre-ellos\/","og_locale":"es_ES","og_type":"article","og_title":"Sof\u00eda Gonet rompi\u00f3 el silencio sobre su v\u00ednculo con Ian Lucas y blanque\u00f3 qu\u00e9 pasa realmente entre ellos - Cuarteto en la Web","og_description":"Despu\u00e9s de semanas de especulaciones, finalmente lleg\u00f3 la palabra que","og_url":"https:\/\/cuartetoenlaweb.com.ar\/sitio\/sofia-gonet-rompio-el-silencio-sobre-su-vinculo-con-ian-lucas-y-blanqueo-que-pasa-realmente-entre-ellos\/","og_site_name":"Cuarteto en la Web","article_published_time":"2026-04-26T03:59:49+00:00","og_image":[{"url":"https:\/\/www.paparazzi.com.ar\/wp-content\/uploads\/2026\/04\/PORTADA-WEB-YO-QUIERO-SER-JAKE-GYLLENHAAL-359x226.jpg","type":"","width":"","height":""}],"twitter_card":"summary_large_image","twitter_misc":{"Tiempo de lectura":"2 minutos"},"schema":{"@context":"https:\/\/schema.org","@graph":[{"@type":"Article","@id":"https:\/\/cuartetoenlaweb.com.ar\/sitio\/sofia-gonet-rompio-el-silencio-sobre-su-vinculo-con-ian-lucas-y-blanqueo-que-pasa-realmente-entre-ellos\/#article","isPartOf":{"@id":"https:\/\/cuartetoenlaweb.com.ar\/sitio\/sofia-gonet-rompio-el-silencio-sobre-su-vinculo-con-ian-lucas-y-blanqueo-que-pasa-realmente-entre-ellos\/"},"author":{"name":"","@id":""},"headline":"Sof\u00eda Gonet rompi\u00f3 el silencio sobre su v\u00ednculo con Ian Lucas y blanque\u00f3 qu\u00e9 pasa realmente entre ellos","datePublished":"2026-04-26T03:59:49+00:00","mainEntityOfPage":{"@id":"https:\/\/cuartetoenlaweb.com.ar\/sitio\/sofia-gonet-rompio-el-silencio-sobre-su-vinculo-con-ian-lucas-y-blanqueo-que-pasa-realmente-entre-ellos\/"},"wordCount":497,"publisher":{"@id":"http:\/\/cuartetoenlaweb.com.ar\/sitio\/#organization"},"image":{"@id":"https:\/\/cuartetoenlaweb.com.ar\/sitio\/sofia-gonet-rompio-el-silencio-sobre-su-vinculo-con-ian-lucas-y-blanqueo-que-pasa-realmente-entre-ellos\/#primaryimage"},"thumbnailUrl":"http:\/\/cuartetoenlaweb.com.ar\/sitio\/wp-content\/uploads\/2026\/04\/PORTADA-WEB-YO-QUIERO-SER-JAKE-GYLLENHAAL-359x226-63.jpg","articleSection":["ESPECT\u00c1CULO"],"inLanguage":"es"},{"@type":"WebPage","@id":"https:\/\/cuartetoenlaweb.com.ar\/sitio\/sofia-gonet-rompio-el-silencio-sobre-su-vinculo-con-ian-lucas-y-blanqueo-que-pasa-realmente-entre-ellos\/","url":"https:\/\/cuartetoenlaweb.com.ar\/sitio\/sofia-gonet-rompio-el-silencio-sobre-su-vinculo-con-ian-lucas-y-blanqueo-que-pasa-realmente-entre-ellos\/","name":"Sof\u00eda Gonet rompi\u00f3 el silencio sobre su v\u00ednculo con Ian Lucas y blanque\u00f3 qu\u00e9 pasa realmente entre ellos - Cuarteto en la Web","isPartOf":{"@id":"http:\/\/cuartetoenlaweb.com.ar\/sitio\/#website"},"primaryImageOfPage":{"@id":"https:\/\/cuartetoenlaweb.com.ar\/sitio\/sofia-gonet-rompio-el-silencio-sobre-su-vinculo-con-ian-lucas-y-blanqueo-que-pasa-realmente-entre-ellos\/#primaryimage"},"image":{"@id":"https:\/\/cuartetoenlaweb.com.ar\/sitio\/sofia-gonet-rompio-el-silencio-sobre-su-vinculo-con-ian-lucas-y-blanqueo-que-pasa-realmente-entre-ellos\/#primaryimage"},"thumbnailUrl":"http:\/\/cuartetoenlaweb.com.ar\/sitio\/wp-content\/uploads\/2026\/04\/PORTADA-WEB-YO-QUIERO-SER-JAKE-GYLLENHAAL-359x226-63.jpg","datePublished":"2026-04-26T03:59:49+00:00","breadcrumb":{"@id":"https:\/\/cuartetoenlaweb.com.ar\/sitio\/sofia-gonet-rompio-el-silencio-sobre-su-vinculo-con-ian-lucas-y-blanqueo-que-pasa-realmente-entre-ellos\/#breadcrumb"},"inLanguage":"es","potentialAction":[{"@type":"ReadAction","target":["https:\/\/cuartetoenlaweb.com.ar\/sitio\/sofia-gonet-rompio-el-silencio-sobre-su-vinculo-con-ian-lucas-y-blanqueo-que-pasa-realmente-entre-ellos\/"]}]},{"@type":"ImageObject","inLanguage":"es","@id":"https:\/\/cuartetoenlaweb.com.ar\/sitio\/sofia-gonet-rompio-el-silencio-sobre-su-vinculo-con-ian-lucas-y-blanqueo-que-pasa-realmente-entre-ellos\/#primaryimage","url":"http:\/\/cuartetoenlaweb.com.ar\/sitio\/wp-content\/uploads\/2026\/04\/PORTADA-WEB-YO-QUIERO-SER-JAKE-GYLLENHAAL-359x226-63.jpg","contentUrl":"http:\/\/cuartetoenlaweb.com.ar\/sitio\/wp-content\/uploads\/2026\/04\/PORTADA-WEB-YO-QUIERO-SER-JAKE-GYLLENHAAL-359x226-63.jpg","width":359,"height":226},{"@type":"BreadcrumbList","@id":"https:\/\/cuartetoenlaweb.com.ar\/sitio\/sofia-gonet-rompio-el-silencio-sobre-su-vinculo-con-ian-lucas-y-blanqueo-que-pasa-realmente-entre-ellos\/#breadcrumb","itemListElement":[{"@type":"ListItem","position":1,"name":"Portada","item":"http:\/\/cuartetoenlaweb.com.ar\/sitio\/"},{"@type":"ListItem","position":2,"name":"Sof\u00eda Gonet rompi\u00f3 el silencio sobre su v\u00ednculo con Ian Lucas y blanque\u00f3 qu\u00e9 pasa realmente entre ellos"}]},{"@type":"WebSite","@id":"http:\/\/cuartetoenlaweb.com.ar\/sitio\/#website","url":"http:\/\/cuartetoenlaweb.com.ar\/sitio\/","name":"Cuarteto en la Web","description":"","publisher":{"@id":"http:\/\/cuartetoenlaweb.com.ar\/sitio\/#organization"},"potentialAction":[{"@type":"SearchAction","target":{"@type":"EntryPoint","urlTemplate":"http:\/\/cuartetoenlaweb.com.ar\/sitio\/?s={search_term_string}"},"query-input":{"@type":"PropertyValueSpecification","valueRequired":true,"valueName":"search_term_string"}}],"inLanguage":"es"},{"@type":"Organization","@id":"http:\/\/cuartetoenlaweb.com.ar\/sitio\/#organization","name":"Cuarteto en la Web","url":"http:\/\/cuartetoenlaweb.com.ar\/sitio\/","logo":{"@type":"ImageObject","inLanguage":"es","@id":"http:\/\/cuartetoenlaweb.com.ar\/sitio\/#\/schema\/logo\/image\/","url":"http:\/\/cuartetoenlaweb.com.ar\/sitio\/wp-content\/uploads\/2025\/07\/cropped-cropped-logitoweb21.png","contentUrl":"http:\/\/cuartetoenlaweb.com.ar\/sitio\/wp-content\/uploads\/2025\/07\/cropped-cropped-logitoweb21.png","width":199,"height":199,"caption":"Cuarteto en la Web"},"image":{"@id":"http:\/\/cuartetoenlaweb.com.ar\/sitio\/#\/schema\/logo\/image\/"}}]}},"_links":{"self":[{"href":"http:\/\/cuartetoenlaweb.com.ar\/sitio\/wp-json\/wp\/v2\/posts\/18922","targetHints":{"allow":["GET"]}}],"collection":[{"href":"http:\/\/cuartetoenlaweb.com.ar\/sitio\/wp-json\/wp\/v2\/posts"}],"about":[{"href":"http:\/\/cuartetoenlaweb.com.ar\/sitio\/wp-json\/wp\/v2\/types\/post"}],"replies":[{"embeddable":true,"href":"http:\/\/cuartetoenlaweb.com.ar\/sitio\/wp-json\/wp\/v2\/comments?post=18922"}],"version-history":[{"count":0,"href":"http:\/\/cuartetoenlaweb.com.ar\/sitio\/wp-json\/wp\/v2\/posts\/18922\/revisions"}],"wp:featuredmedia":[{"embeddable":true,"href":"http:\/\/cuartetoenlaweb.com.ar\/sitio\/wp-json\/wp\/v2\/media\/18923"}],"wp:attachment":[{"href":"http:\/\/cuartetoenlaweb.com.ar\/sitio\/wp-json\/wp\/v2\/media?parent=18922"}],"wp:term":[{"taxonomy":"category","embeddable":true,"href":"http:\/\/cuartetoenlaweb.com.ar\/sitio\/wp-json\/wp\/v2\/categories?post=18922"},{"taxonomy":"post_tag","embeddable":true,"href":"http:\/\/cuartetoenlaweb.com.ar\/sitio\/wp-json\/wp\/v2\/tags?post=18922"}],"curies":[{"name":"wp","href":"https:\/\/api.w.org\/{rel}","templated":true}]}}