
{"id":18920,"date":"2026-04-26T00:59:48","date_gmt":"2026-04-26T03:59:48","guid":{"rendered":"https:\/\/cuartetoenlaweb.com.ar\/sitio\/inquietud-por-la-salud-de-mirtha-legrand-se-ausento-de-su-programa-y-no-ira-a-los-martin-fierro\/"},"modified":"2026-04-26T00:59:48","modified_gmt":"2026-04-26T03:59:48","slug":"inquietud-por-la-salud-de-mirtha-legrand-se-ausento-de-su-programa-y-no-ira-a-los-martin-fierro","status":"publish","type":"post","link":"http:\/\/cuartetoenlaweb.com.ar\/sitio\/inquietud-por-la-salud-de-mirtha-legrand-se-ausento-de-su-programa-y-no-ira-a-los-martin-fierro\/","title":{"rendered":"Inquietud por la salud de Mirtha Legrand: se ausent\u00f3 de su programa y no ir\u00e1 a los Mart\u00edn Fierro"},"content":{"rendered":"<p>La ausencia de <strong><a href=\"https:\/\/www.paparazzi.com.ar\/?s=Mirtha+Legrand\">Mirtha Legrand<\/a> <\/strong>volvi\u00f3 a encender las alarmas entre sus seguidores. Este s\u00e1bado, la hist\u00f3rica conductora no estuvo al frente de su cl\u00e1sico programa y fue nuevamente reemplazada por su nieta,<strong> Juana Viale<\/strong>.<\/p>\n<p>Durante la emisi\u00f3n, <a href=\"https:\/\/www.paparazzi.com.ar\/teve\/crece-la-preocupacion-por-la-salud-de-mirtha-legrand-a-los-99-anos-por-que-culpan-a-nico-vazquez-de-su-enfermedad\/\">fue la propia Juana quien llev\u00f3 tranquilidad pero<\/a>, al mismo tiempo, confirm\u00f3 una noticia que no pas\u00f3 desapercibida: Mirtha tampoco estar\u00e1 presente en la gala de los Mart\u00edn Fierro de la Moda 2026, que se celebrar\u00e1n este domingo.<\/p>\n<p>\u201cEstamos las dos nominadas, pero voy a ir yo represent\u00e1ndola\u201d, explic\u00f3 la conductora, dejando en claro que ser\u00e1 ella <a href=\"https:\/\/www.paparazzi.com.ar\/teve\/revelaron-los-detalles-mas-delicados-de-la-salud-de-mirtha-legrand-y-hay-incertidumbre-los-medicos-tienen-miedo\/\">quien ocupe su lugar en una de las noches m\u00e1s importantes del espect\u00e1culo y la moda argentina<\/a>.<\/p>\n<div class=\"mt-box \">\n<h4 class=\"mt-heading\">Mir\u00e1 Tambi\u00e9n<\/h4>\n<p><a href=\"https:\/\/www.paparazzi.com.ar\/videos\/exclusivo-rodrigo-cascon-se-animo-a-ser-jake-gyllenhaal-y-se-comparo-con-el-galanazo-de-hollywood-disfrutaria-una-escena-sexual\/\"><\/p>\n<div class=\"mt-content\">\n<div class=\"mt-image-container\"><img decoding=\"async\" src=\"https:\/\/www.paparazzi.com.ar\/wp-content\/uploads\/2026\/04\/PORTADA-WEB-YO-QUIERO-SER-JAKE-GYLLENHAAL-359x226.jpg\" alt=\"\u00a1Exclusivo! Rodrigo Casc\u00f3n se anim\u00f3 a ser Jake Gyllenhaal y se compar\u00f3 con el galanazo de Hollywood: \u201cDisfrutar\u00eda una escena sexual\u201d\" class=\"mt-image\" loading=\"lazy\" \/><\/div>\n<h5 class=\"mt-title\">\u00a1Exclusivo! Rodrigo Casc\u00f3n se anim\u00f3 a ser Jake Gyllenhaal y se compar\u00f3 con el galanazo de Hollywood: \u201cDisfrutar\u00eda una escena sexual\u201d<\/h5>\n<\/div>\n<p><\/a><\/div>\n<p>Si bien no se brindaron mayores detalles al aire, en los \u00faltimos d\u00edas hab\u00eda trascendido que Mirtha Legrand ven\u00eda atravesando un cuadro gripal, lo que habr\u00eda derivado en la decisi\u00f3n de bajar su exposici\u00f3n y priorizar el descanso.<\/p>\n<p>La situaci\u00f3n gener\u00f3 preocupaci\u00f3n entre el p\u00fablico, especialmente teniendo en cuenta la importancia del evento al que deb\u00eda asistir. La presencia de Mirtha en este tipo de galas suele ser uno de los momentos m\u00e1s esperados, tanto por su estilo como por su peso hist\u00f3rico dentro de la televisi\u00f3n argentina.<\/p>\n<div class=\"mt-box \">\n<h4 class=\"mt-heading\">Mir\u00e1 Tambi\u00e9n<\/h4>\n<p><a href=\"https:\/\/www.paparazzi.com.ar\/teve\/crece-la-preocupacion-por-la-salud-de-mirtha-legrand-a-los-99-anos-por-que-culpan-a-nico-vazquez-de-su-enfermedad\/\"><\/p>\n<div class=\"mt-content\">\n<div class=\"mt-image-container\"><img decoding=\"async\" src=\"https:\/\/www.paparazzi.com.ar\/wp-content\/uploads\/2026\/01\/Mirtha-Legrand-abandono-Mar-del-Plata-en-plena-temporada-que-paso-con-La-Chiqui-359x226.jpg\" alt=\"Crece la preocupaci\u00f3n por la salud de Mirtha Legrand a los 99 a\u00f1os: d\u00f3nde empez\u00f3 su bronquitis\" class=\"mt-image\" loading=\"lazy\" \/><\/div>\n<h5 class=\"mt-title\">Crece la preocupaci\u00f3n por la salud de Mirtha Legrand a los 99 a\u00f1os: d\u00f3nde empez\u00f3 su bronquitis<\/h5>\n<\/div>\n<p><\/a><\/div>\n<p>En esta edici\u00f3n de los Mart\u00edn Fierro de la Moda 2026, adem\u00e1s, la conductora est\u00e1 nominada, lo que hac\u00eda a\u00fan m\u00e1s relevante su posible asistencia. Sin embargo, todo indica que su lugar ser\u00e1 ocupado por Juana, quien ya viene cumpliendo ese rol cada vez que su abuela decide ausentarse.<\/p>\n<p>Por el momento, no hubo un parte oficial m\u00e1s detallado sobre su estado de salud, pero el hecho de que no haya conducido su programa y que tampoco asista a la ceremonia encendi\u00f3 las alertas en redes sociales, donde muchos usuarios expresaron su preocupaci\u00f3n.<\/p>\n<div class=\"mt-box \">\n<h4 class=\"mt-heading\">Mir\u00e1 Tambi\u00e9n<\/h4>\n<p><a href=\"https:\/\/www.paparazzi.com.ar\/teve\/el-alarmante-dato-sobre-la-salud-de-mirtha-legrand-tras-su-problema-de-salud-despues-del-covid-ella\/\"><\/p>\n<div class=\"mt-content\">\n<div class=\"mt-image-container\"><img decoding=\"async\" src=\"https:\/\/www.paparazzi.com.ar\/wp-content\/uploads\/2025\/12\/El-durisimo-anuncio-que-impacto-en-el-programa-de-Mirtha-Legrand-22Necesita-un-nuevo-trasplante22--359x226.jpg\" alt=\"El alarmante dato sobre la salud de Mirtha Legrand tras su problema de salud: \u201cDespu\u00e9s del Covid, ella\u2026\u201d\" class=\"mt-image\" loading=\"lazy\" \/><\/div>\n<h5 class=\"mt-title\">El alarmante dato sobre la salud de Mirtha Legrand tras su problema de salud: \u201cDespu\u00e9s del Covid, ella\u2026\u201d<\/h5>\n<\/div>\n<p><\/a><\/div>\n<p>Mientras tanto, Juana Viale vuelve a tomar protagonismo, tanto en la conducci\u00f3n como en la representaci\u00f3n familiar en un evento clave.<\/p>\n<p>Habr\u00e1 que esperar c\u00f3mo evoluciona Mirtha en las pr\u00f3ximas horas. Por ahora, el foco est\u00e1 puesto en su recuperaci\u00f3n\u2026 y en una ausencia que, sin dudas, no pasar\u00e1 inadvertida.<\/p>\n<div class=\"mt-box \">\n<h4 class=\"mt-heading\">Mir\u00e1 Tambi\u00e9n<\/h4>\n<p><a href=\"https:\/\/www.paparazzi.com.ar\/teve\/la-impactante-ultima-aparicion-publica-de-mirtha-legrand-antes-de-caer-enferma-a-los-99-anos\/\"><\/p>\n<div class=\"mt-content\">\n<div class=\"mt-image-container\"><img decoding=\"async\" src=\"https:\/\/www.paparazzi.com.ar\/wp-content\/uploads\/2026\/04\/mirtha-legrand-359x226.jpg\" alt=\"La impactante \u00faltima aparici\u00f3n p\u00fablica de Mirtha Legrand antes de caer enferma a los 99 a\u00f1os\" class=\"mt-image\" loading=\"lazy\" \/><\/div>\n<h5 class=\"mt-title\">La impactante \u00faltima aparici\u00f3n p\u00fablica de Mirtha Legrand antes de caer enferma a los 99 a\u00f1os<\/h5>\n<\/div>\n<p><\/a><\/div>\n<div class=\"mt-box \">\n<h4 class=\"mt-heading\">Mir\u00e1 Tambi\u00e9n<\/h4>\n<p><a href=\"https:\/\/www.paparazzi.com.ar\/teve\/se-filtro-el-verdadero-problema-de-salud-de-mirtha-legrand-a-sus-99-anos-y-hay-preocupacion-no-es-gripe-ni-resfrio-tiene-una\/\"><\/p>\n<div class=\"mt-content\">\n<div class=\"mt-image-container\"><img decoding=\"async\" src=\"https:\/\/www.paparazzi.com.ar\/wp-content\/uploads\/2026\/04\/Mirtha-Legrand-1-359x226.jpg\" alt=\"Se filtr\u00f3 el verdadero problema de salud de Mirtha Legrand a sus 99 a\u00f1os y hay preocupaci\u00f3n: \u201cNo es gripe ni resfr\u00edo, tiene una\u2026\u201d\" class=\"mt-image\" loading=\"lazy\" \/><\/div>\n<h5 class=\"mt-title\">Se filtr\u00f3 el verdadero problema de salud de Mirtha Legrand a sus 99 a\u00f1os y hay preocupaci\u00f3n: \u201cNo es gripe ni resfr\u00edo, tiene una\u2026\u201d<\/h5>\n<\/div>\n<p><\/a><\/div>\n<p>The post <a href=\"https:\/\/www.paparazzi.com.ar\/teve\/inquietud-por-la-salud-de-mirtha-legrand-se-ausento-de-su-programa-y-no-ira-a-los-martin-fierro\/\">Inquietud por la salud de Mirtha Legrand: se ausent\u00f3 de su programa y no ir\u00e1 a los Mart\u00edn Fierro<\/a> appeared first on <a href=\"https:\/\/www.paparazzi.com.ar\">Revista Paparazzi<\/a>.<\/p>\n","protected":false},"excerpt":{"rendered":"<p>La ausencia de Mirtha Legrand volvi\u00f3 a encender las alarmas<\/p>\n","protected":false},"author":0,"featured_media":18921,"comment_status":"","ping_status":"","sticky":false,"template":"","format":"standard","meta":{"footnotes":""},"categories":[12],"tags":[],"class_list":["post-18920","post","type-post","status-publish","format-standard","has-post-thumbnail","hentry","category-espectaculo"],"yoast_head":"<!-- This site is optimized with the Yoast SEO plugin v27.4 - https:\/\/yoast.com\/product\/yoast-seo-wordpress\/ -->\n<title>Inquietud por la salud de Mirtha Legrand: se ausent\u00f3 de su programa y no ir\u00e1 a los Mart\u00edn Fierro - Cuarteto en la Web<\/title>\n<meta name=\"robots\" content=\"index, follow, max-snippet:-1, max-image-preview:large, max-video-preview:-1\" \/>\n<link rel=\"canonical\" href=\"https:\/\/cuartetoenlaweb.com.ar\/sitio\/inquietud-por-la-salud-de-mirtha-legrand-se-ausento-de-su-programa-y-no-ira-a-los-martin-fierro\/\" \/>\n<meta property=\"og:locale\" content=\"es_ES\" \/>\n<meta property=\"og:type\" content=\"article\" \/>\n<meta property=\"og:title\" content=\"Inquietud por la salud de Mirtha Legrand: se ausent\u00f3 de su programa y no ir\u00e1 a los Mart\u00edn Fierro - Cuarteto en la Web\" \/>\n<meta property=\"og:description\" content=\"La ausencia de Mirtha Legrand volvi\u00f3 a encender las alarmas\" \/>\n<meta property=\"og:url\" content=\"https:\/\/cuartetoenlaweb.com.ar\/sitio\/inquietud-por-la-salud-de-mirtha-legrand-se-ausento-de-su-programa-y-no-ira-a-los-martin-fierro\/\" \/>\n<meta property=\"og:site_name\" content=\"Cuarteto en la Web\" \/>\n<meta property=\"article:published_time\" content=\"2026-04-26T03:59:48+00:00\" \/>\n<meta property=\"og:image\" content=\"https:\/\/www.paparazzi.com.ar\/wp-content\/uploads\/2026\/04\/PORTADA-WEB-YO-QUIERO-SER-JAKE-GYLLENHAAL-359x226.jpg\" \/>\n<meta name=\"twitter:card\" content=\"summary_large_image\" \/>\n<meta name=\"twitter:label1\" content=\"Tiempo de lectura\" \/>\n\t<meta name=\"twitter:data1\" content=\"3 minutos\" \/>\n<script type=\"application\/ld+json\" class=\"yoast-schema-graph\">{\"@context\":\"https:\\\/\\\/schema.org\",\"@graph\":[{\"@type\":\"Article\",\"@id\":\"https:\\\/\\\/cuartetoenlaweb.com.ar\\\/sitio\\\/inquietud-por-la-salud-de-mirtha-legrand-se-ausento-de-su-programa-y-no-ira-a-los-martin-fierro\\\/#article\",\"isPartOf\":{\"@id\":\"https:\\\/\\\/cuartetoenlaweb.com.ar\\\/sitio\\\/inquietud-por-la-salud-de-mirtha-legrand-se-ausento-de-su-programa-y-no-ira-a-los-martin-fierro\\\/\"},\"author\":{\"name\":\"\",\"@id\":\"\"},\"headline\":\"Inquietud por la salud de Mirtha Legrand: se ausent\u00f3 de su programa y no ir\u00e1 a los Mart\u00edn Fierro\",\"datePublished\":\"2026-04-26T03:59:48+00:00\",\"mainEntityOfPage\":{\"@id\":\"https:\\\/\\\/cuartetoenlaweb.com.ar\\\/sitio\\\/inquietud-por-la-salud-de-mirtha-legrand-se-ausento-de-su-programa-y-no-ira-a-los-martin-fierro\\\/\"},\"wordCount\":543,\"publisher\":{\"@id\":\"http:\\\/\\\/cuartetoenlaweb.com.ar\\\/sitio\\\/#organization\"},\"image\":{\"@id\":\"https:\\\/\\\/cuartetoenlaweb.com.ar\\\/sitio\\\/inquietud-por-la-salud-de-mirtha-legrand-se-ausento-de-su-programa-y-no-ira-a-los-martin-fierro\\\/#primaryimage\"},\"thumbnailUrl\":\"http:\\\/\\\/cuartetoenlaweb.com.ar\\\/sitio\\\/wp-content\\\/uploads\\\/2026\\\/04\\\/PORTADA-WEB-YO-QUIERO-SER-JAKE-GYLLENHAAL-359x226-62.jpg\",\"articleSection\":[\"ESPECT\u00c1CULO\"],\"inLanguage\":\"es\"},{\"@type\":\"WebPage\",\"@id\":\"https:\\\/\\\/cuartetoenlaweb.com.ar\\\/sitio\\\/inquietud-por-la-salud-de-mirtha-legrand-se-ausento-de-su-programa-y-no-ira-a-los-martin-fierro\\\/\",\"url\":\"https:\\\/\\\/cuartetoenlaweb.com.ar\\\/sitio\\\/inquietud-por-la-salud-de-mirtha-legrand-se-ausento-de-su-programa-y-no-ira-a-los-martin-fierro\\\/\",\"name\":\"Inquietud por la salud de Mirtha Legrand: se ausent\u00f3 de su programa y no ir\u00e1 a los Mart\u00edn Fierro - Cuarteto en la Web\",\"isPartOf\":{\"@id\":\"http:\\\/\\\/cuartetoenlaweb.com.ar\\\/sitio\\\/#website\"},\"primaryImageOfPage\":{\"@id\":\"https:\\\/\\\/cuartetoenlaweb.com.ar\\\/sitio\\\/inquietud-por-la-salud-de-mirtha-legrand-se-ausento-de-su-programa-y-no-ira-a-los-martin-fierro\\\/#primaryimage\"},\"image\":{\"@id\":\"https:\\\/\\\/cuartetoenlaweb.com.ar\\\/sitio\\\/inquietud-por-la-salud-de-mirtha-legrand-se-ausento-de-su-programa-y-no-ira-a-los-martin-fierro\\\/#primaryimage\"},\"thumbnailUrl\":\"http:\\\/\\\/cuartetoenlaweb.com.ar\\\/sitio\\\/wp-content\\\/uploads\\\/2026\\\/04\\\/PORTADA-WEB-YO-QUIERO-SER-JAKE-GYLLENHAAL-359x226-62.jpg\",\"datePublished\":\"2026-04-26T03:59:48+00:00\",\"breadcrumb\":{\"@id\":\"https:\\\/\\\/cuartetoenlaweb.com.ar\\\/sitio\\\/inquietud-por-la-salud-de-mirtha-legrand-se-ausento-de-su-programa-y-no-ira-a-los-martin-fierro\\\/#breadcrumb\"},\"inLanguage\":\"es\",\"potentialAction\":[{\"@type\":\"ReadAction\",\"target\":[\"https:\\\/\\\/cuartetoenlaweb.com.ar\\\/sitio\\\/inquietud-por-la-salud-de-mirtha-legrand-se-ausento-de-su-programa-y-no-ira-a-los-martin-fierro\\\/\"]}]},{\"@type\":\"ImageObject\",\"inLanguage\":\"es\",\"@id\":\"https:\\\/\\\/cuartetoenlaweb.com.ar\\\/sitio\\\/inquietud-por-la-salud-de-mirtha-legrand-se-ausento-de-su-programa-y-no-ira-a-los-martin-fierro\\\/#primaryimage\",\"url\":\"http:\\\/\\\/cuartetoenlaweb.com.ar\\\/sitio\\\/wp-content\\\/uploads\\\/2026\\\/04\\\/PORTADA-WEB-YO-QUIERO-SER-JAKE-GYLLENHAAL-359x226-62.jpg\",\"contentUrl\":\"http:\\\/\\\/cuartetoenlaweb.com.ar\\\/sitio\\\/wp-content\\\/uploads\\\/2026\\\/04\\\/PORTADA-WEB-YO-QUIERO-SER-JAKE-GYLLENHAAL-359x226-62.jpg\",\"width\":359,\"height\":226},{\"@type\":\"BreadcrumbList\",\"@id\":\"https:\\\/\\\/cuartetoenlaweb.com.ar\\\/sitio\\\/inquietud-por-la-salud-de-mirtha-legrand-se-ausento-de-su-programa-y-no-ira-a-los-martin-fierro\\\/#breadcrumb\",\"itemListElement\":[{\"@type\":\"ListItem\",\"position\":1,\"name\":\"Portada\",\"item\":\"http:\\\/\\\/cuartetoenlaweb.com.ar\\\/sitio\\\/\"},{\"@type\":\"ListItem\",\"position\":2,\"name\":\"Inquietud por la salud de Mirtha Legrand: se ausent\u00f3 de su programa y no ir\u00e1 a los Mart\u00edn Fierro\"}]},{\"@type\":\"WebSite\",\"@id\":\"http:\\\/\\\/cuartetoenlaweb.com.ar\\\/sitio\\\/#website\",\"url\":\"http:\\\/\\\/cuartetoenlaweb.com.ar\\\/sitio\\\/\",\"name\":\"Cuarteto en la Web\",\"description\":\"\",\"publisher\":{\"@id\":\"http:\\\/\\\/cuartetoenlaweb.com.ar\\\/sitio\\\/#organization\"},\"potentialAction\":[{\"@type\":\"SearchAction\",\"target\":{\"@type\":\"EntryPoint\",\"urlTemplate\":\"http:\\\/\\\/cuartetoenlaweb.com.ar\\\/sitio\\\/?s={search_term_string}\"},\"query-input\":{\"@type\":\"PropertyValueSpecification\",\"valueRequired\":true,\"valueName\":\"search_term_string\"}}],\"inLanguage\":\"es\"},{\"@type\":\"Organization\",\"@id\":\"http:\\\/\\\/cuartetoenlaweb.com.ar\\\/sitio\\\/#organization\",\"name\":\"Cuarteto en la Web\",\"url\":\"http:\\\/\\\/cuartetoenlaweb.com.ar\\\/sitio\\\/\",\"logo\":{\"@type\":\"ImageObject\",\"inLanguage\":\"es\",\"@id\":\"http:\\\/\\\/cuartetoenlaweb.com.ar\\\/sitio\\\/#\\\/schema\\\/logo\\\/image\\\/\",\"url\":\"http:\\\/\\\/cuartetoenlaweb.com.ar\\\/sitio\\\/wp-content\\\/uploads\\\/2025\\\/07\\\/cropped-cropped-logitoweb21.png\",\"contentUrl\":\"http:\\\/\\\/cuartetoenlaweb.com.ar\\\/sitio\\\/wp-content\\\/uploads\\\/2025\\\/07\\\/cropped-cropped-logitoweb21.png\",\"width\":199,\"height\":199,\"caption\":\"Cuarteto en la Web\"},\"image\":{\"@id\":\"http:\\\/\\\/cuartetoenlaweb.com.ar\\\/sitio\\\/#\\\/schema\\\/logo\\\/image\\\/\"}}]}<\/script>\n<!-- \/ Yoast SEO plugin. -->","yoast_head_json":{"title":"Inquietud por la salud de Mirtha Legrand: se ausent\u00f3 de su programa y no ir\u00e1 a los Mart\u00edn Fierro - Cuarteto en la Web","robots":{"index":"index","follow":"follow","max-snippet":"max-snippet:-1","max-image-preview":"max-image-preview:large","max-video-preview":"max-video-preview:-1"},"canonical":"https:\/\/cuartetoenlaweb.com.ar\/sitio\/inquietud-por-la-salud-de-mirtha-legrand-se-ausento-de-su-programa-y-no-ira-a-los-martin-fierro\/","og_locale":"es_ES","og_type":"article","og_title":"Inquietud por la salud de Mirtha Legrand: se ausent\u00f3 de su programa y no ir\u00e1 a los Mart\u00edn Fierro - Cuarteto en la Web","og_description":"La ausencia de Mirtha Legrand volvi\u00f3 a encender las alarmas","og_url":"https:\/\/cuartetoenlaweb.com.ar\/sitio\/inquietud-por-la-salud-de-mirtha-legrand-se-ausento-de-su-programa-y-no-ira-a-los-martin-fierro\/","og_site_name":"Cuarteto en la Web","article_published_time":"2026-04-26T03:59:48+00:00","og_image":[{"url":"https:\/\/www.paparazzi.com.ar\/wp-content\/uploads\/2026\/04\/PORTADA-WEB-YO-QUIERO-SER-JAKE-GYLLENHAAL-359x226.jpg","type":"","width":"","height":""}],"twitter_card":"summary_large_image","twitter_misc":{"Tiempo de lectura":"3 minutos"},"schema":{"@context":"https:\/\/schema.org","@graph":[{"@type":"Article","@id":"https:\/\/cuartetoenlaweb.com.ar\/sitio\/inquietud-por-la-salud-de-mirtha-legrand-se-ausento-de-su-programa-y-no-ira-a-los-martin-fierro\/#article","isPartOf":{"@id":"https:\/\/cuartetoenlaweb.com.ar\/sitio\/inquietud-por-la-salud-de-mirtha-legrand-se-ausento-de-su-programa-y-no-ira-a-los-martin-fierro\/"},"author":{"name":"","@id":""},"headline":"Inquietud por la salud de Mirtha Legrand: se ausent\u00f3 de su programa y no ir\u00e1 a los Mart\u00edn Fierro","datePublished":"2026-04-26T03:59:48+00:00","mainEntityOfPage":{"@id":"https:\/\/cuartetoenlaweb.com.ar\/sitio\/inquietud-por-la-salud-de-mirtha-legrand-se-ausento-de-su-programa-y-no-ira-a-los-martin-fierro\/"},"wordCount":543,"publisher":{"@id":"http:\/\/cuartetoenlaweb.com.ar\/sitio\/#organization"},"image":{"@id":"https:\/\/cuartetoenlaweb.com.ar\/sitio\/inquietud-por-la-salud-de-mirtha-legrand-se-ausento-de-su-programa-y-no-ira-a-los-martin-fierro\/#primaryimage"},"thumbnailUrl":"http:\/\/cuartetoenlaweb.com.ar\/sitio\/wp-content\/uploads\/2026\/04\/PORTADA-WEB-YO-QUIERO-SER-JAKE-GYLLENHAAL-359x226-62.jpg","articleSection":["ESPECT\u00c1CULO"],"inLanguage":"es"},{"@type":"WebPage","@id":"https:\/\/cuartetoenlaweb.com.ar\/sitio\/inquietud-por-la-salud-de-mirtha-legrand-se-ausento-de-su-programa-y-no-ira-a-los-martin-fierro\/","url":"https:\/\/cuartetoenlaweb.com.ar\/sitio\/inquietud-por-la-salud-de-mirtha-legrand-se-ausento-de-su-programa-y-no-ira-a-los-martin-fierro\/","name":"Inquietud por la salud de Mirtha Legrand: se ausent\u00f3 de su programa y no ir\u00e1 a los Mart\u00edn Fierro - Cuarteto en la Web","isPartOf":{"@id":"http:\/\/cuartetoenlaweb.com.ar\/sitio\/#website"},"primaryImageOfPage":{"@id":"https:\/\/cuartetoenlaweb.com.ar\/sitio\/inquietud-por-la-salud-de-mirtha-legrand-se-ausento-de-su-programa-y-no-ira-a-los-martin-fierro\/#primaryimage"},"image":{"@id":"https:\/\/cuartetoenlaweb.com.ar\/sitio\/inquietud-por-la-salud-de-mirtha-legrand-se-ausento-de-su-programa-y-no-ira-a-los-martin-fierro\/#primaryimage"},"thumbnailUrl":"http:\/\/cuartetoenlaweb.com.ar\/sitio\/wp-content\/uploads\/2026\/04\/PORTADA-WEB-YO-QUIERO-SER-JAKE-GYLLENHAAL-359x226-62.jpg","datePublished":"2026-04-26T03:59:48+00:00","breadcrumb":{"@id":"https:\/\/cuartetoenlaweb.com.ar\/sitio\/inquietud-por-la-salud-de-mirtha-legrand-se-ausento-de-su-programa-y-no-ira-a-los-martin-fierro\/#breadcrumb"},"inLanguage":"es","potentialAction":[{"@type":"ReadAction","target":["https:\/\/cuartetoenlaweb.com.ar\/sitio\/inquietud-por-la-salud-de-mirtha-legrand-se-ausento-de-su-programa-y-no-ira-a-los-martin-fierro\/"]}]},{"@type":"ImageObject","inLanguage":"es","@id":"https:\/\/cuartetoenlaweb.com.ar\/sitio\/inquietud-por-la-salud-de-mirtha-legrand-se-ausento-de-su-programa-y-no-ira-a-los-martin-fierro\/#primaryimage","url":"http:\/\/cuartetoenlaweb.com.ar\/sitio\/wp-content\/uploads\/2026\/04\/PORTADA-WEB-YO-QUIERO-SER-JAKE-GYLLENHAAL-359x226-62.jpg","contentUrl":"http:\/\/cuartetoenlaweb.com.ar\/sitio\/wp-content\/uploads\/2026\/04\/PORTADA-WEB-YO-QUIERO-SER-JAKE-GYLLENHAAL-359x226-62.jpg","width":359,"height":226},{"@type":"BreadcrumbList","@id":"https:\/\/cuartetoenlaweb.com.ar\/sitio\/inquietud-por-la-salud-de-mirtha-legrand-se-ausento-de-su-programa-y-no-ira-a-los-martin-fierro\/#breadcrumb","itemListElement":[{"@type":"ListItem","position":1,"name":"Portada","item":"http:\/\/cuartetoenlaweb.com.ar\/sitio\/"},{"@type":"ListItem","position":2,"name":"Inquietud por la salud de Mirtha Legrand: se ausent\u00f3 de su programa y no ir\u00e1 a los Mart\u00edn Fierro"}]},{"@type":"WebSite","@id":"http:\/\/cuartetoenlaweb.com.ar\/sitio\/#website","url":"http:\/\/cuartetoenlaweb.com.ar\/sitio\/","name":"Cuarteto en la Web","description":"","publisher":{"@id":"http:\/\/cuartetoenlaweb.com.ar\/sitio\/#organization"},"potentialAction":[{"@type":"SearchAction","target":{"@type":"EntryPoint","urlTemplate":"http:\/\/cuartetoenlaweb.com.ar\/sitio\/?s={search_term_string}"},"query-input":{"@type":"PropertyValueSpecification","valueRequired":true,"valueName":"search_term_string"}}],"inLanguage":"es"},{"@type":"Organization","@id":"http:\/\/cuartetoenlaweb.com.ar\/sitio\/#organization","name":"Cuarteto en la Web","url":"http:\/\/cuartetoenlaweb.com.ar\/sitio\/","logo":{"@type":"ImageObject","inLanguage":"es","@id":"http:\/\/cuartetoenlaweb.com.ar\/sitio\/#\/schema\/logo\/image\/","url":"http:\/\/cuartetoenlaweb.com.ar\/sitio\/wp-content\/uploads\/2025\/07\/cropped-cropped-logitoweb21.png","contentUrl":"http:\/\/cuartetoenlaweb.com.ar\/sitio\/wp-content\/uploads\/2025\/07\/cropped-cropped-logitoweb21.png","width":199,"height":199,"caption":"Cuarteto en la Web"},"image":{"@id":"http:\/\/cuartetoenlaweb.com.ar\/sitio\/#\/schema\/logo\/image\/"}}]}},"_links":{"self":[{"href":"http:\/\/cuartetoenlaweb.com.ar\/sitio\/wp-json\/wp\/v2\/posts\/18920","targetHints":{"allow":["GET"]}}],"collection":[{"href":"http:\/\/cuartetoenlaweb.com.ar\/sitio\/wp-json\/wp\/v2\/posts"}],"about":[{"href":"http:\/\/cuartetoenlaweb.com.ar\/sitio\/wp-json\/wp\/v2\/types\/post"}],"replies":[{"embeddable":true,"href":"http:\/\/cuartetoenlaweb.com.ar\/sitio\/wp-json\/wp\/v2\/comments?post=18920"}],"version-history":[{"count":0,"href":"http:\/\/cuartetoenlaweb.com.ar\/sitio\/wp-json\/wp\/v2\/posts\/18920\/revisions"}],"wp:featuredmedia":[{"embeddable":true,"href":"http:\/\/cuartetoenlaweb.com.ar\/sitio\/wp-json\/wp\/v2\/media\/18921"}],"wp:attachment":[{"href":"http:\/\/cuartetoenlaweb.com.ar\/sitio\/wp-json\/wp\/v2\/media?parent=18920"}],"wp:term":[{"taxonomy":"category","embeddable":true,"href":"http:\/\/cuartetoenlaweb.com.ar\/sitio\/wp-json\/wp\/v2\/categories?post=18920"},{"taxonomy":"post_tag","embeddable":true,"href":"http:\/\/cuartetoenlaweb.com.ar\/sitio\/wp-json\/wp\/v2\/tags?post=18920"}],"curies":[{"name":"wp","href":"https:\/\/api.w.org\/{rel}","templated":true}]}}