
{"id":18808,"date":"2026-04-24T23:00:01","date_gmt":"2026-04-25T02:00:01","guid":{"rendered":"https:\/\/cuartetoenlaweb.com.ar\/sitio\/se-pudrio-todo-maria-julia-olivan-conto-por-que-echo-sin-miramientos-a-su-amiga-fernanda-iglesias-desbordada\/"},"modified":"2026-04-24T23:00:01","modified_gmt":"2026-04-25T02:00:01","slug":"se-pudrio-todo-maria-julia-olivan-conto-por-que-echo-sin-miramientos-a-su-amiga-fernanda-iglesias-desbordada","status":"publish","type":"post","link":"http:\/\/cuartetoenlaweb.com.ar\/sitio\/se-pudrio-todo-maria-julia-olivan-conto-por-que-echo-sin-miramientos-a-su-amiga-fernanda-iglesias-desbordada\/","title":{"rendered":"\u00a1Se pudri\u00f3 todo! Mar\u00eda Julia Oliv\u00e1n cont\u00f3 por qu\u00e9 ech\u00f3 sin miramientos a su amiga Fernanda Iglesias: &quot;Desbordada&quot;\u00a0"},"content":{"rendered":"<p>Ni bien comenz\u00f3 <em>Que miedo<\/em>, el programa que conduce <strong>Mar\u00eda Julia Olivan<\/strong> en el streaming <em>Border<\/em>, del cual es due\u00f1a tambi\u00e9n, su compa\u00f1era y colega Fernanda Iglesias brill\u00f3 por su ausencia. A lo que fue ella misma quien, ante de que escuche la otra campa\u00f1a, sali\u00f3 a contar su versi\u00f3n de esa baja del d\u00eda.<\/p>\n<p>Refiri\u00e9ndose a <strong>Fernanda Iglesias<\/strong>, quien no estaba en esta oportunidad y como deber\u00eda ser sentada a su lado, la comunicadora lanz\u00f3: \u201cNo est\u00e1 <a href=\"https:\/\/www.paparazzi.com.ar\/teve\/fernanda-iglesias-revelo-el-horrible-comentario-que-maria-julia-olivan-hizo-sobre-su-cuerpo-me-dijo-que-estaba-muy\/\" id=\"https:\/\/www.paparazzi.com.ar\/teve\/fernanda-iglesias-revelo-el-horrible-comentario-que-maria-julia-olivan-hizo-sobre-su-cuerpo-me-dijo-que-estaba-muy\/\">Fernanda<\/a>, pero est\u00e1bamos trabajando hasta hace un ratito, este es un momento en el que cantamos, la pasamos bien y tiene mucha repercusi\u00f3n, nos ha ido muy bien\u00bb.<\/p>\n<p>\u00abReci\u00e9n est\u00e1bamos hablando y yo le ped\u00ed que cuando toque temas que involucran al espect\u00e1culo y la pol\u00edtica me avise con un poquito m\u00e1s de anticipaci\u00f3n porque reci\u00e9n me ve\u00eda desbordada buscando informaci\u00f3n de \u00faltimo momento\u00bb, continu\u00f3 Olivan argumentando su postura.<\/p>\n<div class=\"mt-box \">\n<h4 class=\"mt-heading\">Mir\u00e1 Tambi\u00e9n<\/h4>\n<p><a href=\"https:\/\/www.paparazzi.com.ar\/teve\/se-termino-mariana-brey-confirmo-el-final-mas-abrupto-luego-de-2-anos-de-polemicas\/\"><\/p>\n<div class=\"mt-content\">\n<div class=\"mt-image-container\"><img decoding=\"async\" src=\"https:\/\/www.paparazzi.com.ar\/wp-content\/uploads\/2025\/12\/Mariana-Brey-359x226.jpg\" alt=\"Se termin\u00f3: Mariana Brey confirm\u00f3 el final m\u00e1s abrupto luego de 2 a\u00f1os de pol\u00e9micas\" class=\"mt-image\" loading=\"lazy\" \/><\/div>\n<h5 class=\"mt-title\">Se termin\u00f3: Mariana Brey confirm\u00f3 el final m\u00e1s abrupto luego de 2 a\u00f1os de pol\u00e9micas<\/h5>\n<\/div>\n<p><\/a><\/div>\n<p>Fue entonces que <a href=\"https:\/\/www.paparazzi.com.ar\/teve\/maria-julia-olivan-mostro-las-tremendas-cicatrices-que-le-dejo-la-quemadura-las-imagenes-mas-crudas-que-eligio\/\" id=\"https:\/\/www.paparazzi.com.ar\/teve\/maria-julia-olivan-mostro-las-tremendas-cicatrices-que-le-dejo-la-quemadura-las-imagenes-mas-crudas-que-eligio\/\">Mar\u00eda Julia <\/a>profundiz\u00f3: \u201cComo soy la due\u00f1a de este medio, hago cuatro programas por semana, ustedes saben que tengo un ni\u00f1o con autismo. Fernanda me dijo &#8216;nunca me pediste esto&#8217; y le dije &#8216;bueno, pero te lo pido ahora&#8217;, a m\u00ed tampoco me interesa el espect\u00e1culo en s\u00ed, si no puedo hacer alg\u00fan peque\u00f1o aporte\u00bb.<\/p>\n<h2 class=\"wp-block-heading\">OLIVAN MARCO TERRENO Y LA RAJO A IGLESIAS<\/h2>\n<p>\u00abCuesti\u00f3n que se enoj\u00f3, me dijo que le estaba hablando muy mal, que nadie me aguantaba, entonces le dije que no hagamos el programa y se fuera\u00bb, continu\u00f3 Olivan quien, desde su postura y punto de vista, pretendi\u00f3 dejar en claro que ella no provoc\u00f3 esa discusi\u00f3n.<\/p>\n<p>Finalmente,<a href=\"https:\/\/www.paparazzi.com.ar\/teve\/maria-julia-olivan-conto-como-logro-sobrevivir-tras-quemarse-el-25-de-su-cuerpo\/\" id=\"https:\/\/www.paparazzi.com.ar\/teve\/maria-julia-olivan-conto-como-logro-sobrevivir-tras-quemarse-el-25-de-su-cuerpo\/\">la conductora y due\u00f1a de Border <\/a>remat\u00f3: \u00abMe dijo que s\u00ed, que se iba a ir porque soy insoportable y no me aguanta nadie. Ya est\u00e1. Cuando se pasa una barrera, chau. Quiero informaci\u00f3n. No me importa porque voy al frente, hago lo que siento y sent\u00ed que con Fernanda \u00edbamos a hacer un \u00e9xito\u201d.<\/p>\n<figure class=\"wp-block-image size-full\"><img decoding=\"async\" width=\"193\" height=\"258\" src=\"https:\/\/www.paparazzi.com.ar\/wp-content\/uploads\/2026\/04\/olivan-ferigle.jpeg.webp\" loading=\"lazy\" alt=\"\" class=\"wp-image-475146\" \/><\/figure>\n<div class=\"mt-box \">\n<h4 class=\"mt-heading\">Mir\u00e1 Tambi\u00e9n<\/h4>\n<p><a href=\"https:\/\/www.paparazzi.com.ar\/romances\/se-olvido-de-evangelina-anderson-el-nuevo-romance-de-martin-demichelis-en-espana\/\"><\/p>\n<div class=\"mt-content\">\n<div class=\"mt-image-container\"><img decoding=\"async\" src=\"https:\/\/www.paparazzi.com.ar\/wp-content\/uploads\/2026\/04\/Martin-Demichelis-Evangelina-Anderson-359x226.jpg\" alt=\"Se olvid\u00f3 de Evangelina Anderson: el nuevo romance de Mart\u00edn Demichelis en Espa\u00f1a\" class=\"mt-image\" loading=\"lazy\" \/><\/div>\n<h5 class=\"mt-title\">Se olvid\u00f3 de Evangelina Anderson: el nuevo romance de Mart\u00edn Demichelis en Espa\u00f1a<\/h5>\n<\/div>\n<p><\/a><\/div>\n<div class=\"mt-box \">\n<h4 class=\"mt-heading\">Mir\u00e1 Tambi\u00e9n<\/h4>\n<p><a href=\"https:\/\/www.paparazzi.com.ar\/romances\/benjamin-vicuna-exploto-contra-la-china-suarez-por-llevarse-a-sus-hijos-para-seguir-a-mauro-icardi-los-chicos-tienen-que\/\"><\/p>\n<div class=\"mt-content\">\n<div class=\"mt-image-container\"><img decoding=\"async\" src=\"https:\/\/www.paparazzi.com.ar\/wp-content\/uploads\/2026\/04\/benjamin-vicuna-mauro-icardi-china-suarez-359x226.jpg\" alt=\"Benjam\u00edn Vicu\u00f1a explot\u00f3 contra la China Su\u00e1rez por llevarse a sus hijos para seguir a Mauro Icardi: &quot;Los chicos tienen que...&quot;\" class=\"mt-image\" loading=\"lazy\" \/><\/div>\n<h5 class=\"mt-title\">Benjam\u00edn Vicu\u00f1a explot\u00f3 contra la China Su\u00e1rez por llevarse a sus hijos para seguir a Mauro Icardi: \u00abLos chicos tienen que&#8230;\u00bb<\/h5>\n<\/div>\n<p><\/a><\/div>\n<p>The post <a href=\"https:\/\/www.paparazzi.com.ar\/teve\/se-pudrio-todo-maria-julia-olivan-conto-por-que-echo-sin-miramientos-a-su-amiga-fernanda-iglesias-desbordada\/\">\u00a1Se pudri\u00f3 todo! Mar\u00eda Julia Oliv\u00e1n cont\u00f3 por qu\u00e9 ech\u00f3 sin miramientos a su amiga Fernanda Iglesias: &quot;Desbordada&quot;\u00a0<\/a> appeared first on <a href=\"https:\/\/www.paparazzi.com.ar\">Revista Paparazzi<\/a>.<\/p>\n","protected":false},"excerpt":{"rendered":"<p>Ni bien comenz\u00f3 Que miedo, el programa que conduce Mar\u00eda<\/p>\n","protected":false},"author":0,"featured_media":18809,"comment_status":"","ping_status":"","sticky":false,"template":"","format":"standard","meta":{"footnotes":""},"categories":[12],"tags":[],"class_list":["post-18808","post","type-post","status-publish","format-standard","has-post-thumbnail","hentry","category-espectaculo"],"yoast_head":"<!-- This site is optimized with the Yoast SEO plugin v27.4 - https:\/\/yoast.com\/product\/yoast-seo-wordpress\/ -->\n<title>\u00a1Se pudri\u00f3 todo! Mar\u00eda Julia Oliv\u00e1n cont\u00f3 por qu\u00e9 ech\u00f3 sin miramientos a su amiga Fernanda Iglesias: &quot;Desbordada&quot;\u00a0 - Cuarteto en la Web<\/title>\n<meta name=\"robots\" content=\"index, follow, max-snippet:-1, max-image-preview:large, max-video-preview:-1\" \/>\n<link rel=\"canonical\" href=\"https:\/\/cuartetoenlaweb.com.ar\/sitio\/se-pudrio-todo-maria-julia-olivan-conto-por-que-echo-sin-miramientos-a-su-amiga-fernanda-iglesias-desbordada\/\" \/>\n<meta property=\"og:locale\" content=\"es_ES\" \/>\n<meta property=\"og:type\" content=\"article\" \/>\n<meta property=\"og:title\" content=\"\u00a1Se pudri\u00f3 todo! Mar\u00eda Julia Oliv\u00e1n cont\u00f3 por qu\u00e9 ech\u00f3 sin miramientos a su amiga Fernanda Iglesias: &quot;Desbordada&quot;\u00a0 - Cuarteto en la Web\" \/>\n<meta property=\"og:description\" content=\"Ni bien comenz\u00f3 Que miedo, el programa que conduce Mar\u00eda\" \/>\n<meta property=\"og:url\" content=\"https:\/\/cuartetoenlaweb.com.ar\/sitio\/se-pudrio-todo-maria-julia-olivan-conto-por-que-echo-sin-miramientos-a-su-amiga-fernanda-iglesias-desbordada\/\" \/>\n<meta property=\"og:site_name\" content=\"Cuarteto en la Web\" \/>\n<meta property=\"article:published_time\" content=\"2026-04-25T02:00:01+00:00\" \/>\n<meta property=\"og:image\" content=\"https:\/\/www.paparazzi.com.ar\/wp-content\/uploads\/2025\/12\/Mariana-Brey-359x226.jpg\" \/>\n<meta name=\"twitter:card\" content=\"summary_large_image\" \/>\n<meta name=\"twitter:label1\" content=\"Tiempo de lectura\" \/>\n\t<meta name=\"twitter:data1\" content=\"2 minutos\" \/>\n<script type=\"application\/ld+json\" class=\"yoast-schema-graph\">{\"@context\":\"https:\\\/\\\/schema.org\",\"@graph\":[{\"@type\":\"Article\",\"@id\":\"https:\\\/\\\/cuartetoenlaweb.com.ar\\\/sitio\\\/se-pudrio-todo-maria-julia-olivan-conto-por-que-echo-sin-miramientos-a-su-amiga-fernanda-iglesias-desbordada\\\/#article\",\"isPartOf\":{\"@id\":\"https:\\\/\\\/cuartetoenlaweb.com.ar\\\/sitio\\\/se-pudrio-todo-maria-julia-olivan-conto-por-que-echo-sin-miramientos-a-su-amiga-fernanda-iglesias-desbordada\\\/\"},\"author\":{\"name\":\"\",\"@id\":\"\"},\"headline\":\"\u00a1Se pudri\u00f3 todo! Mar\u00eda Julia Oliv\u00e1n cont\u00f3 por qu\u00e9 ech\u00f3 sin miramientos a su amiga Fernanda Iglesias: &quot;Desbordada&quot;\u00a0\",\"datePublished\":\"2026-04-25T02:00:01+00:00\",\"mainEntityOfPage\":{\"@id\":\"https:\\\/\\\/cuartetoenlaweb.com.ar\\\/sitio\\\/se-pudrio-todo-maria-julia-olivan-conto-por-que-echo-sin-miramientos-a-su-amiga-fernanda-iglesias-desbordada\\\/\"},\"wordCount\":462,\"publisher\":{\"@id\":\"http:\\\/\\\/cuartetoenlaweb.com.ar\\\/sitio\\\/#organization\"},\"image\":{\"@id\":\"https:\\\/\\\/cuartetoenlaweb.com.ar\\\/sitio\\\/se-pudrio-todo-maria-julia-olivan-conto-por-que-echo-sin-miramientos-a-su-amiga-fernanda-iglesias-desbordada\\\/#primaryimage\"},\"thumbnailUrl\":\"http:\\\/\\\/cuartetoenlaweb.com.ar\\\/sitio\\\/wp-content\\\/uploads\\\/2026\\\/04\\\/Mariana-Brey-359x226-1.jpg\",\"articleSection\":[\"ESPECT\u00c1CULO\"],\"inLanguage\":\"es\"},{\"@type\":\"WebPage\",\"@id\":\"https:\\\/\\\/cuartetoenlaweb.com.ar\\\/sitio\\\/se-pudrio-todo-maria-julia-olivan-conto-por-que-echo-sin-miramientos-a-su-amiga-fernanda-iglesias-desbordada\\\/\",\"url\":\"https:\\\/\\\/cuartetoenlaweb.com.ar\\\/sitio\\\/se-pudrio-todo-maria-julia-olivan-conto-por-que-echo-sin-miramientos-a-su-amiga-fernanda-iglesias-desbordada\\\/\",\"name\":\"\u00a1Se pudri\u00f3 todo! Mar\u00eda Julia Oliv\u00e1n cont\u00f3 por qu\u00e9 ech\u00f3 sin miramientos a su amiga Fernanda Iglesias: &quot;Desbordada&quot;\u00a0 - Cuarteto en la Web\",\"isPartOf\":{\"@id\":\"http:\\\/\\\/cuartetoenlaweb.com.ar\\\/sitio\\\/#website\"},\"primaryImageOfPage\":{\"@id\":\"https:\\\/\\\/cuartetoenlaweb.com.ar\\\/sitio\\\/se-pudrio-todo-maria-julia-olivan-conto-por-que-echo-sin-miramientos-a-su-amiga-fernanda-iglesias-desbordada\\\/#primaryimage\"},\"image\":{\"@id\":\"https:\\\/\\\/cuartetoenlaweb.com.ar\\\/sitio\\\/se-pudrio-todo-maria-julia-olivan-conto-por-que-echo-sin-miramientos-a-su-amiga-fernanda-iglesias-desbordada\\\/#primaryimage\"},\"thumbnailUrl\":\"http:\\\/\\\/cuartetoenlaweb.com.ar\\\/sitio\\\/wp-content\\\/uploads\\\/2026\\\/04\\\/Mariana-Brey-359x226-1.jpg\",\"datePublished\":\"2026-04-25T02:00:01+00:00\",\"breadcrumb\":{\"@id\":\"https:\\\/\\\/cuartetoenlaweb.com.ar\\\/sitio\\\/se-pudrio-todo-maria-julia-olivan-conto-por-que-echo-sin-miramientos-a-su-amiga-fernanda-iglesias-desbordada\\\/#breadcrumb\"},\"inLanguage\":\"es\",\"potentialAction\":[{\"@type\":\"ReadAction\",\"target\":[\"https:\\\/\\\/cuartetoenlaweb.com.ar\\\/sitio\\\/se-pudrio-todo-maria-julia-olivan-conto-por-que-echo-sin-miramientos-a-su-amiga-fernanda-iglesias-desbordada\\\/\"]}]},{\"@type\":\"ImageObject\",\"inLanguage\":\"es\",\"@id\":\"https:\\\/\\\/cuartetoenlaweb.com.ar\\\/sitio\\\/se-pudrio-todo-maria-julia-olivan-conto-por-que-echo-sin-miramientos-a-su-amiga-fernanda-iglesias-desbordada\\\/#primaryimage\",\"url\":\"http:\\\/\\\/cuartetoenlaweb.com.ar\\\/sitio\\\/wp-content\\\/uploads\\\/2026\\\/04\\\/Mariana-Brey-359x226-1.jpg\",\"contentUrl\":\"http:\\\/\\\/cuartetoenlaweb.com.ar\\\/sitio\\\/wp-content\\\/uploads\\\/2026\\\/04\\\/Mariana-Brey-359x226-1.jpg\",\"width\":359,\"height\":226},{\"@type\":\"BreadcrumbList\",\"@id\":\"https:\\\/\\\/cuartetoenlaweb.com.ar\\\/sitio\\\/se-pudrio-todo-maria-julia-olivan-conto-por-que-echo-sin-miramientos-a-su-amiga-fernanda-iglesias-desbordada\\\/#breadcrumb\",\"itemListElement\":[{\"@type\":\"ListItem\",\"position\":1,\"name\":\"Portada\",\"item\":\"http:\\\/\\\/cuartetoenlaweb.com.ar\\\/sitio\\\/\"},{\"@type\":\"ListItem\",\"position\":2,\"name\":\"\u00a1Se pudri\u00f3 todo! Mar\u00eda Julia Oliv\u00e1n cont\u00f3 por qu\u00e9 ech\u00f3 sin miramientos a su amiga Fernanda Iglesias: &quot;Desbordada&quot;\u00a0\"}]},{\"@type\":\"WebSite\",\"@id\":\"http:\\\/\\\/cuartetoenlaweb.com.ar\\\/sitio\\\/#website\",\"url\":\"http:\\\/\\\/cuartetoenlaweb.com.ar\\\/sitio\\\/\",\"name\":\"Cuarteto en la Web\",\"description\":\"\",\"publisher\":{\"@id\":\"http:\\\/\\\/cuartetoenlaweb.com.ar\\\/sitio\\\/#organization\"},\"potentialAction\":[{\"@type\":\"SearchAction\",\"target\":{\"@type\":\"EntryPoint\",\"urlTemplate\":\"http:\\\/\\\/cuartetoenlaweb.com.ar\\\/sitio\\\/?s={search_term_string}\"},\"query-input\":{\"@type\":\"PropertyValueSpecification\",\"valueRequired\":true,\"valueName\":\"search_term_string\"}}],\"inLanguage\":\"es\"},{\"@type\":\"Organization\",\"@id\":\"http:\\\/\\\/cuartetoenlaweb.com.ar\\\/sitio\\\/#organization\",\"name\":\"Cuarteto en la Web\",\"url\":\"http:\\\/\\\/cuartetoenlaweb.com.ar\\\/sitio\\\/\",\"logo\":{\"@type\":\"ImageObject\",\"inLanguage\":\"es\",\"@id\":\"http:\\\/\\\/cuartetoenlaweb.com.ar\\\/sitio\\\/#\\\/schema\\\/logo\\\/image\\\/\",\"url\":\"http:\\\/\\\/cuartetoenlaweb.com.ar\\\/sitio\\\/wp-content\\\/uploads\\\/2025\\\/07\\\/cropped-cropped-logitoweb21.png\",\"contentUrl\":\"http:\\\/\\\/cuartetoenlaweb.com.ar\\\/sitio\\\/wp-content\\\/uploads\\\/2025\\\/07\\\/cropped-cropped-logitoweb21.png\",\"width\":199,\"height\":199,\"caption\":\"Cuarteto en la Web\"},\"image\":{\"@id\":\"http:\\\/\\\/cuartetoenlaweb.com.ar\\\/sitio\\\/#\\\/schema\\\/logo\\\/image\\\/\"}}]}<\/script>\n<!-- \/ Yoast SEO plugin. -->","yoast_head_json":{"title":"\u00a1Se pudri\u00f3 todo! Mar\u00eda Julia Oliv\u00e1n cont\u00f3 por qu\u00e9 ech\u00f3 sin miramientos a su amiga Fernanda Iglesias: &quot;Desbordada&quot;\u00a0 - Cuarteto en la Web","robots":{"index":"index","follow":"follow","max-snippet":"max-snippet:-1","max-image-preview":"max-image-preview:large","max-video-preview":"max-video-preview:-1"},"canonical":"https:\/\/cuartetoenlaweb.com.ar\/sitio\/se-pudrio-todo-maria-julia-olivan-conto-por-que-echo-sin-miramientos-a-su-amiga-fernanda-iglesias-desbordada\/","og_locale":"es_ES","og_type":"article","og_title":"\u00a1Se pudri\u00f3 todo! Mar\u00eda Julia Oliv\u00e1n cont\u00f3 por qu\u00e9 ech\u00f3 sin miramientos a su amiga Fernanda Iglesias: &quot;Desbordada&quot;\u00a0 - Cuarteto en la Web","og_description":"Ni bien comenz\u00f3 Que miedo, el programa que conduce Mar\u00eda","og_url":"https:\/\/cuartetoenlaweb.com.ar\/sitio\/se-pudrio-todo-maria-julia-olivan-conto-por-que-echo-sin-miramientos-a-su-amiga-fernanda-iglesias-desbordada\/","og_site_name":"Cuarteto en la Web","article_published_time":"2026-04-25T02:00:01+00:00","og_image":[{"url":"https:\/\/www.paparazzi.com.ar\/wp-content\/uploads\/2025\/12\/Mariana-Brey-359x226.jpg","type":"","width":"","height":""}],"twitter_card":"summary_large_image","twitter_misc":{"Tiempo de lectura":"2 minutos"},"schema":{"@context":"https:\/\/schema.org","@graph":[{"@type":"Article","@id":"https:\/\/cuartetoenlaweb.com.ar\/sitio\/se-pudrio-todo-maria-julia-olivan-conto-por-que-echo-sin-miramientos-a-su-amiga-fernanda-iglesias-desbordada\/#article","isPartOf":{"@id":"https:\/\/cuartetoenlaweb.com.ar\/sitio\/se-pudrio-todo-maria-julia-olivan-conto-por-que-echo-sin-miramientos-a-su-amiga-fernanda-iglesias-desbordada\/"},"author":{"name":"","@id":""},"headline":"\u00a1Se pudri\u00f3 todo! Mar\u00eda Julia Oliv\u00e1n cont\u00f3 por qu\u00e9 ech\u00f3 sin miramientos a su amiga Fernanda Iglesias: &quot;Desbordada&quot;\u00a0","datePublished":"2026-04-25T02:00:01+00:00","mainEntityOfPage":{"@id":"https:\/\/cuartetoenlaweb.com.ar\/sitio\/se-pudrio-todo-maria-julia-olivan-conto-por-que-echo-sin-miramientos-a-su-amiga-fernanda-iglesias-desbordada\/"},"wordCount":462,"publisher":{"@id":"http:\/\/cuartetoenlaweb.com.ar\/sitio\/#organization"},"image":{"@id":"https:\/\/cuartetoenlaweb.com.ar\/sitio\/se-pudrio-todo-maria-julia-olivan-conto-por-que-echo-sin-miramientos-a-su-amiga-fernanda-iglesias-desbordada\/#primaryimage"},"thumbnailUrl":"http:\/\/cuartetoenlaweb.com.ar\/sitio\/wp-content\/uploads\/2026\/04\/Mariana-Brey-359x226-1.jpg","articleSection":["ESPECT\u00c1CULO"],"inLanguage":"es"},{"@type":"WebPage","@id":"https:\/\/cuartetoenlaweb.com.ar\/sitio\/se-pudrio-todo-maria-julia-olivan-conto-por-que-echo-sin-miramientos-a-su-amiga-fernanda-iglesias-desbordada\/","url":"https:\/\/cuartetoenlaweb.com.ar\/sitio\/se-pudrio-todo-maria-julia-olivan-conto-por-que-echo-sin-miramientos-a-su-amiga-fernanda-iglesias-desbordada\/","name":"\u00a1Se pudri\u00f3 todo! Mar\u00eda Julia Oliv\u00e1n cont\u00f3 por qu\u00e9 ech\u00f3 sin miramientos a su amiga Fernanda Iglesias: &quot;Desbordada&quot;\u00a0 - Cuarteto en la Web","isPartOf":{"@id":"http:\/\/cuartetoenlaweb.com.ar\/sitio\/#website"},"primaryImageOfPage":{"@id":"https:\/\/cuartetoenlaweb.com.ar\/sitio\/se-pudrio-todo-maria-julia-olivan-conto-por-que-echo-sin-miramientos-a-su-amiga-fernanda-iglesias-desbordada\/#primaryimage"},"image":{"@id":"https:\/\/cuartetoenlaweb.com.ar\/sitio\/se-pudrio-todo-maria-julia-olivan-conto-por-que-echo-sin-miramientos-a-su-amiga-fernanda-iglesias-desbordada\/#primaryimage"},"thumbnailUrl":"http:\/\/cuartetoenlaweb.com.ar\/sitio\/wp-content\/uploads\/2026\/04\/Mariana-Brey-359x226-1.jpg","datePublished":"2026-04-25T02:00:01+00:00","breadcrumb":{"@id":"https:\/\/cuartetoenlaweb.com.ar\/sitio\/se-pudrio-todo-maria-julia-olivan-conto-por-que-echo-sin-miramientos-a-su-amiga-fernanda-iglesias-desbordada\/#breadcrumb"},"inLanguage":"es","potentialAction":[{"@type":"ReadAction","target":["https:\/\/cuartetoenlaweb.com.ar\/sitio\/se-pudrio-todo-maria-julia-olivan-conto-por-que-echo-sin-miramientos-a-su-amiga-fernanda-iglesias-desbordada\/"]}]},{"@type":"ImageObject","inLanguage":"es","@id":"https:\/\/cuartetoenlaweb.com.ar\/sitio\/se-pudrio-todo-maria-julia-olivan-conto-por-que-echo-sin-miramientos-a-su-amiga-fernanda-iglesias-desbordada\/#primaryimage","url":"http:\/\/cuartetoenlaweb.com.ar\/sitio\/wp-content\/uploads\/2026\/04\/Mariana-Brey-359x226-1.jpg","contentUrl":"http:\/\/cuartetoenlaweb.com.ar\/sitio\/wp-content\/uploads\/2026\/04\/Mariana-Brey-359x226-1.jpg","width":359,"height":226},{"@type":"BreadcrumbList","@id":"https:\/\/cuartetoenlaweb.com.ar\/sitio\/se-pudrio-todo-maria-julia-olivan-conto-por-que-echo-sin-miramientos-a-su-amiga-fernanda-iglesias-desbordada\/#breadcrumb","itemListElement":[{"@type":"ListItem","position":1,"name":"Portada","item":"http:\/\/cuartetoenlaweb.com.ar\/sitio\/"},{"@type":"ListItem","position":2,"name":"\u00a1Se pudri\u00f3 todo! Mar\u00eda Julia Oliv\u00e1n cont\u00f3 por qu\u00e9 ech\u00f3 sin miramientos a su amiga Fernanda Iglesias: &quot;Desbordada&quot;\u00a0"}]},{"@type":"WebSite","@id":"http:\/\/cuartetoenlaweb.com.ar\/sitio\/#website","url":"http:\/\/cuartetoenlaweb.com.ar\/sitio\/","name":"Cuarteto en la Web","description":"","publisher":{"@id":"http:\/\/cuartetoenlaweb.com.ar\/sitio\/#organization"},"potentialAction":[{"@type":"SearchAction","target":{"@type":"EntryPoint","urlTemplate":"http:\/\/cuartetoenlaweb.com.ar\/sitio\/?s={search_term_string}"},"query-input":{"@type":"PropertyValueSpecification","valueRequired":true,"valueName":"search_term_string"}}],"inLanguage":"es"},{"@type":"Organization","@id":"http:\/\/cuartetoenlaweb.com.ar\/sitio\/#organization","name":"Cuarteto en la Web","url":"http:\/\/cuartetoenlaweb.com.ar\/sitio\/","logo":{"@type":"ImageObject","inLanguage":"es","@id":"http:\/\/cuartetoenlaweb.com.ar\/sitio\/#\/schema\/logo\/image\/","url":"http:\/\/cuartetoenlaweb.com.ar\/sitio\/wp-content\/uploads\/2025\/07\/cropped-cropped-logitoweb21.png","contentUrl":"http:\/\/cuartetoenlaweb.com.ar\/sitio\/wp-content\/uploads\/2025\/07\/cropped-cropped-logitoweb21.png","width":199,"height":199,"caption":"Cuarteto en la Web"},"image":{"@id":"http:\/\/cuartetoenlaweb.com.ar\/sitio\/#\/schema\/logo\/image\/"}}]}},"_links":{"self":[{"href":"http:\/\/cuartetoenlaweb.com.ar\/sitio\/wp-json\/wp\/v2\/posts\/18808","targetHints":{"allow":["GET"]}}],"collection":[{"href":"http:\/\/cuartetoenlaweb.com.ar\/sitio\/wp-json\/wp\/v2\/posts"}],"about":[{"href":"http:\/\/cuartetoenlaweb.com.ar\/sitio\/wp-json\/wp\/v2\/types\/post"}],"replies":[{"embeddable":true,"href":"http:\/\/cuartetoenlaweb.com.ar\/sitio\/wp-json\/wp\/v2\/comments?post=18808"}],"version-history":[{"count":0,"href":"http:\/\/cuartetoenlaweb.com.ar\/sitio\/wp-json\/wp\/v2\/posts\/18808\/revisions"}],"wp:featuredmedia":[{"embeddable":true,"href":"http:\/\/cuartetoenlaweb.com.ar\/sitio\/wp-json\/wp\/v2\/media\/18809"}],"wp:attachment":[{"href":"http:\/\/cuartetoenlaweb.com.ar\/sitio\/wp-json\/wp\/v2\/media?parent=18808"}],"wp:term":[{"taxonomy":"category","embeddable":true,"href":"http:\/\/cuartetoenlaweb.com.ar\/sitio\/wp-json\/wp\/v2\/categories?post=18808"},{"taxonomy":"post_tag","embeddable":true,"href":"http:\/\/cuartetoenlaweb.com.ar\/sitio\/wp-json\/wp\/v2\/tags?post=18808"}],"curies":[{"name":"wp","href":"https:\/\/api.w.org\/{rel}","templated":true}]}}