
{"id":18806,"date":"2026-04-24T23:00:00","date_gmt":"2026-04-25T02:00:00","guid":{"rendered":"https:\/\/cuartetoenlaweb.com.ar\/sitio\/ya-no-se-esconde-el-famoso-actor-que-presento-a-su-nueva-novia-despues-de-2-anos-de-solteria\/"},"modified":"2026-04-24T23:00:00","modified_gmt":"2026-04-25T02:00:00","slug":"ya-no-se-esconde-el-famoso-actor-que-presento-a-su-nueva-novia-despues-de-2-anos-de-solteria","status":"publish","type":"post","link":"http:\/\/cuartetoenlaweb.com.ar\/sitio\/ya-no-se-esconde-el-famoso-actor-que-presento-a-su-nueva-novia-despues-de-2-anos-de-solteria\/","title":{"rendered":"\u00a1Ya no se esconde! El famoso actor que present\u00f3 a su nueva novia despu\u00e9s de 2 a\u00f1os de solter\u00eda"},"content":{"rendered":"<p>Despu\u00e9s de semanas de rumores y de un absoluto hermetismo, <strong>Mariano Mart\u00ednez<\/strong> dio un paso que funcion\u00f3 como una confirmaci\u00f3n p\u00fablica. El actor se mostr\u00f3 por primera vez junto a <strong>Melina<\/strong>, su nueva pareja, durante el estreno de <em>Ni media palabra<\/em>, en el Paseo La Plaza, y su presencia no pas\u00f3 por alto. Ahora s\u00ed, despu\u00e9s de tantos rumores, blanque\u00f3 a su novia. Todo esto a casi dos a\u00f1os de haberse separado de su relaci\u00f3n anterior con <strong>Tryana Iba\u00f1ez<\/strong>.<\/p>\n<p>No fue una salida casual ni una imagen captada al pasar. Fue una presencia compartida en un evento p\u00fablico, frente a c\u00e1maras, en un \u00e1mbito donde <strong><a href=\"https:\/\/www.paparazzi.com.ar\/romances\/el-mal-momento-que-vivio-mariano-martinez-tras-revelarse-su-nuevo-romance\/\">Mariano<\/a><\/strong> sab\u00eda a lo que se estaba exponiendo. Por eso, el gesto adquiere otro peso. Para muchos, esa caminata de la mano por la entrada del teatro signific\u00f3 mucho m\u00e1s que una simple aparici\u00f3n social.<\/p>\n<p>Vestidos de manera informal, con tonos oscuros y zapatillas blancas, llegaron juntos y sonrientes, con una naturalidad que llam\u00f3 la atenci\u00f3n. Mientras <strong><a href=\"https:\/\/www.paparazzi.com.ar\/romances\/nuevo-amor-para-mariano-martinez-quien-es-la-mujer-varios-anos-mas-joven-que-lo-acompana-en-carlos-paz\/\">Mariano<\/a><\/strong> saludaba y aceptaba fotos, <strong>Melina<\/strong> mantuvo un perfil mucho m\u00e1s cauteloso, sin buscar destacar, con una sonrisa t\u00edmida pero sin despegarse de su lado. Esa imagen termin\u00f3 por blanquear lo que desde hace meses se ven\u00eda hablando.<\/p>\n<div class=\"mt-box \">\n<h4 class=\"mt-heading\">Mir\u00e1 Tambi\u00e9n<\/h4>\n<p><a href=\"https:\/\/www.paparazzi.com.ar\/romances\/se-planto-el-fuerte-mensaje-de-facundo-arana-a-maria-susini-tras-ironizar-sobre-su-reconciliacion-no-hay-persona-mas\/\"><\/p>\n<div class=\"mt-content\">\n<div class=\"mt-image-container\"><img decoding=\"async\" src=\"https:\/\/www.paparazzi.com.ar\/wp-content\/uploads\/2026\/04\/Facundo-Arana-Maria-Susini-359x226.jpg\" alt=\"\u00a1Se plant\u00f3! El fuerte mensaje de Facundo Arana a Mar\u00eda Susini tras bajarle el precio en vivo: \u201cNo hay persona m\u00e1s\u2026\u201d\" class=\"mt-image\" loading=\"lazy\" \/><\/div>\n<h5 class=\"mt-title\">\u00a1Se plant\u00f3! El fuerte mensaje de Facundo Arana a Mar\u00eda Susini tras bajarle el precio en vivo: \u201cNo hay persona m\u00e1s\u2026\u201d<\/h5>\n<\/div>\n<p><\/a><\/div>\n<p>En febrero de este 2026, Pablo Lay\u00fas cont\u00f3 en <em>Intrusos<\/em> detalles de este romance de <strong><a href=\"https:\/\/www.paparazzi.com.ar\/teve\/el-terrible-video-de-mariano-martinez-maltratando-a-un-notero-en-la-calle\/\">Mart\u00ednez<\/a><\/strong>. \u201cAc\u00e1 se respira m\u00e1s amor&#8230; \u00bfViste que las sierras llevan a la gente a enamorarse?\u201d, explic\u00f3 el periodista, en referencia a las primeras versiones de romance que aparecieron en Villa Carlos Paz, cuando testigos aseguraron haberlos visto juntos.<\/p>\n<h2 class=\"wp-block-heading\">MARIANO MART\u00cdNEZ SE MOSTR\u00d3 POR PRIMERA VEZ EN P\u00daBLICO JUNTO A SU NUEVA Y MISTERIOSA NOVIA<\/h2>\n<p>Uno de los detalles que m\u00e1s circul\u00f3 fue que, seg\u00fan esas versiones, habr\u00edan salido tomados de la mano, mientras <strong>Mariano<\/strong> intentaba pasar inadvertido usando capucha. Esa escena fue una de las primeras que aliment\u00f3 la sospecha de que hab\u00eda algo m\u00e1s que simples coincidencias. A las salidas nocturnas se fueron sumando otros planes m\u00e1s tranquilos. Y el v\u00ednculo fue tomando mayor forma.<\/p>\n<p>Seg\u00fan trascendi\u00f3, fueron vistos cenando en un restaurante y, en ese encuentro, hab\u00eda menores que ser\u00edan hermanos de <strong>Melina<\/strong>. Ese dato fue le\u00eddo como una se\u00f1al de confianza y de un v\u00ednculo que empezaba a correrse del terreno inicial. Porque una cosa es una salida de verano. Otra muy distinta es compartir espacios del entorno \u00edntimo. <strong>Mariano<\/strong> estaba formalizando cada vez m\u00e1s su noviazgo.<\/p>\n<div class=\"mt-box \">\n<h4 class=\"mt-heading\">Mir\u00e1 Tambi\u00e9n<\/h4>\n<p><a href=\"https:\/\/www.paparazzi.com.ar\/romances\/el-mal-momento-que-vivio-mariano-martinez-tras-revelarse-su-nuevo-romance\/\"><\/p>\n<div class=\"mt-content\">\n<div class=\"mt-image-container\"><img decoding=\"async\" src=\"https:\/\/www.paparazzi.com.ar\/wp-content\/uploads\/2026\/02\/Mariano-Martinez-359x226.jpg\" alt=\"El mal momento que vivi\u00f3 Mariano Mart\u00ednez por su nuevo romance en Villa Carlos Paz\" class=\"mt-image\" loading=\"lazy\" \/><\/div>\n<h5 class=\"mt-title\">El mal momento que vivi\u00f3 Mariano Mart\u00ednez por su nuevo romance en Villa Carlos Paz<\/h5>\n<\/div>\n<p><\/a><\/div>\n<p>Todo eso hab\u00eda ido construyendo una historia en silencio. Pero faltaba el gesto p\u00fablico. Y lleg\u00f3 ahora. Por eso la aparici\u00f3n de <strong>Mariano<\/strong> y su pareja en Paseo La Plaza fue le\u00edda como el comienzo de otra etapa. Una donde ya no se trata de encuentros discretos o de intentar escaparle a los flashes, sino de una relaci\u00f3n que empieza a mostrarse.<\/p>\n<p>Incluso cobra m\u00e1s sentido si se tiene en cuenta otro dato: cuando empezaron a crecer las versiones, <strong>Melina<\/strong> puso su Instagram en privado. Un movimiento interpretado como una forma de protegerse del foco medi\u00e1tico. Sin embargo, todo estaba guardado para el momento oportuno de una presentaci\u00f3n p\u00fablica. Y eso pas\u00f3 por estas horas cuando se la vio junto a <strong>Mariano<\/strong>. Ahora s\u00ed, los rumores quedaron de lado y la confirmaci\u00f3n est\u00e1 m\u00e1s que clara.<\/p>\n<figure class=\"wp-block-image size-full\"><img decoding=\"async\" width=\"382\" height=\"575\" src=\"https:\/\/www.paparazzi.com.ar\/wp-content\/uploads\/2026\/04\/mariano-martinez-novia-1.png.webp\" loading=\"lazy\" alt=\"\" class=\"wp-image-475263\" \/><\/figure>\n<figure class=\"wp-block-image size-full\"><img decoding=\"async\" width=\"380\" height=\"573\" src=\"https:\/\/www.paparazzi.com.ar\/wp-content\/uploads\/2026\/04\/mariano-martinez-novia-2.png.webp\" loading=\"lazy\" alt=\"\" class=\"wp-image-475264\" \/><\/figure>\n<div class=\"mt-box \">\n<h4 class=\"mt-heading\">Mir\u00e1 Tambi\u00e9n<\/h4>\n<p><a href=\"https:\/\/www.paparazzi.com.ar\/romances\/nuevo-amor-para-mariano-martinez-quien-es-la-mujer-varios-anos-mas-joven-que-lo-acompana-en-carlos-paz\/\"><\/p>\n<div class=\"mt-content\">\n<div class=\"mt-image-container\"><img decoding=\"async\" src=\"https:\/\/www.paparazzi.com.ar\/wp-content\/uploads\/2026\/02\/\u00bfNuevo-amor-para-Mariano-Martinez-Quien-es-la-mujer-varios-anos-mas-joven-que-lo-acompana-en-Carlos-Paz-359x226.jpg\" alt=\"\u00bfNuevo amor para Mariano Mart\u00ednez? Qui\u00e9n es la mujer varios a\u00f1os m\u00e1s joven que lo acompa\u00f1a en Carlos Paz\" class=\"mt-image\" loading=\"lazy\" \/><\/div>\n<h5 class=\"mt-title\">\u00bfNuevo amor para Mariano Mart\u00ednez? Qui\u00e9n es la mujer varios a\u00f1os m\u00e1s joven que lo acompa\u00f1a en Carlos Paz<\/h5>\n<\/div>\n<p><\/a><\/div>\n<div class=\"mt-box \">\n<h4 class=\"mt-heading\">Mir\u00e1 Tambi\u00e9n<\/h4>\n<p><a href=\"https:\/\/www.paparazzi.com.ar\/teve\/el-terrible-video-de-mariano-martinez-maltratando-a-un-notero-en-la-calle\/\"><\/p>\n<div class=\"mt-content\">\n<div class=\"mt-image-container\"><img decoding=\"async\" src=\"https:\/\/www.paparazzi.com.ar\/wp-content\/uploads\/2025\/10\/Mariano-Martinez-notero-359x226.png\" alt=\"El terrible video de Mariano Mart\u00ednez maltratando a un notero en la calle\" class=\"mt-image\" loading=\"lazy\" \/><\/div>\n<h5 class=\"mt-title\">El terrible video de Mariano Mart\u00ednez maltratando a un notero en la calle<\/h5>\n<\/div>\n<p><\/a><\/div>\n<p>The post <a href=\"https:\/\/www.paparazzi.com.ar\/romances\/ya-no-se-esconde-el-famoso-actor-que-presento-a-su-nueva-novia-despues-de-2-anos-de-solteria\/\">\u00a1Ya no se esconde! El famoso actor que present\u00f3 a su nueva novia despu\u00e9s de 2 a\u00f1os de solter\u00eda<\/a> appeared first on <a href=\"https:\/\/www.paparazzi.com.ar\">Revista Paparazzi<\/a>.<\/p>\n","protected":false},"excerpt":{"rendered":"<p>Despu\u00e9s de semanas de rumores y de un absoluto hermetismo,<\/p>\n","protected":false},"author":0,"featured_media":18807,"comment_status":"","ping_status":"","sticky":false,"template":"","format":"standard","meta":{"footnotes":""},"categories":[12],"tags":[],"class_list":["post-18806","post","type-post","status-publish","format-standard","has-post-thumbnail","hentry","category-espectaculo"],"yoast_head":"<!-- This site is optimized with the Yoast SEO plugin v27.4 - https:\/\/yoast.com\/product\/yoast-seo-wordpress\/ -->\n<title>\u00a1Ya no se esconde! El famoso actor que present\u00f3 a su nueva novia despu\u00e9s de 2 a\u00f1os de solter\u00eda - Cuarteto en la Web<\/title>\n<meta name=\"robots\" content=\"index, follow, max-snippet:-1, max-image-preview:large, max-video-preview:-1\" \/>\n<link rel=\"canonical\" href=\"https:\/\/cuartetoenlaweb.com.ar\/sitio\/ya-no-se-esconde-el-famoso-actor-que-presento-a-su-nueva-novia-despues-de-2-anos-de-solteria\/\" \/>\n<meta property=\"og:locale\" content=\"es_ES\" \/>\n<meta property=\"og:type\" content=\"article\" \/>\n<meta property=\"og:title\" content=\"\u00a1Ya no se esconde! El famoso actor que present\u00f3 a su nueva novia despu\u00e9s de 2 a\u00f1os de solter\u00eda - Cuarteto en la Web\" \/>\n<meta property=\"og:description\" content=\"Despu\u00e9s de semanas de rumores y de un absoluto hermetismo,\" \/>\n<meta property=\"og:url\" content=\"https:\/\/cuartetoenlaweb.com.ar\/sitio\/ya-no-se-esconde-el-famoso-actor-que-presento-a-su-nueva-novia-despues-de-2-anos-de-solteria\/\" \/>\n<meta property=\"og:site_name\" content=\"Cuarteto en la Web\" \/>\n<meta property=\"article:published_time\" content=\"2026-04-25T02:00:00+00:00\" \/>\n<meta property=\"og:image\" content=\"https:\/\/www.paparazzi.com.ar\/wp-content\/uploads\/2026\/04\/Facundo-Arana-Maria-Susini-359x226.jpg\" \/>\n<meta name=\"twitter:card\" content=\"summary_large_image\" \/>\n<meta name=\"twitter:label1\" content=\"Tiempo de lectura\" \/>\n\t<meta name=\"twitter:data1\" content=\"3 minutos\" \/>\n<script type=\"application\/ld+json\" class=\"yoast-schema-graph\">{\"@context\":\"https:\\\/\\\/schema.org\",\"@graph\":[{\"@type\":\"Article\",\"@id\":\"https:\\\/\\\/cuartetoenlaweb.com.ar\\\/sitio\\\/ya-no-se-esconde-el-famoso-actor-que-presento-a-su-nueva-novia-despues-de-2-anos-de-solteria\\\/#article\",\"isPartOf\":{\"@id\":\"https:\\\/\\\/cuartetoenlaweb.com.ar\\\/sitio\\\/ya-no-se-esconde-el-famoso-actor-que-presento-a-su-nueva-novia-despues-de-2-anos-de-solteria\\\/\"},\"author\":{\"name\":\"\",\"@id\":\"\"},\"headline\":\"\u00a1Ya no se esconde! El famoso actor que present\u00f3 a su nueva novia despu\u00e9s de 2 a\u00f1os de solter\u00eda\",\"datePublished\":\"2026-04-25T02:00:00+00:00\",\"mainEntityOfPage\":{\"@id\":\"https:\\\/\\\/cuartetoenlaweb.com.ar\\\/sitio\\\/ya-no-se-esconde-el-famoso-actor-que-presento-a-su-nueva-novia-despues-de-2-anos-de-solteria\\\/\"},\"wordCount\":716,\"publisher\":{\"@id\":\"http:\\\/\\\/cuartetoenlaweb.com.ar\\\/sitio\\\/#organization\"},\"image\":{\"@id\":\"https:\\\/\\\/cuartetoenlaweb.com.ar\\\/sitio\\\/ya-no-se-esconde-el-famoso-actor-que-presento-a-su-nueva-novia-despues-de-2-anos-de-solteria\\\/#primaryimage\"},\"thumbnailUrl\":\"http:\\\/\\\/cuartetoenlaweb.com.ar\\\/sitio\\\/wp-content\\\/uploads\\\/2026\\\/04\\\/Facundo-Arana-Maria-Susini-359x226-1.jpg\",\"articleSection\":[\"ESPECT\u00c1CULO\"],\"inLanguage\":\"es\"},{\"@type\":\"WebPage\",\"@id\":\"https:\\\/\\\/cuartetoenlaweb.com.ar\\\/sitio\\\/ya-no-se-esconde-el-famoso-actor-que-presento-a-su-nueva-novia-despues-de-2-anos-de-solteria\\\/\",\"url\":\"https:\\\/\\\/cuartetoenlaweb.com.ar\\\/sitio\\\/ya-no-se-esconde-el-famoso-actor-que-presento-a-su-nueva-novia-despues-de-2-anos-de-solteria\\\/\",\"name\":\"\u00a1Ya no se esconde! El famoso actor que present\u00f3 a su nueva novia despu\u00e9s de 2 a\u00f1os de solter\u00eda - Cuarteto en la Web\",\"isPartOf\":{\"@id\":\"http:\\\/\\\/cuartetoenlaweb.com.ar\\\/sitio\\\/#website\"},\"primaryImageOfPage\":{\"@id\":\"https:\\\/\\\/cuartetoenlaweb.com.ar\\\/sitio\\\/ya-no-se-esconde-el-famoso-actor-que-presento-a-su-nueva-novia-despues-de-2-anos-de-solteria\\\/#primaryimage\"},\"image\":{\"@id\":\"https:\\\/\\\/cuartetoenlaweb.com.ar\\\/sitio\\\/ya-no-se-esconde-el-famoso-actor-que-presento-a-su-nueva-novia-despues-de-2-anos-de-solteria\\\/#primaryimage\"},\"thumbnailUrl\":\"http:\\\/\\\/cuartetoenlaweb.com.ar\\\/sitio\\\/wp-content\\\/uploads\\\/2026\\\/04\\\/Facundo-Arana-Maria-Susini-359x226-1.jpg\",\"datePublished\":\"2026-04-25T02:00:00+00:00\",\"breadcrumb\":{\"@id\":\"https:\\\/\\\/cuartetoenlaweb.com.ar\\\/sitio\\\/ya-no-se-esconde-el-famoso-actor-que-presento-a-su-nueva-novia-despues-de-2-anos-de-solteria\\\/#breadcrumb\"},\"inLanguage\":\"es\",\"potentialAction\":[{\"@type\":\"ReadAction\",\"target\":[\"https:\\\/\\\/cuartetoenlaweb.com.ar\\\/sitio\\\/ya-no-se-esconde-el-famoso-actor-que-presento-a-su-nueva-novia-despues-de-2-anos-de-solteria\\\/\"]}]},{\"@type\":\"ImageObject\",\"inLanguage\":\"es\",\"@id\":\"https:\\\/\\\/cuartetoenlaweb.com.ar\\\/sitio\\\/ya-no-se-esconde-el-famoso-actor-que-presento-a-su-nueva-novia-despues-de-2-anos-de-solteria\\\/#primaryimage\",\"url\":\"http:\\\/\\\/cuartetoenlaweb.com.ar\\\/sitio\\\/wp-content\\\/uploads\\\/2026\\\/04\\\/Facundo-Arana-Maria-Susini-359x226-1.jpg\",\"contentUrl\":\"http:\\\/\\\/cuartetoenlaweb.com.ar\\\/sitio\\\/wp-content\\\/uploads\\\/2026\\\/04\\\/Facundo-Arana-Maria-Susini-359x226-1.jpg\",\"width\":359,\"height\":226},{\"@type\":\"BreadcrumbList\",\"@id\":\"https:\\\/\\\/cuartetoenlaweb.com.ar\\\/sitio\\\/ya-no-se-esconde-el-famoso-actor-que-presento-a-su-nueva-novia-despues-de-2-anos-de-solteria\\\/#breadcrumb\",\"itemListElement\":[{\"@type\":\"ListItem\",\"position\":1,\"name\":\"Portada\",\"item\":\"http:\\\/\\\/cuartetoenlaweb.com.ar\\\/sitio\\\/\"},{\"@type\":\"ListItem\",\"position\":2,\"name\":\"\u00a1Ya no se esconde! El famoso actor que present\u00f3 a su nueva novia despu\u00e9s de 2 a\u00f1os de solter\u00eda\"}]},{\"@type\":\"WebSite\",\"@id\":\"http:\\\/\\\/cuartetoenlaweb.com.ar\\\/sitio\\\/#website\",\"url\":\"http:\\\/\\\/cuartetoenlaweb.com.ar\\\/sitio\\\/\",\"name\":\"Cuarteto en la Web\",\"description\":\"\",\"publisher\":{\"@id\":\"http:\\\/\\\/cuartetoenlaweb.com.ar\\\/sitio\\\/#organization\"},\"potentialAction\":[{\"@type\":\"SearchAction\",\"target\":{\"@type\":\"EntryPoint\",\"urlTemplate\":\"http:\\\/\\\/cuartetoenlaweb.com.ar\\\/sitio\\\/?s={search_term_string}\"},\"query-input\":{\"@type\":\"PropertyValueSpecification\",\"valueRequired\":true,\"valueName\":\"search_term_string\"}}],\"inLanguage\":\"es\"},{\"@type\":\"Organization\",\"@id\":\"http:\\\/\\\/cuartetoenlaweb.com.ar\\\/sitio\\\/#organization\",\"name\":\"Cuarteto en la Web\",\"url\":\"http:\\\/\\\/cuartetoenlaweb.com.ar\\\/sitio\\\/\",\"logo\":{\"@type\":\"ImageObject\",\"inLanguage\":\"es\",\"@id\":\"http:\\\/\\\/cuartetoenlaweb.com.ar\\\/sitio\\\/#\\\/schema\\\/logo\\\/image\\\/\",\"url\":\"http:\\\/\\\/cuartetoenlaweb.com.ar\\\/sitio\\\/wp-content\\\/uploads\\\/2025\\\/07\\\/cropped-cropped-logitoweb21.png\",\"contentUrl\":\"http:\\\/\\\/cuartetoenlaweb.com.ar\\\/sitio\\\/wp-content\\\/uploads\\\/2025\\\/07\\\/cropped-cropped-logitoweb21.png\",\"width\":199,\"height\":199,\"caption\":\"Cuarteto en la Web\"},\"image\":{\"@id\":\"http:\\\/\\\/cuartetoenlaweb.com.ar\\\/sitio\\\/#\\\/schema\\\/logo\\\/image\\\/\"}}]}<\/script>\n<!-- \/ Yoast SEO plugin. -->","yoast_head_json":{"title":"\u00a1Ya no se esconde! El famoso actor que present\u00f3 a su nueva novia despu\u00e9s de 2 a\u00f1os de solter\u00eda - Cuarteto en la Web","robots":{"index":"index","follow":"follow","max-snippet":"max-snippet:-1","max-image-preview":"max-image-preview:large","max-video-preview":"max-video-preview:-1"},"canonical":"https:\/\/cuartetoenlaweb.com.ar\/sitio\/ya-no-se-esconde-el-famoso-actor-que-presento-a-su-nueva-novia-despues-de-2-anos-de-solteria\/","og_locale":"es_ES","og_type":"article","og_title":"\u00a1Ya no se esconde! El famoso actor que present\u00f3 a su nueva novia despu\u00e9s de 2 a\u00f1os de solter\u00eda - Cuarteto en la Web","og_description":"Despu\u00e9s de semanas de rumores y de un absoluto hermetismo,","og_url":"https:\/\/cuartetoenlaweb.com.ar\/sitio\/ya-no-se-esconde-el-famoso-actor-que-presento-a-su-nueva-novia-despues-de-2-anos-de-solteria\/","og_site_name":"Cuarteto en la Web","article_published_time":"2026-04-25T02:00:00+00:00","og_image":[{"url":"https:\/\/www.paparazzi.com.ar\/wp-content\/uploads\/2026\/04\/Facundo-Arana-Maria-Susini-359x226.jpg","type":"","width":"","height":""}],"twitter_card":"summary_large_image","twitter_misc":{"Tiempo de lectura":"3 minutos"},"schema":{"@context":"https:\/\/schema.org","@graph":[{"@type":"Article","@id":"https:\/\/cuartetoenlaweb.com.ar\/sitio\/ya-no-se-esconde-el-famoso-actor-que-presento-a-su-nueva-novia-despues-de-2-anos-de-solteria\/#article","isPartOf":{"@id":"https:\/\/cuartetoenlaweb.com.ar\/sitio\/ya-no-se-esconde-el-famoso-actor-que-presento-a-su-nueva-novia-despues-de-2-anos-de-solteria\/"},"author":{"name":"","@id":""},"headline":"\u00a1Ya no se esconde! El famoso actor que present\u00f3 a su nueva novia despu\u00e9s de 2 a\u00f1os de solter\u00eda","datePublished":"2026-04-25T02:00:00+00:00","mainEntityOfPage":{"@id":"https:\/\/cuartetoenlaweb.com.ar\/sitio\/ya-no-se-esconde-el-famoso-actor-que-presento-a-su-nueva-novia-despues-de-2-anos-de-solteria\/"},"wordCount":716,"publisher":{"@id":"http:\/\/cuartetoenlaweb.com.ar\/sitio\/#organization"},"image":{"@id":"https:\/\/cuartetoenlaweb.com.ar\/sitio\/ya-no-se-esconde-el-famoso-actor-que-presento-a-su-nueva-novia-despues-de-2-anos-de-solteria\/#primaryimage"},"thumbnailUrl":"http:\/\/cuartetoenlaweb.com.ar\/sitio\/wp-content\/uploads\/2026\/04\/Facundo-Arana-Maria-Susini-359x226-1.jpg","articleSection":["ESPECT\u00c1CULO"],"inLanguage":"es"},{"@type":"WebPage","@id":"https:\/\/cuartetoenlaweb.com.ar\/sitio\/ya-no-se-esconde-el-famoso-actor-que-presento-a-su-nueva-novia-despues-de-2-anos-de-solteria\/","url":"https:\/\/cuartetoenlaweb.com.ar\/sitio\/ya-no-se-esconde-el-famoso-actor-que-presento-a-su-nueva-novia-despues-de-2-anos-de-solteria\/","name":"\u00a1Ya no se esconde! El famoso actor que present\u00f3 a su nueva novia despu\u00e9s de 2 a\u00f1os de solter\u00eda - Cuarteto en la Web","isPartOf":{"@id":"http:\/\/cuartetoenlaweb.com.ar\/sitio\/#website"},"primaryImageOfPage":{"@id":"https:\/\/cuartetoenlaweb.com.ar\/sitio\/ya-no-se-esconde-el-famoso-actor-que-presento-a-su-nueva-novia-despues-de-2-anos-de-solteria\/#primaryimage"},"image":{"@id":"https:\/\/cuartetoenlaweb.com.ar\/sitio\/ya-no-se-esconde-el-famoso-actor-que-presento-a-su-nueva-novia-despues-de-2-anos-de-solteria\/#primaryimage"},"thumbnailUrl":"http:\/\/cuartetoenlaweb.com.ar\/sitio\/wp-content\/uploads\/2026\/04\/Facundo-Arana-Maria-Susini-359x226-1.jpg","datePublished":"2026-04-25T02:00:00+00:00","breadcrumb":{"@id":"https:\/\/cuartetoenlaweb.com.ar\/sitio\/ya-no-se-esconde-el-famoso-actor-que-presento-a-su-nueva-novia-despues-de-2-anos-de-solteria\/#breadcrumb"},"inLanguage":"es","potentialAction":[{"@type":"ReadAction","target":["https:\/\/cuartetoenlaweb.com.ar\/sitio\/ya-no-se-esconde-el-famoso-actor-que-presento-a-su-nueva-novia-despues-de-2-anos-de-solteria\/"]}]},{"@type":"ImageObject","inLanguage":"es","@id":"https:\/\/cuartetoenlaweb.com.ar\/sitio\/ya-no-se-esconde-el-famoso-actor-que-presento-a-su-nueva-novia-despues-de-2-anos-de-solteria\/#primaryimage","url":"http:\/\/cuartetoenlaweb.com.ar\/sitio\/wp-content\/uploads\/2026\/04\/Facundo-Arana-Maria-Susini-359x226-1.jpg","contentUrl":"http:\/\/cuartetoenlaweb.com.ar\/sitio\/wp-content\/uploads\/2026\/04\/Facundo-Arana-Maria-Susini-359x226-1.jpg","width":359,"height":226},{"@type":"BreadcrumbList","@id":"https:\/\/cuartetoenlaweb.com.ar\/sitio\/ya-no-se-esconde-el-famoso-actor-que-presento-a-su-nueva-novia-despues-de-2-anos-de-solteria\/#breadcrumb","itemListElement":[{"@type":"ListItem","position":1,"name":"Portada","item":"http:\/\/cuartetoenlaweb.com.ar\/sitio\/"},{"@type":"ListItem","position":2,"name":"\u00a1Ya no se esconde! El famoso actor que present\u00f3 a su nueva novia despu\u00e9s de 2 a\u00f1os de solter\u00eda"}]},{"@type":"WebSite","@id":"http:\/\/cuartetoenlaweb.com.ar\/sitio\/#website","url":"http:\/\/cuartetoenlaweb.com.ar\/sitio\/","name":"Cuarteto en la Web","description":"","publisher":{"@id":"http:\/\/cuartetoenlaweb.com.ar\/sitio\/#organization"},"potentialAction":[{"@type":"SearchAction","target":{"@type":"EntryPoint","urlTemplate":"http:\/\/cuartetoenlaweb.com.ar\/sitio\/?s={search_term_string}"},"query-input":{"@type":"PropertyValueSpecification","valueRequired":true,"valueName":"search_term_string"}}],"inLanguage":"es"},{"@type":"Organization","@id":"http:\/\/cuartetoenlaweb.com.ar\/sitio\/#organization","name":"Cuarteto en la Web","url":"http:\/\/cuartetoenlaweb.com.ar\/sitio\/","logo":{"@type":"ImageObject","inLanguage":"es","@id":"http:\/\/cuartetoenlaweb.com.ar\/sitio\/#\/schema\/logo\/image\/","url":"http:\/\/cuartetoenlaweb.com.ar\/sitio\/wp-content\/uploads\/2025\/07\/cropped-cropped-logitoweb21.png","contentUrl":"http:\/\/cuartetoenlaweb.com.ar\/sitio\/wp-content\/uploads\/2025\/07\/cropped-cropped-logitoweb21.png","width":199,"height":199,"caption":"Cuarteto en la Web"},"image":{"@id":"http:\/\/cuartetoenlaweb.com.ar\/sitio\/#\/schema\/logo\/image\/"}}]}},"_links":{"self":[{"href":"http:\/\/cuartetoenlaweb.com.ar\/sitio\/wp-json\/wp\/v2\/posts\/18806","targetHints":{"allow":["GET"]}}],"collection":[{"href":"http:\/\/cuartetoenlaweb.com.ar\/sitio\/wp-json\/wp\/v2\/posts"}],"about":[{"href":"http:\/\/cuartetoenlaweb.com.ar\/sitio\/wp-json\/wp\/v2\/types\/post"}],"replies":[{"embeddable":true,"href":"http:\/\/cuartetoenlaweb.com.ar\/sitio\/wp-json\/wp\/v2\/comments?post=18806"}],"version-history":[{"count":0,"href":"http:\/\/cuartetoenlaweb.com.ar\/sitio\/wp-json\/wp\/v2\/posts\/18806\/revisions"}],"wp:featuredmedia":[{"embeddable":true,"href":"http:\/\/cuartetoenlaweb.com.ar\/sitio\/wp-json\/wp\/v2\/media\/18807"}],"wp:attachment":[{"href":"http:\/\/cuartetoenlaweb.com.ar\/sitio\/wp-json\/wp\/v2\/media?parent=18806"}],"wp:term":[{"taxonomy":"category","embeddable":true,"href":"http:\/\/cuartetoenlaweb.com.ar\/sitio\/wp-json\/wp\/v2\/categories?post=18806"},{"taxonomy":"post_tag","embeddable":true,"href":"http:\/\/cuartetoenlaweb.com.ar\/sitio\/wp-json\/wp\/v2\/tags?post=18806"}],"curies":[{"name":"wp","href":"https:\/\/api.w.org\/{rel}","templated":true}]}}