
{"id":18802,"date":"2026-04-24T22:59:58","date_gmt":"2026-04-25T01:59:58","guid":{"rendered":"https:\/\/cuartetoenlaweb.com.ar\/sitio\/yanina-latorre-destapo-la-dolorosa-verdad-detras-del-corte-letal-que-gabriela-sabatini-hizo-con-su-familia-se-harto-de\/"},"modified":"2026-04-24T22:59:58","modified_gmt":"2026-04-25T01:59:58","slug":"yanina-latorre-destapo-la-dolorosa-verdad-detras-del-corte-letal-que-gabriela-sabatini-hizo-con-su-familia-se-harto-de","status":"publish","type":"post","link":"http:\/\/cuartetoenlaweb.com.ar\/sitio\/yanina-latorre-destapo-la-dolorosa-verdad-detras-del-corte-letal-que-gabriela-sabatini-hizo-con-su-familia-se-harto-de\/","title":{"rendered":"Yanina Latorre destap\u00f3 la dolorosa verdad detr\u00e1s del corte letal que Gabriela Sabatini hizo con su familia: \u201cSe hart\u00f3 de\u2026\u201d"},"content":{"rendered":"<p>En estos d\u00edas el foco volvi\u00f3 a quedar en la distancia que puso <strong>Gabriela Sabatini<\/strong> con su familia. De ser unidos, carne y u\u00f1a, la campeona del US Open un d\u00eda dijo \u201cbasta\u201d y se apart\u00f3 para siempre. Gaby dej\u00f3 de hablar con <strong>Ova<\/strong>, <strong>Cathy Fulop<\/strong> y sus sobrinas. No fue a la boda de <strong>Oriana <\/strong>y <a href=\"https:\/\/www.paparazzi.com.ar\/teve\/la-durisima-frase-de-oriana-sabatini-contra-gaby-sabatini-por-no-querer-conocer-a-su-bebe-es-una\/\" id=\"https:\/\/www.paparazzi.com.ar\/teve\/la-durisima-frase-de-oriana-sabatini-contra-gaby-sabatini-por-no-querer-conocer-a-su-bebe-es-una\/\">ni la salud\u00f3<\/a> cuando naci\u00f3 <strong>Gia<\/strong>, su primera sobrina nieta. <\/p>\n<p>Y luego de las \u00faltimas declaraciones de Oriana, quien dej\u00f3 en claro que fue su t\u00eda quien se alej\u00f3,<strong>Yanina Latorre<\/strong> habl\u00f3 en su programa de <em>El Observador<\/em> y lanz\u00f3 una perspectiva que nunca antes se hab\u00eda mencionado. Seg\u00fan <a href=\"https:\/\/www.paparazzi.com.ar\/tag\/yanina-latorre\/\" id=\"https:\/\/www.paparazzi.com.ar\/tag\/yanina-latorre\/\">Yanina<\/a>, <a href=\"https:\/\/www.paparazzi.com.ar\/tag\/gabriela-sabatini\/\" id=\"https:\/\/www.paparazzi.com.ar\/tag\/gabriela-sabatini\/\">Gabriela Sabatini <\/a>\u201cse hart\u00f3 de mantener a todos\u201d.\u00a0<\/p>\n<div class=\"mt-box \">\n<h4 class=\"mt-heading\">Mir\u00e1 Tambi\u00e9n<\/h4>\n<p><a href=\"https:\/\/www.paparazzi.com.ar\/teve\/la-inesperada-actitud-de-allegra-cubero-con-mica-viciconte-a-horas-de-su-fiesta-de-15-anos\/\"><\/p>\n<div class=\"mt-content\">\n<div class=\"mt-image-container\"><img decoding=\"async\" src=\"https:\/\/www.paparazzi.com.ar\/wp-content\/uploads\/2026\/04\/allegra-cubero-mica-viciconte-359x226.jpg\" alt=\"La inesperada actitud de Allegra Cubero con Mica Viciconte a horas de su fiesta de 15 a\u00f1os\" class=\"mt-image\" loading=\"lazy\" \/><\/div>\n<h5 class=\"mt-title\">La inesperada actitud de Allegra Cubero con Mica Viciconte a horas de su fiesta de 15 a\u00f1os<\/h5>\n<\/div>\n<p><\/a><\/div>\n<p>\u201cVive en Suiza, es muy feliz y ellos le atribuyen un poco a la pareja de ella que se haya apartado. Pero yo creo que ella apart\u00f3 porque se hart\u00f3 de todo eso. Mantuvo a todos, le sacaron guita, lo puso de productor al hermano, fueron muchos a\u00f1os de bancar y un d\u00eda dijo \u00b4basta macho, me pudr\u00ed\u00b4\u201d, dijo.&nbsp;<\/p>\n<p>Yanina se\u00f1al\u00f3 que a la mam\u00e1 \u201cle dio todo\u201d y que todo cambi\u00f3 cuando ella muri\u00f3. \u201cDijo \u00b4el departamento es m\u00edo\u00b4, lo vendi\u00f3, se encontr\u00f3 que todos iban a vacacionar al departamento de Bety, pero era suyo\u201d, agreg\u00f3. Asimismo, la ex angelita se\u00f1al\u00f3 un drama que padecen frecuentemente \u201clos ni\u00f1os deportistas\u201d.<\/p>\n<h2 class=\"wp-block-heading\">EL DRAMA QUE GABRIELA SABATINI SUFRI\u00d3, SEG\u00daN YANINA LATORRE<\/h2>\n<p>\u201cLe pas\u00f3 a mi marido (<strong>Diego Latorre<\/strong>) con su padre: te presionan tanto, te obligan tanto a laburar y te sacan tanta guita que qued\u00e1s ofuscado\u201d, explic\u00f3 Yanina, que opina que cuando Gaby pudo liberarse de tanto peso, vivir su sexualidad tranquila y dem\u00e1s, no encontr\u00f3 lugar en su pa\u00eds.\u00a0<\/p>\n<p>\u201cLo tuvo que hacer en Suiza, porque ac\u00e1 no le dieron la oportunidad\u201d, sostuvo Yani. Gaby, con los padres, fuera de que nunca le dejaron vivir su sexualidad, ella dej\u00f3 de disfrutar, de la presi\u00f3n que ten\u00eda de trabajar y ganar plata\u201d, dijo. \u201cYo creo que Cathy y Ova se equivocan\u201d, cerr\u00f3, convencida de que hay un trasfondo mucho m\u00e1s profundo en ese corte que puso la tenista.&nbsp;<\/p>\n<p>The post <a href=\"https:\/\/www.paparazzi.com.ar\/teve\/yanina-latorre-destapo-la-dolorosa-verdad-detras-del-corte-letal-que-gabriela-sabatini-hizo-con-su-familia-se-harto-de\/\">Yanina Latorre destap\u00f3 la dolorosa verdad detr\u00e1s del corte letal que Gabriela Sabatini hizo con su familia: \u201cSe hart\u00f3 de\u2026\u201d<\/a> appeared first on <a href=\"https:\/\/www.paparazzi.com.ar\">Revista Paparazzi<\/a>.<\/p>\n","protected":false},"excerpt":{"rendered":"<p>En estos d\u00edas el foco volvi\u00f3 a quedar en la<\/p>\n","protected":false},"author":0,"featured_media":18803,"comment_status":"","ping_status":"","sticky":false,"template":"","format":"standard","meta":{"footnotes":""},"categories":[12],"tags":[],"class_list":["post-18802","post","type-post","status-publish","format-standard","has-post-thumbnail","hentry","category-espectaculo"],"yoast_head":"<!-- This site is optimized with the Yoast SEO plugin v27.4 - https:\/\/yoast.com\/product\/yoast-seo-wordpress\/ -->\n<title>Yanina Latorre destap\u00f3 la dolorosa verdad detr\u00e1s del corte letal que Gabriela Sabatini hizo con su familia: \u201cSe hart\u00f3 de\u2026\u201d - Cuarteto en la Web<\/title>\n<meta name=\"robots\" content=\"index, follow, max-snippet:-1, max-image-preview:large, max-video-preview:-1\" \/>\n<link rel=\"canonical\" href=\"https:\/\/cuartetoenlaweb.com.ar\/sitio\/yanina-latorre-destapo-la-dolorosa-verdad-detras-del-corte-letal-que-gabriela-sabatini-hizo-con-su-familia-se-harto-de\/\" \/>\n<meta property=\"og:locale\" content=\"es_ES\" \/>\n<meta property=\"og:type\" content=\"article\" \/>\n<meta property=\"og:title\" content=\"Yanina Latorre destap\u00f3 la dolorosa verdad detr\u00e1s del corte letal que Gabriela Sabatini hizo con su familia: \u201cSe hart\u00f3 de\u2026\u201d - Cuarteto en la Web\" \/>\n<meta property=\"og:description\" content=\"En estos d\u00edas el foco volvi\u00f3 a quedar en la\" \/>\n<meta property=\"og:url\" content=\"https:\/\/cuartetoenlaweb.com.ar\/sitio\/yanina-latorre-destapo-la-dolorosa-verdad-detras-del-corte-letal-que-gabriela-sabatini-hizo-con-su-familia-se-harto-de\/\" \/>\n<meta property=\"og:site_name\" content=\"Cuarteto en la Web\" \/>\n<meta property=\"article:published_time\" content=\"2026-04-25T01:59:58+00:00\" \/>\n<meta property=\"og:image\" content=\"https:\/\/www.paparazzi.com.ar\/wp-content\/uploads\/2026\/04\/allegra-cubero-mica-viciconte-359x226.jpg\" \/>\n<meta name=\"twitter:card\" content=\"summary_large_image\" \/>\n<meta name=\"twitter:label1\" content=\"Tiempo de lectura\" \/>\n\t<meta name=\"twitter:data1\" content=\"2 minutos\" \/>\n<script type=\"application\/ld+json\" class=\"yoast-schema-graph\">{\"@context\":\"https:\\\/\\\/schema.org\",\"@graph\":[{\"@type\":\"Article\",\"@id\":\"https:\\\/\\\/cuartetoenlaweb.com.ar\\\/sitio\\\/yanina-latorre-destapo-la-dolorosa-verdad-detras-del-corte-letal-que-gabriela-sabatini-hizo-con-su-familia-se-harto-de\\\/#article\",\"isPartOf\":{\"@id\":\"https:\\\/\\\/cuartetoenlaweb.com.ar\\\/sitio\\\/yanina-latorre-destapo-la-dolorosa-verdad-detras-del-corte-letal-que-gabriela-sabatini-hizo-con-su-familia-se-harto-de\\\/\"},\"author\":{\"name\":\"\",\"@id\":\"\"},\"headline\":\"Yanina Latorre destap\u00f3 la dolorosa verdad detr\u00e1s del corte letal que Gabriela Sabatini hizo con su familia: \u201cSe hart\u00f3 de\u2026\u201d\",\"datePublished\":\"2026-04-25T01:59:58+00:00\",\"mainEntityOfPage\":{\"@id\":\"https:\\\/\\\/cuartetoenlaweb.com.ar\\\/sitio\\\/yanina-latorre-destapo-la-dolorosa-verdad-detras-del-corte-letal-que-gabriela-sabatini-hizo-con-su-familia-se-harto-de\\\/\"},\"wordCount\":442,\"publisher\":{\"@id\":\"http:\\\/\\\/cuartetoenlaweb.com.ar\\\/sitio\\\/#organization\"},\"image\":{\"@id\":\"https:\\\/\\\/cuartetoenlaweb.com.ar\\\/sitio\\\/yanina-latorre-destapo-la-dolorosa-verdad-detras-del-corte-letal-que-gabriela-sabatini-hizo-con-su-familia-se-harto-de\\\/#primaryimage\"},\"thumbnailUrl\":\"http:\\\/\\\/cuartetoenlaweb.com.ar\\\/sitio\\\/wp-content\\\/uploads\\\/2026\\\/04\\\/allegra-cubero-mica-viciconte-359x226-2.jpg\",\"articleSection\":[\"ESPECT\u00c1CULO\"],\"inLanguage\":\"es\"},{\"@type\":\"WebPage\",\"@id\":\"https:\\\/\\\/cuartetoenlaweb.com.ar\\\/sitio\\\/yanina-latorre-destapo-la-dolorosa-verdad-detras-del-corte-letal-que-gabriela-sabatini-hizo-con-su-familia-se-harto-de\\\/\",\"url\":\"https:\\\/\\\/cuartetoenlaweb.com.ar\\\/sitio\\\/yanina-latorre-destapo-la-dolorosa-verdad-detras-del-corte-letal-que-gabriela-sabatini-hizo-con-su-familia-se-harto-de\\\/\",\"name\":\"Yanina Latorre destap\u00f3 la dolorosa verdad detr\u00e1s del corte letal que Gabriela Sabatini hizo con su familia: \u201cSe hart\u00f3 de\u2026\u201d - Cuarteto en la Web\",\"isPartOf\":{\"@id\":\"http:\\\/\\\/cuartetoenlaweb.com.ar\\\/sitio\\\/#website\"},\"primaryImageOfPage\":{\"@id\":\"https:\\\/\\\/cuartetoenlaweb.com.ar\\\/sitio\\\/yanina-latorre-destapo-la-dolorosa-verdad-detras-del-corte-letal-que-gabriela-sabatini-hizo-con-su-familia-se-harto-de\\\/#primaryimage\"},\"image\":{\"@id\":\"https:\\\/\\\/cuartetoenlaweb.com.ar\\\/sitio\\\/yanina-latorre-destapo-la-dolorosa-verdad-detras-del-corte-letal-que-gabriela-sabatini-hizo-con-su-familia-se-harto-de\\\/#primaryimage\"},\"thumbnailUrl\":\"http:\\\/\\\/cuartetoenlaweb.com.ar\\\/sitio\\\/wp-content\\\/uploads\\\/2026\\\/04\\\/allegra-cubero-mica-viciconte-359x226-2.jpg\",\"datePublished\":\"2026-04-25T01:59:58+00:00\",\"breadcrumb\":{\"@id\":\"https:\\\/\\\/cuartetoenlaweb.com.ar\\\/sitio\\\/yanina-latorre-destapo-la-dolorosa-verdad-detras-del-corte-letal-que-gabriela-sabatini-hizo-con-su-familia-se-harto-de\\\/#breadcrumb\"},\"inLanguage\":\"es\",\"potentialAction\":[{\"@type\":\"ReadAction\",\"target\":[\"https:\\\/\\\/cuartetoenlaweb.com.ar\\\/sitio\\\/yanina-latorre-destapo-la-dolorosa-verdad-detras-del-corte-letal-que-gabriela-sabatini-hizo-con-su-familia-se-harto-de\\\/\"]}]},{\"@type\":\"ImageObject\",\"inLanguage\":\"es\",\"@id\":\"https:\\\/\\\/cuartetoenlaweb.com.ar\\\/sitio\\\/yanina-latorre-destapo-la-dolorosa-verdad-detras-del-corte-letal-que-gabriela-sabatini-hizo-con-su-familia-se-harto-de\\\/#primaryimage\",\"url\":\"http:\\\/\\\/cuartetoenlaweb.com.ar\\\/sitio\\\/wp-content\\\/uploads\\\/2026\\\/04\\\/allegra-cubero-mica-viciconte-359x226-2.jpg\",\"contentUrl\":\"http:\\\/\\\/cuartetoenlaweb.com.ar\\\/sitio\\\/wp-content\\\/uploads\\\/2026\\\/04\\\/allegra-cubero-mica-viciconte-359x226-2.jpg\",\"width\":359,\"height\":226},{\"@type\":\"BreadcrumbList\",\"@id\":\"https:\\\/\\\/cuartetoenlaweb.com.ar\\\/sitio\\\/yanina-latorre-destapo-la-dolorosa-verdad-detras-del-corte-letal-que-gabriela-sabatini-hizo-con-su-familia-se-harto-de\\\/#breadcrumb\",\"itemListElement\":[{\"@type\":\"ListItem\",\"position\":1,\"name\":\"Portada\",\"item\":\"http:\\\/\\\/cuartetoenlaweb.com.ar\\\/sitio\\\/\"},{\"@type\":\"ListItem\",\"position\":2,\"name\":\"Yanina Latorre destap\u00f3 la dolorosa verdad detr\u00e1s del corte letal que Gabriela Sabatini hizo con su familia: \u201cSe hart\u00f3 de\u2026\u201d\"}]},{\"@type\":\"WebSite\",\"@id\":\"http:\\\/\\\/cuartetoenlaweb.com.ar\\\/sitio\\\/#website\",\"url\":\"http:\\\/\\\/cuartetoenlaweb.com.ar\\\/sitio\\\/\",\"name\":\"Cuarteto en la Web\",\"description\":\"\",\"publisher\":{\"@id\":\"http:\\\/\\\/cuartetoenlaweb.com.ar\\\/sitio\\\/#organization\"},\"potentialAction\":[{\"@type\":\"SearchAction\",\"target\":{\"@type\":\"EntryPoint\",\"urlTemplate\":\"http:\\\/\\\/cuartetoenlaweb.com.ar\\\/sitio\\\/?s={search_term_string}\"},\"query-input\":{\"@type\":\"PropertyValueSpecification\",\"valueRequired\":true,\"valueName\":\"search_term_string\"}}],\"inLanguage\":\"es\"},{\"@type\":\"Organization\",\"@id\":\"http:\\\/\\\/cuartetoenlaweb.com.ar\\\/sitio\\\/#organization\",\"name\":\"Cuarteto en la Web\",\"url\":\"http:\\\/\\\/cuartetoenlaweb.com.ar\\\/sitio\\\/\",\"logo\":{\"@type\":\"ImageObject\",\"inLanguage\":\"es\",\"@id\":\"http:\\\/\\\/cuartetoenlaweb.com.ar\\\/sitio\\\/#\\\/schema\\\/logo\\\/image\\\/\",\"url\":\"http:\\\/\\\/cuartetoenlaweb.com.ar\\\/sitio\\\/wp-content\\\/uploads\\\/2025\\\/07\\\/cropped-cropped-logitoweb21.png\",\"contentUrl\":\"http:\\\/\\\/cuartetoenlaweb.com.ar\\\/sitio\\\/wp-content\\\/uploads\\\/2025\\\/07\\\/cropped-cropped-logitoweb21.png\",\"width\":199,\"height\":199,\"caption\":\"Cuarteto en la Web\"},\"image\":{\"@id\":\"http:\\\/\\\/cuartetoenlaweb.com.ar\\\/sitio\\\/#\\\/schema\\\/logo\\\/image\\\/\"}}]}<\/script>\n<!-- \/ Yoast SEO plugin. -->","yoast_head_json":{"title":"Yanina Latorre destap\u00f3 la dolorosa verdad detr\u00e1s del corte letal que Gabriela Sabatini hizo con su familia: \u201cSe hart\u00f3 de\u2026\u201d - Cuarteto en la Web","robots":{"index":"index","follow":"follow","max-snippet":"max-snippet:-1","max-image-preview":"max-image-preview:large","max-video-preview":"max-video-preview:-1"},"canonical":"https:\/\/cuartetoenlaweb.com.ar\/sitio\/yanina-latorre-destapo-la-dolorosa-verdad-detras-del-corte-letal-que-gabriela-sabatini-hizo-con-su-familia-se-harto-de\/","og_locale":"es_ES","og_type":"article","og_title":"Yanina Latorre destap\u00f3 la dolorosa verdad detr\u00e1s del corte letal que Gabriela Sabatini hizo con su familia: \u201cSe hart\u00f3 de\u2026\u201d - Cuarteto en la Web","og_description":"En estos d\u00edas el foco volvi\u00f3 a quedar en la","og_url":"https:\/\/cuartetoenlaweb.com.ar\/sitio\/yanina-latorre-destapo-la-dolorosa-verdad-detras-del-corte-letal-que-gabriela-sabatini-hizo-con-su-familia-se-harto-de\/","og_site_name":"Cuarteto en la Web","article_published_time":"2026-04-25T01:59:58+00:00","og_image":[{"url":"https:\/\/www.paparazzi.com.ar\/wp-content\/uploads\/2026\/04\/allegra-cubero-mica-viciconte-359x226.jpg","type":"","width":"","height":""}],"twitter_card":"summary_large_image","twitter_misc":{"Tiempo de lectura":"2 minutos"},"schema":{"@context":"https:\/\/schema.org","@graph":[{"@type":"Article","@id":"https:\/\/cuartetoenlaweb.com.ar\/sitio\/yanina-latorre-destapo-la-dolorosa-verdad-detras-del-corte-letal-que-gabriela-sabatini-hizo-con-su-familia-se-harto-de\/#article","isPartOf":{"@id":"https:\/\/cuartetoenlaweb.com.ar\/sitio\/yanina-latorre-destapo-la-dolorosa-verdad-detras-del-corte-letal-que-gabriela-sabatini-hizo-con-su-familia-se-harto-de\/"},"author":{"name":"","@id":""},"headline":"Yanina Latorre destap\u00f3 la dolorosa verdad detr\u00e1s del corte letal que Gabriela Sabatini hizo con su familia: \u201cSe hart\u00f3 de\u2026\u201d","datePublished":"2026-04-25T01:59:58+00:00","mainEntityOfPage":{"@id":"https:\/\/cuartetoenlaweb.com.ar\/sitio\/yanina-latorre-destapo-la-dolorosa-verdad-detras-del-corte-letal-que-gabriela-sabatini-hizo-con-su-familia-se-harto-de\/"},"wordCount":442,"publisher":{"@id":"http:\/\/cuartetoenlaweb.com.ar\/sitio\/#organization"},"image":{"@id":"https:\/\/cuartetoenlaweb.com.ar\/sitio\/yanina-latorre-destapo-la-dolorosa-verdad-detras-del-corte-letal-que-gabriela-sabatini-hizo-con-su-familia-se-harto-de\/#primaryimage"},"thumbnailUrl":"http:\/\/cuartetoenlaweb.com.ar\/sitio\/wp-content\/uploads\/2026\/04\/allegra-cubero-mica-viciconte-359x226-2.jpg","articleSection":["ESPECT\u00c1CULO"],"inLanguage":"es"},{"@type":"WebPage","@id":"https:\/\/cuartetoenlaweb.com.ar\/sitio\/yanina-latorre-destapo-la-dolorosa-verdad-detras-del-corte-letal-que-gabriela-sabatini-hizo-con-su-familia-se-harto-de\/","url":"https:\/\/cuartetoenlaweb.com.ar\/sitio\/yanina-latorre-destapo-la-dolorosa-verdad-detras-del-corte-letal-que-gabriela-sabatini-hizo-con-su-familia-se-harto-de\/","name":"Yanina Latorre destap\u00f3 la dolorosa verdad detr\u00e1s del corte letal que Gabriela Sabatini hizo con su familia: \u201cSe hart\u00f3 de\u2026\u201d - Cuarteto en la Web","isPartOf":{"@id":"http:\/\/cuartetoenlaweb.com.ar\/sitio\/#website"},"primaryImageOfPage":{"@id":"https:\/\/cuartetoenlaweb.com.ar\/sitio\/yanina-latorre-destapo-la-dolorosa-verdad-detras-del-corte-letal-que-gabriela-sabatini-hizo-con-su-familia-se-harto-de\/#primaryimage"},"image":{"@id":"https:\/\/cuartetoenlaweb.com.ar\/sitio\/yanina-latorre-destapo-la-dolorosa-verdad-detras-del-corte-letal-que-gabriela-sabatini-hizo-con-su-familia-se-harto-de\/#primaryimage"},"thumbnailUrl":"http:\/\/cuartetoenlaweb.com.ar\/sitio\/wp-content\/uploads\/2026\/04\/allegra-cubero-mica-viciconte-359x226-2.jpg","datePublished":"2026-04-25T01:59:58+00:00","breadcrumb":{"@id":"https:\/\/cuartetoenlaweb.com.ar\/sitio\/yanina-latorre-destapo-la-dolorosa-verdad-detras-del-corte-letal-que-gabriela-sabatini-hizo-con-su-familia-se-harto-de\/#breadcrumb"},"inLanguage":"es","potentialAction":[{"@type":"ReadAction","target":["https:\/\/cuartetoenlaweb.com.ar\/sitio\/yanina-latorre-destapo-la-dolorosa-verdad-detras-del-corte-letal-que-gabriela-sabatini-hizo-con-su-familia-se-harto-de\/"]}]},{"@type":"ImageObject","inLanguage":"es","@id":"https:\/\/cuartetoenlaweb.com.ar\/sitio\/yanina-latorre-destapo-la-dolorosa-verdad-detras-del-corte-letal-que-gabriela-sabatini-hizo-con-su-familia-se-harto-de\/#primaryimage","url":"http:\/\/cuartetoenlaweb.com.ar\/sitio\/wp-content\/uploads\/2026\/04\/allegra-cubero-mica-viciconte-359x226-2.jpg","contentUrl":"http:\/\/cuartetoenlaweb.com.ar\/sitio\/wp-content\/uploads\/2026\/04\/allegra-cubero-mica-viciconte-359x226-2.jpg","width":359,"height":226},{"@type":"BreadcrumbList","@id":"https:\/\/cuartetoenlaweb.com.ar\/sitio\/yanina-latorre-destapo-la-dolorosa-verdad-detras-del-corte-letal-que-gabriela-sabatini-hizo-con-su-familia-se-harto-de\/#breadcrumb","itemListElement":[{"@type":"ListItem","position":1,"name":"Portada","item":"http:\/\/cuartetoenlaweb.com.ar\/sitio\/"},{"@type":"ListItem","position":2,"name":"Yanina Latorre destap\u00f3 la dolorosa verdad detr\u00e1s del corte letal que Gabriela Sabatini hizo con su familia: \u201cSe hart\u00f3 de\u2026\u201d"}]},{"@type":"WebSite","@id":"http:\/\/cuartetoenlaweb.com.ar\/sitio\/#website","url":"http:\/\/cuartetoenlaweb.com.ar\/sitio\/","name":"Cuarteto en la Web","description":"","publisher":{"@id":"http:\/\/cuartetoenlaweb.com.ar\/sitio\/#organization"},"potentialAction":[{"@type":"SearchAction","target":{"@type":"EntryPoint","urlTemplate":"http:\/\/cuartetoenlaweb.com.ar\/sitio\/?s={search_term_string}"},"query-input":{"@type":"PropertyValueSpecification","valueRequired":true,"valueName":"search_term_string"}}],"inLanguage":"es"},{"@type":"Organization","@id":"http:\/\/cuartetoenlaweb.com.ar\/sitio\/#organization","name":"Cuarteto en la Web","url":"http:\/\/cuartetoenlaweb.com.ar\/sitio\/","logo":{"@type":"ImageObject","inLanguage":"es","@id":"http:\/\/cuartetoenlaweb.com.ar\/sitio\/#\/schema\/logo\/image\/","url":"http:\/\/cuartetoenlaweb.com.ar\/sitio\/wp-content\/uploads\/2025\/07\/cropped-cropped-logitoweb21.png","contentUrl":"http:\/\/cuartetoenlaweb.com.ar\/sitio\/wp-content\/uploads\/2025\/07\/cropped-cropped-logitoweb21.png","width":199,"height":199,"caption":"Cuarteto en la Web"},"image":{"@id":"http:\/\/cuartetoenlaweb.com.ar\/sitio\/#\/schema\/logo\/image\/"}}]}},"_links":{"self":[{"href":"http:\/\/cuartetoenlaweb.com.ar\/sitio\/wp-json\/wp\/v2\/posts\/18802","targetHints":{"allow":["GET"]}}],"collection":[{"href":"http:\/\/cuartetoenlaweb.com.ar\/sitio\/wp-json\/wp\/v2\/posts"}],"about":[{"href":"http:\/\/cuartetoenlaweb.com.ar\/sitio\/wp-json\/wp\/v2\/types\/post"}],"replies":[{"embeddable":true,"href":"http:\/\/cuartetoenlaweb.com.ar\/sitio\/wp-json\/wp\/v2\/comments?post=18802"}],"version-history":[{"count":0,"href":"http:\/\/cuartetoenlaweb.com.ar\/sitio\/wp-json\/wp\/v2\/posts\/18802\/revisions"}],"wp:featuredmedia":[{"embeddable":true,"href":"http:\/\/cuartetoenlaweb.com.ar\/sitio\/wp-json\/wp\/v2\/media\/18803"}],"wp:attachment":[{"href":"http:\/\/cuartetoenlaweb.com.ar\/sitio\/wp-json\/wp\/v2\/media?parent=18802"}],"wp:term":[{"taxonomy":"category","embeddable":true,"href":"http:\/\/cuartetoenlaweb.com.ar\/sitio\/wp-json\/wp\/v2\/categories?post=18802"},{"taxonomy":"post_tag","embeddable":true,"href":"http:\/\/cuartetoenlaweb.com.ar\/sitio\/wp-json\/wp\/v2\/tags?post=18802"}],"curies":[{"name":"wp","href":"https:\/\/api.w.org\/{rel}","templated":true}]}}