
{"id":14546,"date":"2026-03-14T11:59:46","date_gmt":"2026-03-14T14:59:46","guid":{"rendered":"https:\/\/cuartetoenlaweb.com.ar\/sitio\/las-hijas-de-nicole-neumann-envueltas-en-medio-de-la-pelea-de-su-mama-con-cubero-sufren-y-estan\/"},"modified":"2026-03-14T11:59:46","modified_gmt":"2026-03-14T14:59:46","slug":"las-hijas-de-nicole-neumann-envueltas-en-medio-de-la-pelea-de-su-mama-con-cubero-sufren-y-estan","status":"publish","type":"post","link":"http:\/\/cuartetoenlaweb.com.ar\/sitio\/las-hijas-de-nicole-neumann-envueltas-en-medio-de-la-pelea-de-su-mama-con-cubero-sufren-y-estan\/","title":{"rendered":"Las hijas de Nicole Neumann envueltas en medio de la pelea de su mam\u00e1 con Cubero: &quot;Sufren y est\u00e1n&#8230;&quot;"},"content":{"rendered":"<p><strong>Nicole Neumann<\/strong> una vez m\u00e1s vuelve a estar en el centro de escena a partir de lo que ocurri\u00f3 en estas \u00faltimas horas con <strong><a href=\"https:\/\/www.paparazzi.com.ar\/teve\/allegra-cubero-se-metio-en-la-pelea-de-nicole-neumann-con-cubero-y-estallo-todo-en-la-familia-hicieron-todo-mal\/\">Allegra Cubero<\/a><\/strong>, su hija a quien viene de hacerle la fiesta de 15. La joven marc\u00f3 una clara postura y que no dej\u00f3 bien parada a su mam\u00e1.<\/p>\n<p>A partir de diferentes notas de cobertura que realiz\u00f3 <em>Paparazzi<\/em>, Allegra dio diferente me gusta en la cuenta de Instagram oficial de la revista, en donde se inform\u00f3 acerca del conflicto que llevan Nicole con Fabi\u00e1n Cubero y cu\u00e1nto les afectaba a ella como hijas.<\/p>\n<div class=\"mt-box \">\n<h4 class=\"mt-heading\">Mir\u00e1 Tambi\u00e9n<\/h4>\n<p><a href=\"https:\/\/www.paparazzi.com.ar\/romances\/ian-lucas-letal-con-evangelina-anderson-tras-su-coqueteo-con-l-gante-un-boludo-no-quiero-ni-nombrarla\/\"><\/p>\n<div class=\"mt-content\">\n<div class=\"mt-image-container\"><img decoding=\"async\" src=\"https:\/\/www.paparazzi.com.ar\/wp-content\/uploads\/2026\/03\/Ian-Lucas-letal-con-Evangelina-Anderson-tras-su-coqueteo-con-L-Gante-22Un-boludo-no-quiero-ni-nombrarla22-359x226.jpg\" alt=\"Ian Lucas letal con Evangelina Anderson tras su coquete\u00f3 con L-Gante: &quot;Un boludo, no quiero ni nombrarla&quot;\" class=\"mt-image\" loading=\"lazy\" \/><\/div>\n<h5 class=\"mt-title\">Ian Lucas letal con Evangelina Anderson tras su coquete\u00f3 con L-Gante: \u00abUn boludo, no quiero ni nombrarla\u00bb<\/h5>\n<\/div>\n<p><\/a><\/div>\n<p>En <em>Puro Show <\/em>tomaron este tema y opinaron respecto a lo que est\u00e1 pasando. <strong>Pochi de Gossipeame<\/strong> coincidi\u00f3 con la lectura que hizo <a href=\"https:\/\/www.paparazzi.com.ar\/teve\/las-hijas-de-nicole-neumann-y-fabian-cubero-viven-su-peor-momento-son-chicas-esto-les-afecta\/\">Neumann<\/a> respondiendo a los medios, en relaci\u00f3n a que sus hijas sufren y se ven afectadas por estas situaciones.<\/p>\n<p>\u201cLa hija estuvo likeando publicaciones de portales que hablaban un poco sobre esta cuesti\u00f3n del conflicto de sus quince, que ella lo haya celebrado con la mam\u00e1, previa a la celebraci\u00f3n con el padre. Como lo dijo en una nota Nicole, las hijas, quieras o no, se ven afectadas por estos conflictos de los padres\u201d, destac\u00f3 la periodista.<\/p>\n<h2 class=\"wp-block-heading\">NICOLE NEUMANN Y LA PREOCUPACI\u00d3N POR SUS HIJAS<\/h2>\n<p>En la entrevista a la que se refiri\u00f3 Pochi, <a href=\"https:\/\/www.paparazzi.com.ar\/romances\/la-hermana-de-nicole-neumann-se-metio-en-la-polemica-fiesta-de-15-de-la-hija-de-cubero-ridiculo\/\">Nicole<\/a> mostr\u00f3 su preocupaci\u00f3n al respecto. Adem\u00e1s de haber estado sorprendida por esta actitud de Allegra, en donde avis\u00f3 que iba a hablarlo, pero siempre preocupando el bienestar de sus tres hijas.<\/p>\n<div class=\"mt-box \">\n<h4 class=\"mt-heading\">Mir\u00e1 Tambi\u00e9n<\/h4>\n<p><a href=\"https:\/\/www.paparazzi.com.ar\/teve\/tremendo-reves-para-carmina-tras-ser-expulsada-en-gh-puede-ir-presa-estuvo-influenciada-por-el-alcohol-y\/\"><\/p>\n<div class=\"mt-content\">\n<div class=\"mt-image-container\"><img decoding=\"async\" src=\"https:\/\/www.paparazzi.com.ar\/wp-content\/uploads\/2026\/03\/Carmina-359x226.jpg\" alt=\"Tremendo rev\u00e9s para Carmi\u00f1a tras ser expulsada en GH: &quot;Puede ir presa, estuvo influenciada por el alcohol y...&quot;\" class=\"mt-image\" loading=\"lazy\" \/><\/div>\n<h5 class=\"mt-title\">Tremendo rev\u00e9s para Carmi\u00f1a tras ser expulsada en GH: \u00abPuede ir presa, estuvo influenciada por el alcohol y&#8230;\u00bb<\/h5>\n<\/div>\n<p><\/a><\/div>\n<p>\u201cNo me gusta que la vida de mis hijas sea expuesta para nada. No me gusta, no me gusta porque lo padecen ellas en alg\u00fan punto&#8230; Sufren ellas, s\u00ed obvio. No, no estaba enterada. Ah, no, no, no. Ahora la voy a charlar\u201d, sostuvo Neumann en di\u00e1logo con el programa de <em>El Trece<\/em>.<\/p>\n<p>En una nueva fase del conflicto que hoy atraviesan Nicole con Cubero, el ex futbolista fue determinante al afirmar que, luego de las pol\u00e9micas que enfrent\u00f3 con Neumann, no hay manera de encontrar la paz y seguir\u00e1n de esta forma.<\/p>\n<p>The post <a href=\"https:\/\/www.paparazzi.com.ar\/teve\/las-hijas-de-nicole-neumann-envueltas-en-medio-de-la-pelea-de-su-mama-con-cubero-sufren-y-estan\/\">Las hijas de Nicole Neumann envueltas en medio de la pelea de su mam\u00e1 con Cubero: &quot;Sufren y est\u00e1n&#8230;&quot;<\/a> appeared first on <a href=\"https:\/\/www.paparazzi.com.ar\">Revista Paparazzi<\/a>.<\/p>\n","protected":false},"excerpt":{"rendered":"<p>Nicole Neumann una vez m\u00e1s vuelve a estar en el<\/p>\n","protected":false},"author":0,"featured_media":14547,"comment_status":"","ping_status":"","sticky":false,"template":"","format":"standard","meta":{"footnotes":""},"categories":[12],"tags":[],"class_list":["post-14546","post","type-post","status-publish","format-standard","has-post-thumbnail","hentry","category-espectaculo"],"yoast_head":"<!-- This site is optimized with the Yoast SEO plugin v27.5 - https:\/\/yoast.com\/product\/yoast-seo-wordpress\/ -->\n<title>Las hijas de Nicole Neumann envueltas en medio de la pelea de su mam\u00e1 con Cubero: &quot;Sufren y est\u00e1n...&quot; - Cuarteto en la Web<\/title>\n<meta name=\"robots\" content=\"index, follow, max-snippet:-1, max-image-preview:large, max-video-preview:-1\" \/>\n<link rel=\"canonical\" href=\"http:\/\/cuartetoenlaweb.com.ar\/sitio\/las-hijas-de-nicole-neumann-envueltas-en-medio-de-la-pelea-de-su-mama-con-cubero-sufren-y-estan\/\" \/>\n<meta property=\"og:locale\" content=\"es_ES\" \/>\n<meta property=\"og:type\" content=\"article\" \/>\n<meta property=\"og:title\" content=\"Las hijas de Nicole Neumann envueltas en medio de la pelea de su mam\u00e1 con Cubero: &quot;Sufren y est\u00e1n...&quot; - Cuarteto en la Web\" \/>\n<meta property=\"og:description\" content=\"Nicole Neumann una vez m\u00e1s vuelve a estar en el\" \/>\n<meta property=\"og:url\" content=\"http:\/\/cuartetoenlaweb.com.ar\/sitio\/las-hijas-de-nicole-neumann-envueltas-en-medio-de-la-pelea-de-su-mama-con-cubero-sufren-y-estan\/\" \/>\n<meta property=\"og:site_name\" content=\"Cuarteto en la Web\" \/>\n<meta property=\"article:published_time\" content=\"2026-03-14T14:59:46+00:00\" \/>\n<meta property=\"og:image\" content=\"http:\/\/cuartetoenlaweb.com.ar\/sitio\/wp-content\/uploads\/2026\/03\/Ian-Lucas-letal-con-Evangelina-Anderson-tras-su-coqueteo-con-L-Gante-22Un-boludo-no-quiero-ni-nombrarla22-359x226-1.jpg\" \/>\n\t<meta property=\"og:image:width\" content=\"359\" \/>\n\t<meta property=\"og:image:height\" content=\"226\" \/>\n\t<meta property=\"og:image:type\" content=\"image\/jpeg\" \/>\n<meta name=\"twitter:card\" content=\"summary_large_image\" \/>\n<meta name=\"twitter:label1\" content=\"Tiempo de lectura\" \/>\n\t<meta name=\"twitter:data1\" content=\"2 minutos\" \/>\n<script type=\"application\/ld+json\" class=\"yoast-schema-graph\">{\"@context\":\"https:\\\/\\\/schema.org\",\"@graph\":[{\"@type\":\"Article\",\"@id\":\"http:\\\/\\\/cuartetoenlaweb.com.ar\\\/sitio\\\/las-hijas-de-nicole-neumann-envueltas-en-medio-de-la-pelea-de-su-mama-con-cubero-sufren-y-estan\\\/#article\",\"isPartOf\":{\"@id\":\"http:\\\/\\\/cuartetoenlaweb.com.ar\\\/sitio\\\/las-hijas-de-nicole-neumann-envueltas-en-medio-de-la-pelea-de-su-mama-con-cubero-sufren-y-estan\\\/\"},\"author\":{\"name\":\"\",\"@id\":\"\"},\"headline\":\"Las hijas de Nicole Neumann envueltas en medio de la pelea de su mam\u00e1 con Cubero: &quot;Sufren y est\u00e1n&#8230;&quot;\",\"datePublished\":\"2026-03-14T14:59:46+00:00\",\"mainEntityOfPage\":{\"@id\":\"http:\\\/\\\/cuartetoenlaweb.com.ar\\\/sitio\\\/las-hijas-de-nicole-neumann-envueltas-en-medio-de-la-pelea-de-su-mama-con-cubero-sufren-y-estan\\\/\"},\"wordCount\":445,\"publisher\":{\"@id\":\"https:\\\/\\\/cuartetoenlaweb.com.ar\\\/sitio\\\/#organization\"},\"image\":{\"@id\":\"http:\\\/\\\/cuartetoenlaweb.com.ar\\\/sitio\\\/las-hijas-de-nicole-neumann-envueltas-en-medio-de-la-pelea-de-su-mama-con-cubero-sufren-y-estan\\\/#primaryimage\"},\"thumbnailUrl\":\"http:\\\/\\\/cuartetoenlaweb.com.ar\\\/sitio\\\/wp-content\\\/uploads\\\/2026\\\/03\\\/Ian-Lucas-letal-con-Evangelina-Anderson-tras-su-coqueteo-con-L-Gante-22Un-boludo-no-quiero-ni-nombrarla22-359x226-1.jpg\",\"articleSection\":[\"ESPECT\u00c1CULO\"],\"inLanguage\":\"es\"},{\"@type\":\"WebPage\",\"@id\":\"http:\\\/\\\/cuartetoenlaweb.com.ar\\\/sitio\\\/las-hijas-de-nicole-neumann-envueltas-en-medio-de-la-pelea-de-su-mama-con-cubero-sufren-y-estan\\\/\",\"url\":\"http:\\\/\\\/cuartetoenlaweb.com.ar\\\/sitio\\\/las-hijas-de-nicole-neumann-envueltas-en-medio-de-la-pelea-de-su-mama-con-cubero-sufren-y-estan\\\/\",\"name\":\"Las hijas de Nicole Neumann envueltas en medio de la pelea de su mam\u00e1 con Cubero: &quot;Sufren y est\u00e1n...&quot; - Cuarteto en la Web\",\"isPartOf\":{\"@id\":\"https:\\\/\\\/cuartetoenlaweb.com.ar\\\/sitio\\\/#website\"},\"primaryImageOfPage\":{\"@id\":\"http:\\\/\\\/cuartetoenlaweb.com.ar\\\/sitio\\\/las-hijas-de-nicole-neumann-envueltas-en-medio-de-la-pelea-de-su-mama-con-cubero-sufren-y-estan\\\/#primaryimage\"},\"image\":{\"@id\":\"http:\\\/\\\/cuartetoenlaweb.com.ar\\\/sitio\\\/las-hijas-de-nicole-neumann-envueltas-en-medio-de-la-pelea-de-su-mama-con-cubero-sufren-y-estan\\\/#primaryimage\"},\"thumbnailUrl\":\"http:\\\/\\\/cuartetoenlaweb.com.ar\\\/sitio\\\/wp-content\\\/uploads\\\/2026\\\/03\\\/Ian-Lucas-letal-con-Evangelina-Anderson-tras-su-coqueteo-con-L-Gante-22Un-boludo-no-quiero-ni-nombrarla22-359x226-1.jpg\",\"datePublished\":\"2026-03-14T14:59:46+00:00\",\"breadcrumb\":{\"@id\":\"http:\\\/\\\/cuartetoenlaweb.com.ar\\\/sitio\\\/las-hijas-de-nicole-neumann-envueltas-en-medio-de-la-pelea-de-su-mama-con-cubero-sufren-y-estan\\\/#breadcrumb\"},\"inLanguage\":\"es\",\"potentialAction\":[{\"@type\":\"ReadAction\",\"target\":[\"http:\\\/\\\/cuartetoenlaweb.com.ar\\\/sitio\\\/las-hijas-de-nicole-neumann-envueltas-en-medio-de-la-pelea-de-su-mama-con-cubero-sufren-y-estan\\\/\"]}]},{\"@type\":\"ImageObject\",\"inLanguage\":\"es\",\"@id\":\"http:\\\/\\\/cuartetoenlaweb.com.ar\\\/sitio\\\/las-hijas-de-nicole-neumann-envueltas-en-medio-de-la-pelea-de-su-mama-con-cubero-sufren-y-estan\\\/#primaryimage\",\"url\":\"http:\\\/\\\/cuartetoenlaweb.com.ar\\\/sitio\\\/wp-content\\\/uploads\\\/2026\\\/03\\\/Ian-Lucas-letal-con-Evangelina-Anderson-tras-su-coqueteo-con-L-Gante-22Un-boludo-no-quiero-ni-nombrarla22-359x226-1.jpg\",\"contentUrl\":\"http:\\\/\\\/cuartetoenlaweb.com.ar\\\/sitio\\\/wp-content\\\/uploads\\\/2026\\\/03\\\/Ian-Lucas-letal-con-Evangelina-Anderson-tras-su-coqueteo-con-L-Gante-22Un-boludo-no-quiero-ni-nombrarla22-359x226-1.jpg\",\"width\":359,\"height\":226},{\"@type\":\"BreadcrumbList\",\"@id\":\"http:\\\/\\\/cuartetoenlaweb.com.ar\\\/sitio\\\/las-hijas-de-nicole-neumann-envueltas-en-medio-de-la-pelea-de-su-mama-con-cubero-sufren-y-estan\\\/#breadcrumb\",\"itemListElement\":[{\"@type\":\"ListItem\",\"position\":1,\"name\":\"Portada\",\"item\":\"https:\\\/\\\/cuartetoenlaweb.com.ar\\\/sitio\\\/\"},{\"@type\":\"ListItem\",\"position\":2,\"name\":\"Las hijas de Nicole Neumann envueltas en medio de la pelea de su mam\u00e1 con Cubero: &quot;Sufren y est\u00e1n&#8230;&quot;\"}]},{\"@type\":\"WebSite\",\"@id\":\"https:\\\/\\\/cuartetoenlaweb.com.ar\\\/sitio\\\/#website\",\"url\":\"https:\\\/\\\/cuartetoenlaweb.com.ar\\\/sitio\\\/\",\"name\":\"Cuarteto en la Web\",\"description\":\"\",\"publisher\":{\"@id\":\"https:\\\/\\\/cuartetoenlaweb.com.ar\\\/sitio\\\/#organization\"},\"potentialAction\":[{\"@type\":\"SearchAction\",\"target\":{\"@type\":\"EntryPoint\",\"urlTemplate\":\"https:\\\/\\\/cuartetoenlaweb.com.ar\\\/sitio\\\/?s={search_term_string}\"},\"query-input\":{\"@type\":\"PropertyValueSpecification\",\"valueRequired\":true,\"valueName\":\"search_term_string\"}}],\"inLanguage\":\"es\"},{\"@type\":\"Organization\",\"@id\":\"https:\\\/\\\/cuartetoenlaweb.com.ar\\\/sitio\\\/#organization\",\"name\":\"Cuarteto en la Web\",\"url\":\"https:\\\/\\\/cuartetoenlaweb.com.ar\\\/sitio\\\/\",\"logo\":{\"@type\":\"ImageObject\",\"inLanguage\":\"es\",\"@id\":\"https:\\\/\\\/cuartetoenlaweb.com.ar\\\/sitio\\\/#\\\/schema\\\/logo\\\/image\\\/\",\"url\":\"http:\\\/\\\/cuartetoenlaweb.com.ar\\\/sitio\\\/wp-content\\\/uploads\\\/2025\\\/07\\\/cropped-cropped-logitoweb21.png\",\"contentUrl\":\"http:\\\/\\\/cuartetoenlaweb.com.ar\\\/sitio\\\/wp-content\\\/uploads\\\/2025\\\/07\\\/cropped-cropped-logitoweb21.png\",\"width\":199,\"height\":199,\"caption\":\"Cuarteto en la Web\"},\"image\":{\"@id\":\"https:\\\/\\\/cuartetoenlaweb.com.ar\\\/sitio\\\/#\\\/schema\\\/logo\\\/image\\\/\"}}]}<\/script>\n<!-- \/ Yoast SEO plugin. -->","yoast_head_json":{"title":"Las hijas de Nicole Neumann envueltas en medio de la pelea de su mam\u00e1 con Cubero: &quot;Sufren y est\u00e1n...&quot; - Cuarteto en la Web","robots":{"index":"index","follow":"follow","max-snippet":"max-snippet:-1","max-image-preview":"max-image-preview:large","max-video-preview":"max-video-preview:-1"},"canonical":"http:\/\/cuartetoenlaweb.com.ar\/sitio\/las-hijas-de-nicole-neumann-envueltas-en-medio-de-la-pelea-de-su-mama-con-cubero-sufren-y-estan\/","og_locale":"es_ES","og_type":"article","og_title":"Las hijas de Nicole Neumann envueltas en medio de la pelea de su mam\u00e1 con Cubero: &quot;Sufren y est\u00e1n...&quot; - Cuarteto en la Web","og_description":"Nicole Neumann una vez m\u00e1s vuelve a estar en el","og_url":"http:\/\/cuartetoenlaweb.com.ar\/sitio\/las-hijas-de-nicole-neumann-envueltas-en-medio-de-la-pelea-de-su-mama-con-cubero-sufren-y-estan\/","og_site_name":"Cuarteto en la Web","article_published_time":"2026-03-14T14:59:46+00:00","og_image":[{"width":359,"height":226,"url":"http:\/\/cuartetoenlaweb.com.ar\/sitio\/wp-content\/uploads\/2026\/03\/Ian-Lucas-letal-con-Evangelina-Anderson-tras-su-coqueteo-con-L-Gante-22Un-boludo-no-quiero-ni-nombrarla22-359x226-1.jpg","type":"image\/jpeg"}],"twitter_card":"summary_large_image","twitter_misc":{"Tiempo de lectura":"2 minutos"},"schema":{"@context":"https:\/\/schema.org","@graph":[{"@type":"Article","@id":"http:\/\/cuartetoenlaweb.com.ar\/sitio\/las-hijas-de-nicole-neumann-envueltas-en-medio-de-la-pelea-de-su-mama-con-cubero-sufren-y-estan\/#article","isPartOf":{"@id":"http:\/\/cuartetoenlaweb.com.ar\/sitio\/las-hijas-de-nicole-neumann-envueltas-en-medio-de-la-pelea-de-su-mama-con-cubero-sufren-y-estan\/"},"author":{"name":"","@id":""},"headline":"Las hijas de Nicole Neumann envueltas en medio de la pelea de su mam\u00e1 con Cubero: &quot;Sufren y est\u00e1n&#8230;&quot;","datePublished":"2026-03-14T14:59:46+00:00","mainEntityOfPage":{"@id":"http:\/\/cuartetoenlaweb.com.ar\/sitio\/las-hijas-de-nicole-neumann-envueltas-en-medio-de-la-pelea-de-su-mama-con-cubero-sufren-y-estan\/"},"wordCount":445,"publisher":{"@id":"https:\/\/cuartetoenlaweb.com.ar\/sitio\/#organization"},"image":{"@id":"http:\/\/cuartetoenlaweb.com.ar\/sitio\/las-hijas-de-nicole-neumann-envueltas-en-medio-de-la-pelea-de-su-mama-con-cubero-sufren-y-estan\/#primaryimage"},"thumbnailUrl":"http:\/\/cuartetoenlaweb.com.ar\/sitio\/wp-content\/uploads\/2026\/03\/Ian-Lucas-letal-con-Evangelina-Anderson-tras-su-coqueteo-con-L-Gante-22Un-boludo-no-quiero-ni-nombrarla22-359x226-1.jpg","articleSection":["ESPECT\u00c1CULO"],"inLanguage":"es"},{"@type":"WebPage","@id":"http:\/\/cuartetoenlaweb.com.ar\/sitio\/las-hijas-de-nicole-neumann-envueltas-en-medio-de-la-pelea-de-su-mama-con-cubero-sufren-y-estan\/","url":"http:\/\/cuartetoenlaweb.com.ar\/sitio\/las-hijas-de-nicole-neumann-envueltas-en-medio-de-la-pelea-de-su-mama-con-cubero-sufren-y-estan\/","name":"Las hijas de Nicole Neumann envueltas en medio de la pelea de su mam\u00e1 con Cubero: &quot;Sufren y est\u00e1n...&quot; - Cuarteto en la Web","isPartOf":{"@id":"https:\/\/cuartetoenlaweb.com.ar\/sitio\/#website"},"primaryImageOfPage":{"@id":"http:\/\/cuartetoenlaweb.com.ar\/sitio\/las-hijas-de-nicole-neumann-envueltas-en-medio-de-la-pelea-de-su-mama-con-cubero-sufren-y-estan\/#primaryimage"},"image":{"@id":"http:\/\/cuartetoenlaweb.com.ar\/sitio\/las-hijas-de-nicole-neumann-envueltas-en-medio-de-la-pelea-de-su-mama-con-cubero-sufren-y-estan\/#primaryimage"},"thumbnailUrl":"http:\/\/cuartetoenlaweb.com.ar\/sitio\/wp-content\/uploads\/2026\/03\/Ian-Lucas-letal-con-Evangelina-Anderson-tras-su-coqueteo-con-L-Gante-22Un-boludo-no-quiero-ni-nombrarla22-359x226-1.jpg","datePublished":"2026-03-14T14:59:46+00:00","breadcrumb":{"@id":"http:\/\/cuartetoenlaweb.com.ar\/sitio\/las-hijas-de-nicole-neumann-envueltas-en-medio-de-la-pelea-de-su-mama-con-cubero-sufren-y-estan\/#breadcrumb"},"inLanguage":"es","potentialAction":[{"@type":"ReadAction","target":["http:\/\/cuartetoenlaweb.com.ar\/sitio\/las-hijas-de-nicole-neumann-envueltas-en-medio-de-la-pelea-de-su-mama-con-cubero-sufren-y-estan\/"]}]},{"@type":"ImageObject","inLanguage":"es","@id":"http:\/\/cuartetoenlaweb.com.ar\/sitio\/las-hijas-de-nicole-neumann-envueltas-en-medio-de-la-pelea-de-su-mama-con-cubero-sufren-y-estan\/#primaryimage","url":"http:\/\/cuartetoenlaweb.com.ar\/sitio\/wp-content\/uploads\/2026\/03\/Ian-Lucas-letal-con-Evangelina-Anderson-tras-su-coqueteo-con-L-Gante-22Un-boludo-no-quiero-ni-nombrarla22-359x226-1.jpg","contentUrl":"http:\/\/cuartetoenlaweb.com.ar\/sitio\/wp-content\/uploads\/2026\/03\/Ian-Lucas-letal-con-Evangelina-Anderson-tras-su-coqueteo-con-L-Gante-22Un-boludo-no-quiero-ni-nombrarla22-359x226-1.jpg","width":359,"height":226},{"@type":"BreadcrumbList","@id":"http:\/\/cuartetoenlaweb.com.ar\/sitio\/las-hijas-de-nicole-neumann-envueltas-en-medio-de-la-pelea-de-su-mama-con-cubero-sufren-y-estan\/#breadcrumb","itemListElement":[{"@type":"ListItem","position":1,"name":"Portada","item":"https:\/\/cuartetoenlaweb.com.ar\/sitio\/"},{"@type":"ListItem","position":2,"name":"Las hijas de Nicole Neumann envueltas en medio de la pelea de su mam\u00e1 con Cubero: &quot;Sufren y est\u00e1n&#8230;&quot;"}]},{"@type":"WebSite","@id":"https:\/\/cuartetoenlaweb.com.ar\/sitio\/#website","url":"https:\/\/cuartetoenlaweb.com.ar\/sitio\/","name":"Cuarteto en la Web","description":"","publisher":{"@id":"https:\/\/cuartetoenlaweb.com.ar\/sitio\/#organization"},"potentialAction":[{"@type":"SearchAction","target":{"@type":"EntryPoint","urlTemplate":"https:\/\/cuartetoenlaweb.com.ar\/sitio\/?s={search_term_string}"},"query-input":{"@type":"PropertyValueSpecification","valueRequired":true,"valueName":"search_term_string"}}],"inLanguage":"es"},{"@type":"Organization","@id":"https:\/\/cuartetoenlaweb.com.ar\/sitio\/#organization","name":"Cuarteto en la Web","url":"https:\/\/cuartetoenlaweb.com.ar\/sitio\/","logo":{"@type":"ImageObject","inLanguage":"es","@id":"https:\/\/cuartetoenlaweb.com.ar\/sitio\/#\/schema\/logo\/image\/","url":"http:\/\/cuartetoenlaweb.com.ar\/sitio\/wp-content\/uploads\/2025\/07\/cropped-cropped-logitoweb21.png","contentUrl":"http:\/\/cuartetoenlaweb.com.ar\/sitio\/wp-content\/uploads\/2025\/07\/cropped-cropped-logitoweb21.png","width":199,"height":199,"caption":"Cuarteto en la Web"},"image":{"@id":"https:\/\/cuartetoenlaweb.com.ar\/sitio\/#\/schema\/logo\/image\/"}}]}},"_links":{"self":[{"href":"http:\/\/cuartetoenlaweb.com.ar\/sitio\/wp-json\/wp\/v2\/posts\/14546","targetHints":{"allow":["GET"]}}],"collection":[{"href":"http:\/\/cuartetoenlaweb.com.ar\/sitio\/wp-json\/wp\/v2\/posts"}],"about":[{"href":"http:\/\/cuartetoenlaweb.com.ar\/sitio\/wp-json\/wp\/v2\/types\/post"}],"replies":[{"embeddable":true,"href":"http:\/\/cuartetoenlaweb.com.ar\/sitio\/wp-json\/wp\/v2\/comments?post=14546"}],"version-history":[{"count":0,"href":"http:\/\/cuartetoenlaweb.com.ar\/sitio\/wp-json\/wp\/v2\/posts\/14546\/revisions"}],"wp:featuredmedia":[{"embeddable":true,"href":"http:\/\/cuartetoenlaweb.com.ar\/sitio\/wp-json\/wp\/v2\/media\/14547"}],"wp:attachment":[{"href":"http:\/\/cuartetoenlaweb.com.ar\/sitio\/wp-json\/wp\/v2\/media?parent=14546"}],"wp:term":[{"taxonomy":"category","embeddable":true,"href":"http:\/\/cuartetoenlaweb.com.ar\/sitio\/wp-json\/wp\/v2\/categories?post=14546"},{"taxonomy":"post_tag","embeddable":true,"href":"http:\/\/cuartetoenlaweb.com.ar\/sitio\/wp-json\/wp\/v2\/tags?post=14546"}],"curies":[{"name":"wp","href":"https:\/\/api.w.org\/{rel}","templated":true}]}}