
{"id":14542,"date":"2026-03-13T23:00:50","date_gmt":"2026-03-14T02:00:50","guid":{"rendered":"https:\/\/cuartetoenlaweb.com.ar\/sitio\/peritajes-del-caso-libra-revelan-llamadas-entre-milei-y-el-trader-novelli-antes-y-despues-de-la-promocion-del-token\/"},"modified":"2026-03-13T23:00:50","modified_gmt":"2026-03-14T02:00:50","slug":"peritajes-del-caso-libra-revelan-llamadas-entre-milei-y-el-trader-novelli-antes-y-despues-de-la-promocion-del-token","status":"publish","type":"post","link":"http:\/\/cuartetoenlaweb.com.ar\/sitio\/peritajes-del-caso-libra-revelan-llamadas-entre-milei-y-el-trader-novelli-antes-y-despues-de-la-promocion-del-token\/","title":{"rendered":"Peritajes del caso $LIBRA revelan llamadas entre Milei y el trader Novelli antes y despu\u00e9s de la promoci\u00f3n del token"},"content":{"rendered":"<p>El esc\u00e1ndalo por la criptomoneda <strong>$LIBRA<\/strong> sum\u00f3 un nuevo cap\u00edtulo este viernes luego de que peritajes tecnol\u00f3gicos incorporados a la investigaci\u00f3n judicial revelaran que el presidente <strong>Javier Milei<\/strong> mantuvo comunicaciones con el lobbyista y trader <strong>Mauricio Novelli<\/strong> en los momentos clave del lanzamiento del activo digital.<\/p>\n<p>Los informes surgen del an\u00e1lisis forense del tel\u00e9fono celular de Novelli, secuestrado en el marco de la causa que tramita en los tribunales federales de <strong>Comodoro Py<\/strong>. Seg\u00fan el peritaje, el mandatario y el empresario intercambiaron llamadas y mensajes antes y despu\u00e9s de la publicaci\u00f3n en redes sociales que impuls\u00f3 el token.<\/p>\n<p>La reconstrucci\u00f3n de los registros contradice la versi\u00f3n oficial que sosten\u00eda que la promoci\u00f3n del activo digital hab\u00eda sido un gesto \u201cdesinteresado\u201d.<\/p>\n<p><img decoding=\"async\" src=\"https:\/\/uscdn.eltribuno.com\/032026\/1773448479427.jpg\" \/><\/p>\n<p><strong>Las llamadas antes de la publicaci\u00f3n<\/strong><\/p>\n<p>De acuerdo con el informe elaborado por la <strong>Direcci\u00f3n de Asistencia Judicial en Delitos Complejos y Crimen Organizado (DATIP)<\/strong>, el 14 de febrero se registraron varios contactos entre Milei y Novelli.<\/p>\n<p>El primer intercambio se produjo a las <strong>18:58<\/strong>, cuando Novelli realiz\u00f3 una videollamada al Presidente que se extendi\u00f3 hasta las <strong>18:59<\/strong>. Apenas dos minutos despu\u00e9s, a las <strong>19:01<\/strong>, Milei public\u00f3 en sus redes sociales el mensaje que inclu\u00eda el c\u00f3digo de inversi\u00f3n para comprar el token <strong>$LIBRA<\/strong>.<\/p>\n<p>Inmediatamente despu\u00e9s de esa publicaci\u00f3n, el trader volvi\u00f3 a comunicarse con el mandatario. Seg\u00fan el peritaje, a las <strong>19:03<\/strong> Novelli realiz\u00f3 otra llamada que se prolong\u00f3 hasta las <strong>19:04<\/strong>.<\/p>\n<p><img decoding=\"async\" src=\"https:\/\/uscdn.eltribuno.com\/032026\/1773448481706.jpg\" \/><\/p>\n<p><strong>Contacto con Karina Milei<\/strong><\/p>\n<p>Los registros tambi\u00e9n muestran comunicaciones con <strong>Karina Milei<\/strong>, secretaria general de la Presidencia y hermana del mandatario.<\/p>\n<p>El informe indica que Novelli intent\u00f3 comunicarse con ella a las <strong>19:04<\/strong>, aunque el llamado no fue atendido. Minutos m\u00e1s tarde, a las <strong>19:17<\/strong>, Karina Milei devolvi\u00f3 la comunicaci\u00f3n y la conversaci\u00f3n se extendi\u00f3 hasta las <strong>19:20<\/strong>.<\/p>\n<p>Las autoridades judiciales se\u00f1alaron que estos registros fueron recuperados mediante t\u00e9cnicas de an\u00e1lisis forense, ya que las videollamadas hab\u00edan sido eliminadas y posteriormente recuperadas desde la papelera de <strong>WhatsApp<\/strong>.<\/p>\n<p><strong>M\u00e1s comunicaciones tras el desplome<\/strong><\/p>\n<p>La investigaci\u00f3n tambi\u00e9n detect\u00f3 que el intercambio de llamadas no se detuvo luego del lanzamiento del token. Durante la madrugada del <strong>15 de febrero<\/strong> se registraron m\u00e1s de una veintena de comunicaciones entre Novelli, el Presidente y Karina Milei.<\/p>\n<p>La Justicia intenta determinar si fue el propio trader quien envi\u00f3 al mandatario el c\u00f3digo alfanum\u00e9rico que los usuarios deb\u00edan utilizar para adquirir la criptomoneda.<\/p>\n<p><strong>La hip\u00f3tesis de la investigaci\u00f3n<\/strong><\/p>\n<p>El diputado nacional <strong>Maximiliano Ferraro<\/strong>, presidente de la comisi\u00f3n investigadora que analiza el caso, sostuvo que los registros muestran que Novelli fue un actor clave en la operaci\u00f3n.<\/p>\n<p>\u201cEst\u00e1 clar\u00edsimo que Novelli fue el nexo entre el Presidente y Hayden Davis desde el hotel de Dallas donde operaba la base del lanzamiento. Y ahora se confirma que mantuvieron comunicaci\u00f3n permanente mientras eso suced\u00eda\u201d, afirm\u00f3 el legislador.<\/p>\n<p>Ferraro tambi\u00e9n se\u00f1al\u00f3 que los registros indican que Milei habr\u00eda informado a Novelli sobre la entrevista que luego brindar\u00eda al periodista <strong>Jonatan Viale<\/strong>, e incluso habr\u00edan intercambiado ideas sobre c\u00f3mo responder p\u00fablicamente a la pol\u00e9mica.<\/p>\n<p>La causa conocida como <strong>\u201cCriptogate\u201d<\/strong> busca determinar las circunstancias en las que se difundi\u00f3 el token <strong>$LIBRA<\/strong> y si existieron maniobras irregulares vinculadas a su lanzamiento y promoci\u00f3n, que termin\u00f3 con p\u00e9rdidas millonarias para miles de inversores.<\/p>\n<p>Palabras clave SEO: criptogate $LIBRA, Javier Milei criptomoneda LIBRA, llamadas Milei Novelli, investigaci\u00f3n token LIBRA, peritaje celular Mauricio Novelli, causa criptomoneda LIBRA Argentina, Comodoro Py criptogate, promoci\u00f3n token LIBRA Milei.<\/p>\n","protected":false},"excerpt":{"rendered":"<p>El esc\u00e1ndalo por la criptomoneda $LIBRA sum\u00f3 un nuevo cap\u00edtulo<\/p>\n","protected":false},"author":0,"featured_media":14543,"comment_status":"","ping_status":"","sticky":false,"template":"","format":"standard","meta":{"footnotes":""},"categories":[65],"tags":[],"class_list":["post-14542","post","type-post","status-publish","format-standard","has-post-thumbnail","hentry","category-pais"],"yoast_head":"<!-- This site is optimized with the Yoast SEO plugin v27.5 - https:\/\/yoast.com\/product\/yoast-seo-wordpress\/ -->\n<title>Peritajes del caso $LIBRA revelan llamadas entre Milei y el trader Novelli antes y despu\u00e9s de la promoci\u00f3n del token - Cuarteto en la Web<\/title>\n<meta name=\"robots\" content=\"index, follow, max-snippet:-1, max-image-preview:large, max-video-preview:-1\" \/>\n<link rel=\"canonical\" href=\"http:\/\/cuartetoenlaweb.com.ar\/sitio\/peritajes-del-caso-libra-revelan-llamadas-entre-milei-y-el-trader-novelli-antes-y-despues-de-la-promocion-del-token\/\" \/>\n<meta property=\"og:locale\" content=\"es_ES\" \/>\n<meta property=\"og:type\" content=\"article\" \/>\n<meta property=\"og:title\" content=\"Peritajes del caso $LIBRA revelan llamadas entre Milei y el trader Novelli antes y despu\u00e9s de la promoci\u00f3n del token - Cuarteto en la Web\" \/>\n<meta property=\"og:description\" content=\"El esc\u00e1ndalo por la criptomoneda $LIBRA sum\u00f3 un nuevo cap\u00edtulo\" \/>\n<meta property=\"og:url\" content=\"http:\/\/cuartetoenlaweb.com.ar\/sitio\/peritajes-del-caso-libra-revelan-llamadas-entre-milei-y-el-trader-novelli-antes-y-despues-de-la-promocion-del-token\/\" \/>\n<meta property=\"og:site_name\" content=\"Cuarteto en la Web\" \/>\n<meta property=\"article:published_time\" content=\"2026-03-14T02:00:50+00:00\" \/>\n<meta property=\"og:image\" content=\"http:\/\/cuartetoenlaweb.com.ar\/sitio\/wp-content\/uploads\/2026\/03\/1773448479427.jpg\" \/>\n\t<meta property=\"og:image:width\" content=\"1344\" \/>\n\t<meta property=\"og:image:height\" content=\"768\" \/>\n\t<meta property=\"og:image:type\" content=\"image\/jpeg\" \/>\n<meta name=\"twitter:card\" content=\"summary_large_image\" \/>\n<meta name=\"twitter:label1\" content=\"Tiempo de lectura\" \/>\n\t<meta name=\"twitter:data1\" content=\"3 minutos\" \/>\n<script type=\"application\/ld+json\" class=\"yoast-schema-graph\">{\"@context\":\"https:\\\/\\\/schema.org\",\"@graph\":[{\"@type\":\"Article\",\"@id\":\"http:\\\/\\\/cuartetoenlaweb.com.ar\\\/sitio\\\/peritajes-del-caso-libra-revelan-llamadas-entre-milei-y-el-trader-novelli-antes-y-despues-de-la-promocion-del-token\\\/#article\",\"isPartOf\":{\"@id\":\"http:\\\/\\\/cuartetoenlaweb.com.ar\\\/sitio\\\/peritajes-del-caso-libra-revelan-llamadas-entre-milei-y-el-trader-novelli-antes-y-despues-de-la-promocion-del-token\\\/\"},\"author\":{\"name\":\"\",\"@id\":\"\"},\"headline\":\"Peritajes del caso $LIBRA revelan llamadas entre Milei y el trader Novelli antes y despu\u00e9s de la promoci\u00f3n del token\",\"datePublished\":\"2026-03-14T02:00:50+00:00\",\"mainEntityOfPage\":{\"@id\":\"http:\\\/\\\/cuartetoenlaweb.com.ar\\\/sitio\\\/peritajes-del-caso-libra-revelan-llamadas-entre-milei-y-el-trader-novelli-antes-y-despues-de-la-promocion-del-token\\\/\"},\"wordCount\":631,\"publisher\":{\"@id\":\"http:\\\/\\\/cuartetoenlaweb.com.ar\\\/sitio\\\/#organization\"},\"image\":{\"@id\":\"http:\\\/\\\/cuartetoenlaweb.com.ar\\\/sitio\\\/peritajes-del-caso-libra-revelan-llamadas-entre-milei-y-el-trader-novelli-antes-y-despues-de-la-promocion-del-token\\\/#primaryimage\"},\"thumbnailUrl\":\"http:\\\/\\\/cuartetoenlaweb.com.ar\\\/sitio\\\/wp-content\\\/uploads\\\/2026\\\/03\\\/1773448479427.jpg\",\"articleSection\":[\"PAIS\"],\"inLanguage\":\"es\"},{\"@type\":\"WebPage\",\"@id\":\"http:\\\/\\\/cuartetoenlaweb.com.ar\\\/sitio\\\/peritajes-del-caso-libra-revelan-llamadas-entre-milei-y-el-trader-novelli-antes-y-despues-de-la-promocion-del-token\\\/\",\"url\":\"http:\\\/\\\/cuartetoenlaweb.com.ar\\\/sitio\\\/peritajes-del-caso-libra-revelan-llamadas-entre-milei-y-el-trader-novelli-antes-y-despues-de-la-promocion-del-token\\\/\",\"name\":\"Peritajes del caso $LIBRA revelan llamadas entre Milei y el trader Novelli antes y despu\u00e9s de la promoci\u00f3n del token - Cuarteto en la Web\",\"isPartOf\":{\"@id\":\"http:\\\/\\\/cuartetoenlaweb.com.ar\\\/sitio\\\/#website\"},\"primaryImageOfPage\":{\"@id\":\"http:\\\/\\\/cuartetoenlaweb.com.ar\\\/sitio\\\/peritajes-del-caso-libra-revelan-llamadas-entre-milei-y-el-trader-novelli-antes-y-despues-de-la-promocion-del-token\\\/#primaryimage\"},\"image\":{\"@id\":\"http:\\\/\\\/cuartetoenlaweb.com.ar\\\/sitio\\\/peritajes-del-caso-libra-revelan-llamadas-entre-milei-y-el-trader-novelli-antes-y-despues-de-la-promocion-del-token\\\/#primaryimage\"},\"thumbnailUrl\":\"http:\\\/\\\/cuartetoenlaweb.com.ar\\\/sitio\\\/wp-content\\\/uploads\\\/2026\\\/03\\\/1773448479427.jpg\",\"datePublished\":\"2026-03-14T02:00:50+00:00\",\"breadcrumb\":{\"@id\":\"http:\\\/\\\/cuartetoenlaweb.com.ar\\\/sitio\\\/peritajes-del-caso-libra-revelan-llamadas-entre-milei-y-el-trader-novelli-antes-y-despues-de-la-promocion-del-token\\\/#breadcrumb\"},\"inLanguage\":\"es\",\"potentialAction\":[{\"@type\":\"ReadAction\",\"target\":[\"http:\\\/\\\/cuartetoenlaweb.com.ar\\\/sitio\\\/peritajes-del-caso-libra-revelan-llamadas-entre-milei-y-el-trader-novelli-antes-y-despues-de-la-promocion-del-token\\\/\"]}]},{\"@type\":\"ImageObject\",\"inLanguage\":\"es\",\"@id\":\"http:\\\/\\\/cuartetoenlaweb.com.ar\\\/sitio\\\/peritajes-del-caso-libra-revelan-llamadas-entre-milei-y-el-trader-novelli-antes-y-despues-de-la-promocion-del-token\\\/#primaryimage\",\"url\":\"http:\\\/\\\/cuartetoenlaweb.com.ar\\\/sitio\\\/wp-content\\\/uploads\\\/2026\\\/03\\\/1773448479427.jpg\",\"contentUrl\":\"http:\\\/\\\/cuartetoenlaweb.com.ar\\\/sitio\\\/wp-content\\\/uploads\\\/2026\\\/03\\\/1773448479427.jpg\",\"width\":1344,\"height\":768},{\"@type\":\"BreadcrumbList\",\"@id\":\"http:\\\/\\\/cuartetoenlaweb.com.ar\\\/sitio\\\/peritajes-del-caso-libra-revelan-llamadas-entre-milei-y-el-trader-novelli-antes-y-despues-de-la-promocion-del-token\\\/#breadcrumb\",\"itemListElement\":[{\"@type\":\"ListItem\",\"position\":1,\"name\":\"Portada\",\"item\":\"http:\\\/\\\/cuartetoenlaweb.com.ar\\\/sitio\\\/\"},{\"@type\":\"ListItem\",\"position\":2,\"name\":\"Peritajes del caso $LIBRA revelan llamadas entre Milei y el trader Novelli antes y despu\u00e9s de la promoci\u00f3n del token\"}]},{\"@type\":\"WebSite\",\"@id\":\"http:\\\/\\\/cuartetoenlaweb.com.ar\\\/sitio\\\/#website\",\"url\":\"http:\\\/\\\/cuartetoenlaweb.com.ar\\\/sitio\\\/\",\"name\":\"Cuarteto en la Web\",\"description\":\"\",\"publisher\":{\"@id\":\"http:\\\/\\\/cuartetoenlaweb.com.ar\\\/sitio\\\/#organization\"},\"potentialAction\":[{\"@type\":\"SearchAction\",\"target\":{\"@type\":\"EntryPoint\",\"urlTemplate\":\"http:\\\/\\\/cuartetoenlaweb.com.ar\\\/sitio\\\/?s={search_term_string}\"},\"query-input\":{\"@type\":\"PropertyValueSpecification\",\"valueRequired\":true,\"valueName\":\"search_term_string\"}}],\"inLanguage\":\"es\"},{\"@type\":\"Organization\",\"@id\":\"http:\\\/\\\/cuartetoenlaweb.com.ar\\\/sitio\\\/#organization\",\"name\":\"Cuarteto en la Web\",\"url\":\"http:\\\/\\\/cuartetoenlaweb.com.ar\\\/sitio\\\/\",\"logo\":{\"@type\":\"ImageObject\",\"inLanguage\":\"es\",\"@id\":\"http:\\\/\\\/cuartetoenlaweb.com.ar\\\/sitio\\\/#\\\/schema\\\/logo\\\/image\\\/\",\"url\":\"http:\\\/\\\/cuartetoenlaweb.com.ar\\\/sitio\\\/wp-content\\\/uploads\\\/2025\\\/07\\\/cropped-cropped-logitoweb21.png\",\"contentUrl\":\"http:\\\/\\\/cuartetoenlaweb.com.ar\\\/sitio\\\/wp-content\\\/uploads\\\/2025\\\/07\\\/cropped-cropped-logitoweb21.png\",\"width\":199,\"height\":199,\"caption\":\"Cuarteto en la Web\"},\"image\":{\"@id\":\"http:\\\/\\\/cuartetoenlaweb.com.ar\\\/sitio\\\/#\\\/schema\\\/logo\\\/image\\\/\"}}]}<\/script>\n<!-- \/ Yoast SEO plugin. -->","yoast_head_json":{"title":"Peritajes del caso $LIBRA revelan llamadas entre Milei y el trader Novelli antes y despu\u00e9s de la promoci\u00f3n del token - Cuarteto en la Web","robots":{"index":"index","follow":"follow","max-snippet":"max-snippet:-1","max-image-preview":"max-image-preview:large","max-video-preview":"max-video-preview:-1"},"canonical":"http:\/\/cuartetoenlaweb.com.ar\/sitio\/peritajes-del-caso-libra-revelan-llamadas-entre-milei-y-el-trader-novelli-antes-y-despues-de-la-promocion-del-token\/","og_locale":"es_ES","og_type":"article","og_title":"Peritajes del caso $LIBRA revelan llamadas entre Milei y el trader Novelli antes y despu\u00e9s de la promoci\u00f3n del token - Cuarteto en la Web","og_description":"El esc\u00e1ndalo por la criptomoneda $LIBRA sum\u00f3 un nuevo cap\u00edtulo","og_url":"http:\/\/cuartetoenlaweb.com.ar\/sitio\/peritajes-del-caso-libra-revelan-llamadas-entre-milei-y-el-trader-novelli-antes-y-despues-de-la-promocion-del-token\/","og_site_name":"Cuarteto en la Web","article_published_time":"2026-03-14T02:00:50+00:00","og_image":[{"width":1344,"height":768,"url":"http:\/\/cuartetoenlaweb.com.ar\/sitio\/wp-content\/uploads\/2026\/03\/1773448479427.jpg","type":"image\/jpeg"}],"twitter_card":"summary_large_image","twitter_misc":{"Tiempo de lectura":"3 minutos"},"schema":{"@context":"https:\/\/schema.org","@graph":[{"@type":"Article","@id":"http:\/\/cuartetoenlaweb.com.ar\/sitio\/peritajes-del-caso-libra-revelan-llamadas-entre-milei-y-el-trader-novelli-antes-y-despues-de-la-promocion-del-token\/#article","isPartOf":{"@id":"http:\/\/cuartetoenlaweb.com.ar\/sitio\/peritajes-del-caso-libra-revelan-llamadas-entre-milei-y-el-trader-novelli-antes-y-despues-de-la-promocion-del-token\/"},"author":{"name":"","@id":""},"headline":"Peritajes del caso $LIBRA revelan llamadas entre Milei y el trader Novelli antes y despu\u00e9s de la promoci\u00f3n del token","datePublished":"2026-03-14T02:00:50+00:00","mainEntityOfPage":{"@id":"http:\/\/cuartetoenlaweb.com.ar\/sitio\/peritajes-del-caso-libra-revelan-llamadas-entre-milei-y-el-trader-novelli-antes-y-despues-de-la-promocion-del-token\/"},"wordCount":631,"publisher":{"@id":"http:\/\/cuartetoenlaweb.com.ar\/sitio\/#organization"},"image":{"@id":"http:\/\/cuartetoenlaweb.com.ar\/sitio\/peritajes-del-caso-libra-revelan-llamadas-entre-milei-y-el-trader-novelli-antes-y-despues-de-la-promocion-del-token\/#primaryimage"},"thumbnailUrl":"http:\/\/cuartetoenlaweb.com.ar\/sitio\/wp-content\/uploads\/2026\/03\/1773448479427.jpg","articleSection":["PAIS"],"inLanguage":"es"},{"@type":"WebPage","@id":"http:\/\/cuartetoenlaweb.com.ar\/sitio\/peritajes-del-caso-libra-revelan-llamadas-entre-milei-y-el-trader-novelli-antes-y-despues-de-la-promocion-del-token\/","url":"http:\/\/cuartetoenlaweb.com.ar\/sitio\/peritajes-del-caso-libra-revelan-llamadas-entre-milei-y-el-trader-novelli-antes-y-despues-de-la-promocion-del-token\/","name":"Peritajes del caso $LIBRA revelan llamadas entre Milei y el trader Novelli antes y despu\u00e9s de la promoci\u00f3n del token - Cuarteto en la Web","isPartOf":{"@id":"http:\/\/cuartetoenlaweb.com.ar\/sitio\/#website"},"primaryImageOfPage":{"@id":"http:\/\/cuartetoenlaweb.com.ar\/sitio\/peritajes-del-caso-libra-revelan-llamadas-entre-milei-y-el-trader-novelli-antes-y-despues-de-la-promocion-del-token\/#primaryimage"},"image":{"@id":"http:\/\/cuartetoenlaweb.com.ar\/sitio\/peritajes-del-caso-libra-revelan-llamadas-entre-milei-y-el-trader-novelli-antes-y-despues-de-la-promocion-del-token\/#primaryimage"},"thumbnailUrl":"http:\/\/cuartetoenlaweb.com.ar\/sitio\/wp-content\/uploads\/2026\/03\/1773448479427.jpg","datePublished":"2026-03-14T02:00:50+00:00","breadcrumb":{"@id":"http:\/\/cuartetoenlaweb.com.ar\/sitio\/peritajes-del-caso-libra-revelan-llamadas-entre-milei-y-el-trader-novelli-antes-y-despues-de-la-promocion-del-token\/#breadcrumb"},"inLanguage":"es","potentialAction":[{"@type":"ReadAction","target":["http:\/\/cuartetoenlaweb.com.ar\/sitio\/peritajes-del-caso-libra-revelan-llamadas-entre-milei-y-el-trader-novelli-antes-y-despues-de-la-promocion-del-token\/"]}]},{"@type":"ImageObject","inLanguage":"es","@id":"http:\/\/cuartetoenlaweb.com.ar\/sitio\/peritajes-del-caso-libra-revelan-llamadas-entre-milei-y-el-trader-novelli-antes-y-despues-de-la-promocion-del-token\/#primaryimage","url":"http:\/\/cuartetoenlaweb.com.ar\/sitio\/wp-content\/uploads\/2026\/03\/1773448479427.jpg","contentUrl":"http:\/\/cuartetoenlaweb.com.ar\/sitio\/wp-content\/uploads\/2026\/03\/1773448479427.jpg","width":1344,"height":768},{"@type":"BreadcrumbList","@id":"http:\/\/cuartetoenlaweb.com.ar\/sitio\/peritajes-del-caso-libra-revelan-llamadas-entre-milei-y-el-trader-novelli-antes-y-despues-de-la-promocion-del-token\/#breadcrumb","itemListElement":[{"@type":"ListItem","position":1,"name":"Portada","item":"http:\/\/cuartetoenlaweb.com.ar\/sitio\/"},{"@type":"ListItem","position":2,"name":"Peritajes del caso $LIBRA revelan llamadas entre Milei y el trader Novelli antes y despu\u00e9s de la promoci\u00f3n del token"}]},{"@type":"WebSite","@id":"http:\/\/cuartetoenlaweb.com.ar\/sitio\/#website","url":"http:\/\/cuartetoenlaweb.com.ar\/sitio\/","name":"Cuarteto en la Web","description":"","publisher":{"@id":"http:\/\/cuartetoenlaweb.com.ar\/sitio\/#organization"},"potentialAction":[{"@type":"SearchAction","target":{"@type":"EntryPoint","urlTemplate":"http:\/\/cuartetoenlaweb.com.ar\/sitio\/?s={search_term_string}"},"query-input":{"@type":"PropertyValueSpecification","valueRequired":true,"valueName":"search_term_string"}}],"inLanguage":"es"},{"@type":"Organization","@id":"http:\/\/cuartetoenlaweb.com.ar\/sitio\/#organization","name":"Cuarteto en la Web","url":"http:\/\/cuartetoenlaweb.com.ar\/sitio\/","logo":{"@type":"ImageObject","inLanguage":"es","@id":"http:\/\/cuartetoenlaweb.com.ar\/sitio\/#\/schema\/logo\/image\/","url":"http:\/\/cuartetoenlaweb.com.ar\/sitio\/wp-content\/uploads\/2025\/07\/cropped-cropped-logitoweb21.png","contentUrl":"http:\/\/cuartetoenlaweb.com.ar\/sitio\/wp-content\/uploads\/2025\/07\/cropped-cropped-logitoweb21.png","width":199,"height":199,"caption":"Cuarteto en la Web"},"image":{"@id":"http:\/\/cuartetoenlaweb.com.ar\/sitio\/#\/schema\/logo\/image\/"}}]}},"_links":{"self":[{"href":"http:\/\/cuartetoenlaweb.com.ar\/sitio\/wp-json\/wp\/v2\/posts\/14542","targetHints":{"allow":["GET"]}}],"collection":[{"href":"http:\/\/cuartetoenlaweb.com.ar\/sitio\/wp-json\/wp\/v2\/posts"}],"about":[{"href":"http:\/\/cuartetoenlaweb.com.ar\/sitio\/wp-json\/wp\/v2\/types\/post"}],"replies":[{"embeddable":true,"href":"http:\/\/cuartetoenlaweb.com.ar\/sitio\/wp-json\/wp\/v2\/comments?post=14542"}],"version-history":[{"count":0,"href":"http:\/\/cuartetoenlaweb.com.ar\/sitio\/wp-json\/wp\/v2\/posts\/14542\/revisions"}],"wp:featuredmedia":[{"embeddable":true,"href":"http:\/\/cuartetoenlaweb.com.ar\/sitio\/wp-json\/wp\/v2\/media\/14543"}],"wp:attachment":[{"href":"http:\/\/cuartetoenlaweb.com.ar\/sitio\/wp-json\/wp\/v2\/media?parent=14542"}],"wp:term":[{"taxonomy":"category","embeddable":true,"href":"http:\/\/cuartetoenlaweb.com.ar\/sitio\/wp-json\/wp\/v2\/categories?post=14542"},{"taxonomy":"post_tag","embeddable":true,"href":"http:\/\/cuartetoenlaweb.com.ar\/sitio\/wp-json\/wp\/v2\/tags?post=14542"}],"curies":[{"name":"wp","href":"https:\/\/api.w.org\/{rel}","templated":true}]}}