
{"id":14540,"date":"2026-03-13T23:00:47","date_gmt":"2026-03-14T02:00:47","guid":{"rendered":"https:\/\/cuartetoenlaweb.com.ar\/sitio\/iran-estaria-colocando-minas-en-el-estrecho-de-ormuz\/"},"modified":"2026-03-13T23:00:47","modified_gmt":"2026-03-14T02:00:47","slug":"iran-estaria-colocando-minas-en-el-estrecho-de-ormuz","status":"publish","type":"post","link":"http:\/\/cuartetoenlaweb.com.ar\/sitio\/iran-estaria-colocando-minas-en-el-estrecho-de-ormuz\/","title":{"rendered":"Ir\u00e1n estar\u00eda colocando minas en el estrecho de Ormuz"},"content":{"rendered":"<p>Ir\u00e1n comenz\u00f3 a minar el estrecho de Ormuz, una v\u00eda mar\u00edtima clave por la que transita alrededor del 20 por ciento del petr\u00f3leo y gas del mundo, inform\u00f3 este viernes el diario The New York Times (NYT), citando a funcionarios estadounidenses, pero el vicecanciller iran\u00ed Majid Takht-Ravanchi neg\u00f3 la acusaci\u00f3n procedente de un informe de la inteligencia de Estados Unidos.<\/p>\n<p>La versi\u00f3n indica que, despu\u00e9s de que barcos minadores de mayor tama\u00f1o iran\u00edes fueran atacados por el Ej\u00e9rcito de Estados Unidos, Ir\u00e1n comenz\u00f3 a desplegar embarcaciones m\u00e1s peque\u00f1as para colocar minas en el estrecho.<\/p>\n<p>El Cuerpo de la Guardia Revolucionaria Isl\u00e1mica de Ir\u00e1n puede desplegar cientos, incluso, miles de estas peque\u00f1as embarcaciones, que desde hace tiempo se utilizan para hostigar a buques m\u00e1s grandes, incluidos los de la Marina estadounidense, a\u00f1adi\u00f3 el informe.<\/p>\n<p>La estrategia de Ir\u00e1n parece ser colocar minas m\u00e1s r\u00e1pido de lo que el Ej\u00e9rcito estadounidense puede retirarlas, creando as\u00ed un elemento disuasorio para la navegaci\u00f3n a trav\u00e9s del estrecho, indic\u00f3 el reporte.<\/p>\n<p>El informe de la CNN<\/p>\n<p>La cadena CNN inform\u00f3 este martes que la inteligencia estadounidense estima que la colocaci\u00f3n de minas a\u00fan no es extensa, con apenas unas decenas desplegadas en los \u00faltimos d\u00edas.<\/p>\n<p>Sin embargo, Ir\u00e1n a\u00fan conserva entre el 80% y el 90% de sus peque\u00f1as embarcaciones y equipos para colocar minas, por lo que sus fuerzas podr\u00edan desplegar potencialmente cientos de minas en esta v\u00eda mar\u00edtima, se\u00f1al\u00f3 el informe, citando fuentes.<\/p>\n<p>En una entrevista, Ravanchi afirm\u00f3 que \u00abno es cierto\u00bb que Ir\u00e1n est\u00e9 minando el estrecho y a\u00f1adi\u00f3 que Teher\u00e1n cooper\u00f3 con algunos pa\u00edses respecto al paso por esta v\u00eda mar\u00edtima, sin especificar cu\u00e1les naciones.<\/p>\n<p>En su primer mensaje como nuevo l\u00edder supremo de Ir\u00e1n, Mojtaba Jamenei pidi\u00f3 este jueves mantener el cierre del estrecho de Ormuz y prometi\u00f3 abrir nuevos frentes en el conflicto de su pa\u00eds con Estados Unidos e Israel.<\/p>\n<p>Estados Unidos e Israel lanzaron ataques masivos contra Ir\u00e1n el 28 de febrero, lo que interrumpi\u00f3 el transporte mar\u00edtimo mundial, dispar\u00f3 los precios del petr\u00f3leo y sacudi\u00f3 la econom\u00eda global.<\/p>\n<p>Respuesta de EEUU<\/p>\n<p>Washington afirm\u00f3 que no permitir\u00e1 que Ir\u00e1n dispute el tr\u00e1fico mar\u00edtimo en el estrecho de Ormuz, declar\u00f3 el secretario de Defensa estadounidense, Pete Hegseth, en una rueda de prensa celebrada ayer, a la vez que afirm\u00f3 que \u00abno hay pruebas claras de que Ir\u00e1n haya colocado minas en el estrecho de Ormuz\u00bb.<\/p>\n<p>\u00abEst\u00e1n actuando por pura desesperaci\u00f3n en el estrecho de Ormuz, algo que estamos afrontando. Ya lo hemos estado haciendo. No hay de qu\u00e9 preocuparse\u00bb, tranquiliz\u00f3.<\/p>\n<p>Hegseth indic\u00f3 que Estados Unidos est\u00e1 planificando las diversas medidas que Ir\u00e1n podr\u00eda tomar y enfatiz\u00f3: \u00abNo vamos a permitir que ese estrecho siga siendo objeto de disputa\u00bb.<\/p>\n<p>Asimismo, Hegseth inform\u00f3 a los periodistas que los ataques a\u00e9reos llevados a cabo por Estados Unidos e Israel debilitaron significativamente las capacidades militares de Ir\u00e1n.<\/p>\n<p>\u00abEntre nuestra Fuerza A\u00e9rea y la israel\u00ed, se han atacado m\u00e1s de 15.000 objetivos enemigos\u00bb, concluy\u00f3.<\/p>\n<p>El volumen de misiles de Ir\u00e1n se redujo en un 90% y el de sus drones de ataque unidireccional en un 95% hasta el jueves, a\u00f1adi\u00f3 Hegseth.<\/p><\/p>\n","protected":false},"excerpt":{"rendered":"<p>Ir\u00e1n comenz\u00f3 a minar el estrecho de Ormuz, una v\u00eda<\/p>\n","protected":false},"author":0,"featured_media":14541,"comment_status":"","ping_status":"","sticky":false,"template":"","format":"standard","meta":{"footnotes":""},"categories":[65],"tags":[],"class_list":["post-14540","post","type-post","status-publish","format-standard","has-post-thumbnail","hentry","category-pais"],"yoast_head":"<!-- This site is optimized with the Yoast SEO plugin v27.5 - https:\/\/yoast.com\/product\/yoast-seo-wordpress\/ -->\n<title>Ir\u00e1n estar\u00eda colocando minas en el estrecho de Ormuz - Cuarteto en la Web<\/title>\n<meta name=\"robots\" content=\"index, follow, max-snippet:-1, max-image-preview:large, max-video-preview:-1\" \/>\n<link rel=\"canonical\" href=\"http:\/\/cuartetoenlaweb.com.ar\/sitio\/iran-estaria-colocando-minas-en-el-estrecho-de-ormuz\/\" \/>\n<meta property=\"og:locale\" content=\"es_ES\" \/>\n<meta property=\"og:type\" content=\"article\" \/>\n<meta property=\"og:title\" content=\"Ir\u00e1n estar\u00eda colocando minas en el estrecho de Ormuz - Cuarteto en la Web\" \/>\n<meta property=\"og:description\" content=\"Ir\u00e1n comenz\u00f3 a minar el estrecho de Ormuz, una v\u00eda\" \/>\n<meta property=\"og:url\" content=\"http:\/\/cuartetoenlaweb.com.ar\/sitio\/iran-estaria-colocando-minas-en-el-estrecho-de-ormuz\/\" \/>\n<meta property=\"og:site_name\" content=\"Cuarteto en la Web\" \/>\n<meta property=\"article:published_time\" content=\"2026-03-14T02:00:47+00:00\" \/>\n<meta property=\"og:image\" content=\"http:\/\/cuartetoenlaweb.com.ar\/sitio\/wp-content\/uploads\/2026\/03\/portadax-99.png\" \/>\n\t<meta property=\"og:image:width\" content=\"1366\" \/>\n\t<meta property=\"og:image:height\" content=\"768\" \/>\n\t<meta property=\"og:image:type\" content=\"image\/png\" \/>\n<meta name=\"twitter:card\" content=\"summary_large_image\" \/>\n<meta name=\"twitter:label1\" content=\"Tiempo de lectura\" \/>\n\t<meta name=\"twitter:data1\" content=\"3 minutos\" \/>\n<script type=\"application\/ld+json\" class=\"yoast-schema-graph\">{\"@context\":\"https:\\\/\\\/schema.org\",\"@graph\":[{\"@type\":\"Article\",\"@id\":\"http:\\\/\\\/cuartetoenlaweb.com.ar\\\/sitio\\\/iran-estaria-colocando-minas-en-el-estrecho-de-ormuz\\\/#article\",\"isPartOf\":{\"@id\":\"http:\\\/\\\/cuartetoenlaweb.com.ar\\\/sitio\\\/iran-estaria-colocando-minas-en-el-estrecho-de-ormuz\\\/\"},\"author\":{\"name\":\"\",\"@id\":\"\"},\"headline\":\"Ir\u00e1n estar\u00eda colocando minas en el estrecho de Ormuz\",\"datePublished\":\"2026-03-14T02:00:47+00:00\",\"mainEntityOfPage\":{\"@id\":\"http:\\\/\\\/cuartetoenlaweb.com.ar\\\/sitio\\\/iran-estaria-colocando-minas-en-el-estrecho-de-ormuz\\\/\"},\"wordCount\":582,\"publisher\":{\"@id\":\"http:\\\/\\\/cuartetoenlaweb.com.ar\\\/sitio\\\/#organization\"},\"image\":{\"@id\":\"http:\\\/\\\/cuartetoenlaweb.com.ar\\\/sitio\\\/iran-estaria-colocando-minas-en-el-estrecho-de-ormuz\\\/#primaryimage\"},\"thumbnailUrl\":\"http:\\\/\\\/cuartetoenlaweb.com.ar\\\/sitio\\\/wp-content\\\/uploads\\\/2026\\\/03\\\/portadax-99.png\",\"articleSection\":[\"PAIS\"],\"inLanguage\":\"es\"},{\"@type\":\"WebPage\",\"@id\":\"http:\\\/\\\/cuartetoenlaweb.com.ar\\\/sitio\\\/iran-estaria-colocando-minas-en-el-estrecho-de-ormuz\\\/\",\"url\":\"http:\\\/\\\/cuartetoenlaweb.com.ar\\\/sitio\\\/iran-estaria-colocando-minas-en-el-estrecho-de-ormuz\\\/\",\"name\":\"Ir\u00e1n estar\u00eda colocando minas en el estrecho de Ormuz - Cuarteto en la Web\",\"isPartOf\":{\"@id\":\"http:\\\/\\\/cuartetoenlaweb.com.ar\\\/sitio\\\/#website\"},\"primaryImageOfPage\":{\"@id\":\"http:\\\/\\\/cuartetoenlaweb.com.ar\\\/sitio\\\/iran-estaria-colocando-minas-en-el-estrecho-de-ormuz\\\/#primaryimage\"},\"image\":{\"@id\":\"http:\\\/\\\/cuartetoenlaweb.com.ar\\\/sitio\\\/iran-estaria-colocando-minas-en-el-estrecho-de-ormuz\\\/#primaryimage\"},\"thumbnailUrl\":\"http:\\\/\\\/cuartetoenlaweb.com.ar\\\/sitio\\\/wp-content\\\/uploads\\\/2026\\\/03\\\/portadax-99.png\",\"datePublished\":\"2026-03-14T02:00:47+00:00\",\"breadcrumb\":{\"@id\":\"http:\\\/\\\/cuartetoenlaweb.com.ar\\\/sitio\\\/iran-estaria-colocando-minas-en-el-estrecho-de-ormuz\\\/#breadcrumb\"},\"inLanguage\":\"es\",\"potentialAction\":[{\"@type\":\"ReadAction\",\"target\":[\"http:\\\/\\\/cuartetoenlaweb.com.ar\\\/sitio\\\/iran-estaria-colocando-minas-en-el-estrecho-de-ormuz\\\/\"]}]},{\"@type\":\"ImageObject\",\"inLanguage\":\"es\",\"@id\":\"http:\\\/\\\/cuartetoenlaweb.com.ar\\\/sitio\\\/iran-estaria-colocando-minas-en-el-estrecho-de-ormuz\\\/#primaryimage\",\"url\":\"http:\\\/\\\/cuartetoenlaweb.com.ar\\\/sitio\\\/wp-content\\\/uploads\\\/2026\\\/03\\\/portadax-99.png\",\"contentUrl\":\"http:\\\/\\\/cuartetoenlaweb.com.ar\\\/sitio\\\/wp-content\\\/uploads\\\/2026\\\/03\\\/portadax-99.png\",\"width\":1366,\"height\":768},{\"@type\":\"BreadcrumbList\",\"@id\":\"http:\\\/\\\/cuartetoenlaweb.com.ar\\\/sitio\\\/iran-estaria-colocando-minas-en-el-estrecho-de-ormuz\\\/#breadcrumb\",\"itemListElement\":[{\"@type\":\"ListItem\",\"position\":1,\"name\":\"Portada\",\"item\":\"http:\\\/\\\/cuartetoenlaweb.com.ar\\\/sitio\\\/\"},{\"@type\":\"ListItem\",\"position\":2,\"name\":\"Ir\u00e1n estar\u00eda colocando minas en el estrecho de Ormuz\"}]},{\"@type\":\"WebSite\",\"@id\":\"http:\\\/\\\/cuartetoenlaweb.com.ar\\\/sitio\\\/#website\",\"url\":\"http:\\\/\\\/cuartetoenlaweb.com.ar\\\/sitio\\\/\",\"name\":\"Cuarteto en la Web\",\"description\":\"\",\"publisher\":{\"@id\":\"http:\\\/\\\/cuartetoenlaweb.com.ar\\\/sitio\\\/#organization\"},\"potentialAction\":[{\"@type\":\"SearchAction\",\"target\":{\"@type\":\"EntryPoint\",\"urlTemplate\":\"http:\\\/\\\/cuartetoenlaweb.com.ar\\\/sitio\\\/?s={search_term_string}\"},\"query-input\":{\"@type\":\"PropertyValueSpecification\",\"valueRequired\":true,\"valueName\":\"search_term_string\"}}],\"inLanguage\":\"es\"},{\"@type\":\"Organization\",\"@id\":\"http:\\\/\\\/cuartetoenlaweb.com.ar\\\/sitio\\\/#organization\",\"name\":\"Cuarteto en la Web\",\"url\":\"http:\\\/\\\/cuartetoenlaweb.com.ar\\\/sitio\\\/\",\"logo\":{\"@type\":\"ImageObject\",\"inLanguage\":\"es\",\"@id\":\"http:\\\/\\\/cuartetoenlaweb.com.ar\\\/sitio\\\/#\\\/schema\\\/logo\\\/image\\\/\",\"url\":\"http:\\\/\\\/cuartetoenlaweb.com.ar\\\/sitio\\\/wp-content\\\/uploads\\\/2025\\\/07\\\/cropped-cropped-logitoweb21.png\",\"contentUrl\":\"http:\\\/\\\/cuartetoenlaweb.com.ar\\\/sitio\\\/wp-content\\\/uploads\\\/2025\\\/07\\\/cropped-cropped-logitoweb21.png\",\"width\":199,\"height\":199,\"caption\":\"Cuarteto en la Web\"},\"image\":{\"@id\":\"http:\\\/\\\/cuartetoenlaweb.com.ar\\\/sitio\\\/#\\\/schema\\\/logo\\\/image\\\/\"}}]}<\/script>\n<!-- \/ Yoast SEO plugin. -->","yoast_head_json":{"title":"Ir\u00e1n estar\u00eda colocando minas en el estrecho de Ormuz - Cuarteto en la Web","robots":{"index":"index","follow":"follow","max-snippet":"max-snippet:-1","max-image-preview":"max-image-preview:large","max-video-preview":"max-video-preview:-1"},"canonical":"http:\/\/cuartetoenlaweb.com.ar\/sitio\/iran-estaria-colocando-minas-en-el-estrecho-de-ormuz\/","og_locale":"es_ES","og_type":"article","og_title":"Ir\u00e1n estar\u00eda colocando minas en el estrecho de Ormuz - Cuarteto en la Web","og_description":"Ir\u00e1n comenz\u00f3 a minar el estrecho de Ormuz, una v\u00eda","og_url":"http:\/\/cuartetoenlaweb.com.ar\/sitio\/iran-estaria-colocando-minas-en-el-estrecho-de-ormuz\/","og_site_name":"Cuarteto en la Web","article_published_time":"2026-03-14T02:00:47+00:00","og_image":[{"width":1366,"height":768,"url":"http:\/\/cuartetoenlaweb.com.ar\/sitio\/wp-content\/uploads\/2026\/03\/portadax-99.png","type":"image\/png"}],"twitter_card":"summary_large_image","twitter_misc":{"Tiempo de lectura":"3 minutos"},"schema":{"@context":"https:\/\/schema.org","@graph":[{"@type":"Article","@id":"http:\/\/cuartetoenlaweb.com.ar\/sitio\/iran-estaria-colocando-minas-en-el-estrecho-de-ormuz\/#article","isPartOf":{"@id":"http:\/\/cuartetoenlaweb.com.ar\/sitio\/iran-estaria-colocando-minas-en-el-estrecho-de-ormuz\/"},"author":{"name":"","@id":""},"headline":"Ir\u00e1n estar\u00eda colocando minas en el estrecho de Ormuz","datePublished":"2026-03-14T02:00:47+00:00","mainEntityOfPage":{"@id":"http:\/\/cuartetoenlaweb.com.ar\/sitio\/iran-estaria-colocando-minas-en-el-estrecho-de-ormuz\/"},"wordCount":582,"publisher":{"@id":"http:\/\/cuartetoenlaweb.com.ar\/sitio\/#organization"},"image":{"@id":"http:\/\/cuartetoenlaweb.com.ar\/sitio\/iran-estaria-colocando-minas-en-el-estrecho-de-ormuz\/#primaryimage"},"thumbnailUrl":"http:\/\/cuartetoenlaweb.com.ar\/sitio\/wp-content\/uploads\/2026\/03\/portadax-99.png","articleSection":["PAIS"],"inLanguage":"es"},{"@type":"WebPage","@id":"http:\/\/cuartetoenlaweb.com.ar\/sitio\/iran-estaria-colocando-minas-en-el-estrecho-de-ormuz\/","url":"http:\/\/cuartetoenlaweb.com.ar\/sitio\/iran-estaria-colocando-minas-en-el-estrecho-de-ormuz\/","name":"Ir\u00e1n estar\u00eda colocando minas en el estrecho de Ormuz - Cuarteto en la Web","isPartOf":{"@id":"http:\/\/cuartetoenlaweb.com.ar\/sitio\/#website"},"primaryImageOfPage":{"@id":"http:\/\/cuartetoenlaweb.com.ar\/sitio\/iran-estaria-colocando-minas-en-el-estrecho-de-ormuz\/#primaryimage"},"image":{"@id":"http:\/\/cuartetoenlaweb.com.ar\/sitio\/iran-estaria-colocando-minas-en-el-estrecho-de-ormuz\/#primaryimage"},"thumbnailUrl":"http:\/\/cuartetoenlaweb.com.ar\/sitio\/wp-content\/uploads\/2026\/03\/portadax-99.png","datePublished":"2026-03-14T02:00:47+00:00","breadcrumb":{"@id":"http:\/\/cuartetoenlaweb.com.ar\/sitio\/iran-estaria-colocando-minas-en-el-estrecho-de-ormuz\/#breadcrumb"},"inLanguage":"es","potentialAction":[{"@type":"ReadAction","target":["http:\/\/cuartetoenlaweb.com.ar\/sitio\/iran-estaria-colocando-minas-en-el-estrecho-de-ormuz\/"]}]},{"@type":"ImageObject","inLanguage":"es","@id":"http:\/\/cuartetoenlaweb.com.ar\/sitio\/iran-estaria-colocando-minas-en-el-estrecho-de-ormuz\/#primaryimage","url":"http:\/\/cuartetoenlaweb.com.ar\/sitio\/wp-content\/uploads\/2026\/03\/portadax-99.png","contentUrl":"http:\/\/cuartetoenlaweb.com.ar\/sitio\/wp-content\/uploads\/2026\/03\/portadax-99.png","width":1366,"height":768},{"@type":"BreadcrumbList","@id":"http:\/\/cuartetoenlaweb.com.ar\/sitio\/iran-estaria-colocando-minas-en-el-estrecho-de-ormuz\/#breadcrumb","itemListElement":[{"@type":"ListItem","position":1,"name":"Portada","item":"http:\/\/cuartetoenlaweb.com.ar\/sitio\/"},{"@type":"ListItem","position":2,"name":"Ir\u00e1n estar\u00eda colocando minas en el estrecho de Ormuz"}]},{"@type":"WebSite","@id":"http:\/\/cuartetoenlaweb.com.ar\/sitio\/#website","url":"http:\/\/cuartetoenlaweb.com.ar\/sitio\/","name":"Cuarteto en la Web","description":"","publisher":{"@id":"http:\/\/cuartetoenlaweb.com.ar\/sitio\/#organization"},"potentialAction":[{"@type":"SearchAction","target":{"@type":"EntryPoint","urlTemplate":"http:\/\/cuartetoenlaweb.com.ar\/sitio\/?s={search_term_string}"},"query-input":{"@type":"PropertyValueSpecification","valueRequired":true,"valueName":"search_term_string"}}],"inLanguage":"es"},{"@type":"Organization","@id":"http:\/\/cuartetoenlaweb.com.ar\/sitio\/#organization","name":"Cuarteto en la Web","url":"http:\/\/cuartetoenlaweb.com.ar\/sitio\/","logo":{"@type":"ImageObject","inLanguage":"es","@id":"http:\/\/cuartetoenlaweb.com.ar\/sitio\/#\/schema\/logo\/image\/","url":"http:\/\/cuartetoenlaweb.com.ar\/sitio\/wp-content\/uploads\/2025\/07\/cropped-cropped-logitoweb21.png","contentUrl":"http:\/\/cuartetoenlaweb.com.ar\/sitio\/wp-content\/uploads\/2025\/07\/cropped-cropped-logitoweb21.png","width":199,"height":199,"caption":"Cuarteto en la Web"},"image":{"@id":"http:\/\/cuartetoenlaweb.com.ar\/sitio\/#\/schema\/logo\/image\/"}}]}},"_links":{"self":[{"href":"http:\/\/cuartetoenlaweb.com.ar\/sitio\/wp-json\/wp\/v2\/posts\/14540","targetHints":{"allow":["GET"]}}],"collection":[{"href":"http:\/\/cuartetoenlaweb.com.ar\/sitio\/wp-json\/wp\/v2\/posts"}],"about":[{"href":"http:\/\/cuartetoenlaweb.com.ar\/sitio\/wp-json\/wp\/v2\/types\/post"}],"replies":[{"embeddable":true,"href":"http:\/\/cuartetoenlaweb.com.ar\/sitio\/wp-json\/wp\/v2\/comments?post=14540"}],"version-history":[{"count":0,"href":"http:\/\/cuartetoenlaweb.com.ar\/sitio\/wp-json\/wp\/v2\/posts\/14540\/revisions"}],"wp:featuredmedia":[{"embeddable":true,"href":"http:\/\/cuartetoenlaweb.com.ar\/sitio\/wp-json\/wp\/v2\/media\/14541"}],"wp:attachment":[{"href":"http:\/\/cuartetoenlaweb.com.ar\/sitio\/wp-json\/wp\/v2\/media?parent=14540"}],"wp:term":[{"taxonomy":"category","embeddable":true,"href":"http:\/\/cuartetoenlaweb.com.ar\/sitio\/wp-json\/wp\/v2\/categories?post=14540"},{"taxonomy":"post_tag","embeddable":true,"href":"http:\/\/cuartetoenlaweb.com.ar\/sitio\/wp-json\/wp\/v2\/tags?post=14540"}],"curies":[{"name":"wp","href":"https:\/\/api.w.org\/{rel}","templated":true}]}}