
{"id":14538,"date":"2026-03-13T23:00:43","date_gmt":"2026-03-14T02:00:43","guid":{"rendered":"https:\/\/cuartetoenlaweb.com.ar\/sitio\/se-perdieron-casi-100-mil-empleos-a-fines-de-2025\/"},"modified":"2026-03-13T23:00:43","modified_gmt":"2026-03-14T02:00:43","slug":"se-perdieron-casi-100-mil-empleos-a-fines-de-2025","status":"publish","type":"post","link":"http:\/\/cuartetoenlaweb.com.ar\/sitio\/se-perdieron-casi-100-mil-empleos-a-fines-de-2025\/","title":{"rendered":"Se perdieron casi 100 mil empleos a fines de 2025"},"content":{"rendered":"<p>Entre junio y diciembre de 2025, el empleo asalariado privado registr\u00f3 variaciones mensuales negativas, acumulando una p\u00e9rdida de 96.800 trabajos, con cesant\u00edas y cierres de empresas. En diciembre de 2025 el empleo asalariado en el sector privado alcanz\u00f3 los 6.197.000 trabajadores.<\/p>\n<p>As\u00ed, registr\u00f3 una p\u00e9rdida de 12.400 personas (-0,2% en relaci\u00f3n con el mes anterior) de acuerdo a los datos de la Secretar\u00eda de Trabajo.<\/p>\n<p>En relaci\u00f3n a diciembre 2024, el empleo asalariado se redujo 1% (equivalente a 106,2 mil trabajadores menos).<\/p>\n<p>Se registraron ca\u00eddas en el sector asalariado privado (-1,3%, 88,8 mil personas menos) y en el sector p\u00fablico (-0,5%, 18,7 mil trabajadores menos) mientras que el trabajo en casas particulares se mantuvo relativamente estable (0,3%, 1,3 mil personas m\u00e1s).<\/p>\n<p><strong>Los independientes<\/strong><\/p>\n<p>En cambio, en diciembre de 2025 el trabajo independiente mostr\u00f3 una variaci\u00f3n positiva del 0,7% respecto al mes anterior.<\/p>\n<p>Todas las categor\u00edas de trabajo independiente mostraron una expansi\u00f3n respecto al mes anterior: la cantidad de monotributistas registr\u00f3 un incremento del 0,5% ( cerca de 9.000 m\u00e1s), el n\u00famero de personas encuadradas en el monotributo social creci\u00f3 un 1,7% y aquellas que pertenecen al r\u00e9gimen de aut\u00f3nomos aumentaron 1,5%.<\/p>\n<p>Por su parte, en la comparaci\u00f3n interanual, el trabajo independiente en su conjunto experiment\u00f3 un crecimiento del 3,8% (104,8 mil personas m\u00e1s).<\/p>\n<p>Al interior de este grupo, existieron din\u00e1micas diferenciadas: la cantidad de aportantes al monotributo aument\u00f3 un 5,4% (113 mil personas m\u00e1s), mientras que la cantidad de aut\u00f3nomos se redujo un 0,5% (2 mil personas menos) y la de monotributistas sociales cay\u00f3 un 2,4% (6,2 mil personas menos).<\/p>\n<p>Las cifras dadas a conocer por la Secretar\u00eda de Trabajo muestran un cambio en la composici\u00f3n del trabajo, ya que se redujo el empleo asalariado -tanto en el sector p\u00fablico como en el privado-, mientras que creci\u00f3 con fuerza el trabajo independiente.<\/p>\n<p>A partir de septiembre de 2023, el empleo formal en el sector privado comenz\u00f3 una etapa de destrucci\u00f3n neta del empleo, tendencia que se acentu\u00f3 durante el primer trimestre de 2024, con una ca\u00edda mensual promedio de 0,4%.<\/p><\/p>\n","protected":false},"excerpt":{"rendered":"<p>Entre junio y diciembre de 2025, el empleo asalariado privado<\/p>\n","protected":false},"author":0,"featured_media":14539,"comment_status":"","ping_status":"","sticky":false,"template":"","format":"standard","meta":{"footnotes":""},"categories":[65],"tags":[],"class_list":["post-14538","post","type-post","status-publish","format-standard","has-post-thumbnail","hentry","category-pais"],"yoast_head":"<!-- This site is optimized with the Yoast SEO plugin v27.5 - https:\/\/yoast.com\/product\/yoast-seo-wordpress\/ -->\n<title>Se perdieron casi 100 mil empleos a fines de 2025 - Cuarteto en la Web<\/title>\n<meta name=\"robots\" content=\"index, follow, max-snippet:-1, max-image-preview:large, max-video-preview:-1\" \/>\n<link rel=\"canonical\" href=\"https:\/\/cuartetoenlaweb.com.ar\/sitio\/se-perdieron-casi-100-mil-empleos-a-fines-de-2025\/\" \/>\n<meta property=\"og:locale\" content=\"es_ES\" \/>\n<meta property=\"og:type\" content=\"article\" \/>\n<meta property=\"og:title\" content=\"Se perdieron casi 100 mil empleos a fines de 2025 - Cuarteto en la Web\" \/>\n<meta property=\"og:description\" content=\"Entre junio y diciembre de 2025, el empleo asalariado privado\" \/>\n<meta property=\"og:url\" content=\"https:\/\/cuartetoenlaweb.com.ar\/sitio\/se-perdieron-casi-100-mil-empleos-a-fines-de-2025\/\" \/>\n<meta property=\"og:site_name\" content=\"Cuarteto en la Web\" \/>\n<meta property=\"article:published_time\" content=\"2026-03-14T02:00:43+00:00\" \/>\n<meta property=\"og:image\" content=\"https:\/\/cuartetoenlaweb.com.ar\/sitio\/wp-content\/uploads\/2026\/03\/portadax-98.png\" \/>\n\t<meta property=\"og:image:width\" content=\"1366\" \/>\n\t<meta property=\"og:image:height\" content=\"768\" \/>\n\t<meta property=\"og:image:type\" content=\"image\/png\" \/>\n<meta name=\"twitter:card\" content=\"summary_large_image\" \/>\n<meta name=\"twitter:label1\" content=\"Tiempo de lectura\" \/>\n\t<meta name=\"twitter:data1\" content=\"2 minutos\" \/>\n<script type=\"application\/ld+json\" class=\"yoast-schema-graph\">{\"@context\":\"https:\\\/\\\/schema.org\",\"@graph\":[{\"@type\":\"Article\",\"@id\":\"https:\\\/\\\/cuartetoenlaweb.com.ar\\\/sitio\\\/se-perdieron-casi-100-mil-empleos-a-fines-de-2025\\\/#article\",\"isPartOf\":{\"@id\":\"https:\\\/\\\/cuartetoenlaweb.com.ar\\\/sitio\\\/se-perdieron-casi-100-mil-empleos-a-fines-de-2025\\\/\"},\"author\":{\"name\":\"\",\"@id\":\"\"},\"headline\":\"Se perdieron casi 100 mil empleos a fines de 2025\",\"datePublished\":\"2026-03-14T02:00:43+00:00\",\"mainEntityOfPage\":{\"@id\":\"https:\\\/\\\/cuartetoenlaweb.com.ar\\\/sitio\\\/se-perdieron-casi-100-mil-empleos-a-fines-de-2025\\\/\"},\"wordCount\":344,\"publisher\":{\"@id\":\"http:\\\/\\\/cuartetoenlaweb.com.ar\\\/sitio\\\/#organization\"},\"image\":{\"@id\":\"https:\\\/\\\/cuartetoenlaweb.com.ar\\\/sitio\\\/se-perdieron-casi-100-mil-empleos-a-fines-de-2025\\\/#primaryimage\"},\"thumbnailUrl\":\"http:\\\/\\\/cuartetoenlaweb.com.ar\\\/sitio\\\/wp-content\\\/uploads\\\/2026\\\/03\\\/portadax-98.png\",\"articleSection\":[\"PAIS\"],\"inLanguage\":\"es\"},{\"@type\":\"WebPage\",\"@id\":\"https:\\\/\\\/cuartetoenlaweb.com.ar\\\/sitio\\\/se-perdieron-casi-100-mil-empleos-a-fines-de-2025\\\/\",\"url\":\"https:\\\/\\\/cuartetoenlaweb.com.ar\\\/sitio\\\/se-perdieron-casi-100-mil-empleos-a-fines-de-2025\\\/\",\"name\":\"Se perdieron casi 100 mil empleos a fines de 2025 - Cuarteto en la Web\",\"isPartOf\":{\"@id\":\"http:\\\/\\\/cuartetoenlaweb.com.ar\\\/sitio\\\/#website\"},\"primaryImageOfPage\":{\"@id\":\"https:\\\/\\\/cuartetoenlaweb.com.ar\\\/sitio\\\/se-perdieron-casi-100-mil-empleos-a-fines-de-2025\\\/#primaryimage\"},\"image\":{\"@id\":\"https:\\\/\\\/cuartetoenlaweb.com.ar\\\/sitio\\\/se-perdieron-casi-100-mil-empleos-a-fines-de-2025\\\/#primaryimage\"},\"thumbnailUrl\":\"http:\\\/\\\/cuartetoenlaweb.com.ar\\\/sitio\\\/wp-content\\\/uploads\\\/2026\\\/03\\\/portadax-98.png\",\"datePublished\":\"2026-03-14T02:00:43+00:00\",\"breadcrumb\":{\"@id\":\"https:\\\/\\\/cuartetoenlaweb.com.ar\\\/sitio\\\/se-perdieron-casi-100-mil-empleos-a-fines-de-2025\\\/#breadcrumb\"},\"inLanguage\":\"es\",\"potentialAction\":[{\"@type\":\"ReadAction\",\"target\":[\"https:\\\/\\\/cuartetoenlaweb.com.ar\\\/sitio\\\/se-perdieron-casi-100-mil-empleos-a-fines-de-2025\\\/\"]}]},{\"@type\":\"ImageObject\",\"inLanguage\":\"es\",\"@id\":\"https:\\\/\\\/cuartetoenlaweb.com.ar\\\/sitio\\\/se-perdieron-casi-100-mil-empleos-a-fines-de-2025\\\/#primaryimage\",\"url\":\"http:\\\/\\\/cuartetoenlaweb.com.ar\\\/sitio\\\/wp-content\\\/uploads\\\/2026\\\/03\\\/portadax-98.png\",\"contentUrl\":\"http:\\\/\\\/cuartetoenlaweb.com.ar\\\/sitio\\\/wp-content\\\/uploads\\\/2026\\\/03\\\/portadax-98.png\",\"width\":1366,\"height\":768},{\"@type\":\"BreadcrumbList\",\"@id\":\"https:\\\/\\\/cuartetoenlaweb.com.ar\\\/sitio\\\/se-perdieron-casi-100-mil-empleos-a-fines-de-2025\\\/#breadcrumb\",\"itemListElement\":[{\"@type\":\"ListItem\",\"position\":1,\"name\":\"Portada\",\"item\":\"http:\\\/\\\/cuartetoenlaweb.com.ar\\\/sitio\\\/\"},{\"@type\":\"ListItem\",\"position\":2,\"name\":\"Se perdieron casi 100 mil empleos a fines de 2025\"}]},{\"@type\":\"WebSite\",\"@id\":\"http:\\\/\\\/cuartetoenlaweb.com.ar\\\/sitio\\\/#website\",\"url\":\"http:\\\/\\\/cuartetoenlaweb.com.ar\\\/sitio\\\/\",\"name\":\"Cuarteto en la Web\",\"description\":\"\",\"publisher\":{\"@id\":\"http:\\\/\\\/cuartetoenlaweb.com.ar\\\/sitio\\\/#organization\"},\"potentialAction\":[{\"@type\":\"SearchAction\",\"target\":{\"@type\":\"EntryPoint\",\"urlTemplate\":\"http:\\\/\\\/cuartetoenlaweb.com.ar\\\/sitio\\\/?s={search_term_string}\"},\"query-input\":{\"@type\":\"PropertyValueSpecification\",\"valueRequired\":true,\"valueName\":\"search_term_string\"}}],\"inLanguage\":\"es\"},{\"@type\":\"Organization\",\"@id\":\"http:\\\/\\\/cuartetoenlaweb.com.ar\\\/sitio\\\/#organization\",\"name\":\"Cuarteto en la Web\",\"url\":\"http:\\\/\\\/cuartetoenlaweb.com.ar\\\/sitio\\\/\",\"logo\":{\"@type\":\"ImageObject\",\"inLanguage\":\"es\",\"@id\":\"http:\\\/\\\/cuartetoenlaweb.com.ar\\\/sitio\\\/#\\\/schema\\\/logo\\\/image\\\/\",\"url\":\"http:\\\/\\\/cuartetoenlaweb.com.ar\\\/sitio\\\/wp-content\\\/uploads\\\/2025\\\/07\\\/cropped-cropped-logitoweb21.png\",\"contentUrl\":\"http:\\\/\\\/cuartetoenlaweb.com.ar\\\/sitio\\\/wp-content\\\/uploads\\\/2025\\\/07\\\/cropped-cropped-logitoweb21.png\",\"width\":199,\"height\":199,\"caption\":\"Cuarteto en la Web\"},\"image\":{\"@id\":\"http:\\\/\\\/cuartetoenlaweb.com.ar\\\/sitio\\\/#\\\/schema\\\/logo\\\/image\\\/\"}}]}<\/script>\n<!-- \/ Yoast SEO plugin. -->","yoast_head_json":{"title":"Se perdieron casi 100 mil empleos a fines de 2025 - Cuarteto en la Web","robots":{"index":"index","follow":"follow","max-snippet":"max-snippet:-1","max-image-preview":"max-image-preview:large","max-video-preview":"max-video-preview:-1"},"canonical":"https:\/\/cuartetoenlaweb.com.ar\/sitio\/se-perdieron-casi-100-mil-empleos-a-fines-de-2025\/","og_locale":"es_ES","og_type":"article","og_title":"Se perdieron casi 100 mil empleos a fines de 2025 - Cuarteto en la Web","og_description":"Entre junio y diciembre de 2025, el empleo asalariado privado","og_url":"https:\/\/cuartetoenlaweb.com.ar\/sitio\/se-perdieron-casi-100-mil-empleos-a-fines-de-2025\/","og_site_name":"Cuarteto en la Web","article_published_time":"2026-03-14T02:00:43+00:00","og_image":[{"width":1366,"height":768,"url":"https:\/\/cuartetoenlaweb.com.ar\/sitio\/wp-content\/uploads\/2026\/03\/portadax-98.png","type":"image\/png"}],"twitter_card":"summary_large_image","twitter_misc":{"Tiempo de lectura":"2 minutos"},"schema":{"@context":"https:\/\/schema.org","@graph":[{"@type":"Article","@id":"https:\/\/cuartetoenlaweb.com.ar\/sitio\/se-perdieron-casi-100-mil-empleos-a-fines-de-2025\/#article","isPartOf":{"@id":"https:\/\/cuartetoenlaweb.com.ar\/sitio\/se-perdieron-casi-100-mil-empleos-a-fines-de-2025\/"},"author":{"name":"","@id":""},"headline":"Se perdieron casi 100 mil empleos a fines de 2025","datePublished":"2026-03-14T02:00:43+00:00","mainEntityOfPage":{"@id":"https:\/\/cuartetoenlaweb.com.ar\/sitio\/se-perdieron-casi-100-mil-empleos-a-fines-de-2025\/"},"wordCount":344,"publisher":{"@id":"http:\/\/cuartetoenlaweb.com.ar\/sitio\/#organization"},"image":{"@id":"https:\/\/cuartetoenlaweb.com.ar\/sitio\/se-perdieron-casi-100-mil-empleos-a-fines-de-2025\/#primaryimage"},"thumbnailUrl":"http:\/\/cuartetoenlaweb.com.ar\/sitio\/wp-content\/uploads\/2026\/03\/portadax-98.png","articleSection":["PAIS"],"inLanguage":"es"},{"@type":"WebPage","@id":"https:\/\/cuartetoenlaweb.com.ar\/sitio\/se-perdieron-casi-100-mil-empleos-a-fines-de-2025\/","url":"https:\/\/cuartetoenlaweb.com.ar\/sitio\/se-perdieron-casi-100-mil-empleos-a-fines-de-2025\/","name":"Se perdieron casi 100 mil empleos a fines de 2025 - Cuarteto en la Web","isPartOf":{"@id":"http:\/\/cuartetoenlaweb.com.ar\/sitio\/#website"},"primaryImageOfPage":{"@id":"https:\/\/cuartetoenlaweb.com.ar\/sitio\/se-perdieron-casi-100-mil-empleos-a-fines-de-2025\/#primaryimage"},"image":{"@id":"https:\/\/cuartetoenlaweb.com.ar\/sitio\/se-perdieron-casi-100-mil-empleos-a-fines-de-2025\/#primaryimage"},"thumbnailUrl":"http:\/\/cuartetoenlaweb.com.ar\/sitio\/wp-content\/uploads\/2026\/03\/portadax-98.png","datePublished":"2026-03-14T02:00:43+00:00","breadcrumb":{"@id":"https:\/\/cuartetoenlaweb.com.ar\/sitio\/se-perdieron-casi-100-mil-empleos-a-fines-de-2025\/#breadcrumb"},"inLanguage":"es","potentialAction":[{"@type":"ReadAction","target":["https:\/\/cuartetoenlaweb.com.ar\/sitio\/se-perdieron-casi-100-mil-empleos-a-fines-de-2025\/"]}]},{"@type":"ImageObject","inLanguage":"es","@id":"https:\/\/cuartetoenlaweb.com.ar\/sitio\/se-perdieron-casi-100-mil-empleos-a-fines-de-2025\/#primaryimage","url":"http:\/\/cuartetoenlaweb.com.ar\/sitio\/wp-content\/uploads\/2026\/03\/portadax-98.png","contentUrl":"http:\/\/cuartetoenlaweb.com.ar\/sitio\/wp-content\/uploads\/2026\/03\/portadax-98.png","width":1366,"height":768},{"@type":"BreadcrumbList","@id":"https:\/\/cuartetoenlaweb.com.ar\/sitio\/se-perdieron-casi-100-mil-empleos-a-fines-de-2025\/#breadcrumb","itemListElement":[{"@type":"ListItem","position":1,"name":"Portada","item":"http:\/\/cuartetoenlaweb.com.ar\/sitio\/"},{"@type":"ListItem","position":2,"name":"Se perdieron casi 100 mil empleos a fines de 2025"}]},{"@type":"WebSite","@id":"http:\/\/cuartetoenlaweb.com.ar\/sitio\/#website","url":"http:\/\/cuartetoenlaweb.com.ar\/sitio\/","name":"Cuarteto en la Web","description":"","publisher":{"@id":"http:\/\/cuartetoenlaweb.com.ar\/sitio\/#organization"},"potentialAction":[{"@type":"SearchAction","target":{"@type":"EntryPoint","urlTemplate":"http:\/\/cuartetoenlaweb.com.ar\/sitio\/?s={search_term_string}"},"query-input":{"@type":"PropertyValueSpecification","valueRequired":true,"valueName":"search_term_string"}}],"inLanguage":"es"},{"@type":"Organization","@id":"http:\/\/cuartetoenlaweb.com.ar\/sitio\/#organization","name":"Cuarteto en la Web","url":"http:\/\/cuartetoenlaweb.com.ar\/sitio\/","logo":{"@type":"ImageObject","inLanguage":"es","@id":"http:\/\/cuartetoenlaweb.com.ar\/sitio\/#\/schema\/logo\/image\/","url":"http:\/\/cuartetoenlaweb.com.ar\/sitio\/wp-content\/uploads\/2025\/07\/cropped-cropped-logitoweb21.png","contentUrl":"http:\/\/cuartetoenlaweb.com.ar\/sitio\/wp-content\/uploads\/2025\/07\/cropped-cropped-logitoweb21.png","width":199,"height":199,"caption":"Cuarteto en la Web"},"image":{"@id":"http:\/\/cuartetoenlaweb.com.ar\/sitio\/#\/schema\/logo\/image\/"}}]}},"_links":{"self":[{"href":"http:\/\/cuartetoenlaweb.com.ar\/sitio\/wp-json\/wp\/v2\/posts\/14538","targetHints":{"allow":["GET"]}}],"collection":[{"href":"http:\/\/cuartetoenlaweb.com.ar\/sitio\/wp-json\/wp\/v2\/posts"}],"about":[{"href":"http:\/\/cuartetoenlaweb.com.ar\/sitio\/wp-json\/wp\/v2\/types\/post"}],"replies":[{"embeddable":true,"href":"http:\/\/cuartetoenlaweb.com.ar\/sitio\/wp-json\/wp\/v2\/comments?post=14538"}],"version-history":[{"count":0,"href":"http:\/\/cuartetoenlaweb.com.ar\/sitio\/wp-json\/wp\/v2\/posts\/14538\/revisions"}],"wp:featuredmedia":[{"embeddable":true,"href":"http:\/\/cuartetoenlaweb.com.ar\/sitio\/wp-json\/wp\/v2\/media\/14539"}],"wp:attachment":[{"href":"http:\/\/cuartetoenlaweb.com.ar\/sitio\/wp-json\/wp\/v2\/media?parent=14538"}],"wp:term":[{"taxonomy":"category","embeddable":true,"href":"http:\/\/cuartetoenlaweb.com.ar\/sitio\/wp-json\/wp\/v2\/categories?post=14538"},{"taxonomy":"post_tag","embeddable":true,"href":"http:\/\/cuartetoenlaweb.com.ar\/sitio\/wp-json\/wp\/v2\/tags?post=14538"}],"curies":[{"name":"wp","href":"https:\/\/api.w.org\/{rel}","templated":true}]}}