
{"id":14536,"date":"2026-03-13T23:00:40","date_gmt":"2026-03-14T02:00:40","guid":{"rendered":"https:\/\/cuartetoenlaweb.com.ar\/sitio\/cuba-admite-el-inicio-de-contactos-con-washington\/"},"modified":"2026-03-13T23:00:40","modified_gmt":"2026-03-14T02:00:40","slug":"cuba-admite-el-inicio-de-contactos-con-washington","status":"publish","type":"post","link":"http:\/\/cuartetoenlaweb.com.ar\/sitio\/cuba-admite-el-inicio-de-contactos-con-washington\/","title":{"rendered":"Cuba admite el inicio de contactos con Washington"},"content":{"rendered":"<p>El presidente de Cuba, Miguel D\u00edaz Canel, confirm\u00f3 que funcionarios de su Gobierno mantuvieron conversaciones con representantes de EEUU para intentar encauzar las tensiones entre ambos pa\u00edses. Sin embargo, aclar\u00f3 que el di\u00e1logo reci\u00e9n se encuentra en una etapa inicial y que todav\u00eda est\u00e1n \u00abalejados\u00bb de cualquier acuerdo concreto.<\/p>\n<p>El reconocimiento oficial llega despu\u00e9s de semanas en las que Washington aseguraba que exist\u00edan contactos entre ambos gobiernos, algo que La Habana hab\u00eda negado en reiteradas ocasiones. El propio D\u00edaz Canel admiti\u00f3 que los intercambios se realizaron recientemente y que buscan explorar posibles soluciones a las diferencias bilaterales.<\/p>\n<p>\u00abFuncionarios cubanos sostuvieron recientemente conversaciones con representantes del Gobierno de los EEUU para buscar por la v\u00eda del di\u00e1logo la posible soluci\u00f3n a las diferencias bilaterales que existen\u00bb, afirm\u00f3 el mandatario. Seg\u00fan explic\u00f3, el objetivo de estas conversaciones es identificar los problemas que afectan la relaci\u00f3n entre ambos pa\u00edses, analizar v\u00edas de soluci\u00f3n y determinar si existe voluntad pol\u00edtica de ambas partes para avanzar en medidas que puedan beneficiar a sus pueblos.<\/p>\n<p>\u00abDiscreci\u00f3n, responsabilidad y seriedad\u00bb<\/p>\n<p>D\u00edaz Canel subray\u00f3 que se trata de un proceso \u00abmuy sensible\u00bb que se est\u00e1 manejando con discreci\u00f3n, responsabilidad y seriedad. Tambi\u00e9n indic\u00f3 que Cuba plante\u00f3 que cualquier negociaci\u00f3n debe desarrollarse sobre bases de igualdad y respeto a los sistemas pol\u00edticos, la soberan\u00eda y la autodeterminaci\u00f3n de ambos Estados.<\/p>\n<p>El anuncio se produce en un contexto de creciente presi\u00f3n econ\u00f3mica sobre la isla. En los \u00faltimos meses, EEUU reforz\u00f3 las sanciones contra Cuba y bloque\u00f3 la entrada de importaciones de petr\u00f3leo, una medida que agrav\u00f3 la crisis energ\u00e9tica del pa\u00eds. La isla produce apenas un tercio del crudo que necesita para cubrir su demanda, por lo que la restricci\u00f3n de suministros profundiz\u00f3 los cortes de energ\u00eda y las dificultades econ\u00f3micas.<\/p>\n<p>Decisi\u00f3n colegiada<\/p>\n<p>El presidente cubano tambi\u00e9n se\u00f1al\u00f3 que la decisi\u00f3n de iniciar estos contactos fue tomada \u00abde forma colegiada\u00bb junto al expresidente Ra\u00fal Castro y otros miembros del Gobierno, el Estado y el Partido Comunista.<\/p>\n<p>Adem\u00e1s, confirm\u00f3 que las autoridades cubanas esperan la llegada de agentes del FBI para colaborar en la investigaci\u00f3n de un incidente ocurrido el pasado 25 de febrero, cuando una lancha procedente de EEUU quiso incursionar en la isla con 10 hombres armados y los guardafronteras cubanos abatieron a cuatro de ellos. El Gobierno cubano calific\u00f3 ese hecho como una \u00abinfiltraci\u00f3n con fines terroristas\u00bb.<\/p><\/p>\n","protected":false},"excerpt":{"rendered":"<p>El presidente de Cuba, Miguel D\u00edaz Canel, confirm\u00f3 que funcionarios<\/p>\n","protected":false},"author":0,"featured_media":14537,"comment_status":"","ping_status":"","sticky":false,"template":"","format":"standard","meta":{"footnotes":""},"categories":[65],"tags":[],"class_list":["post-14536","post","type-post","status-publish","format-standard","has-post-thumbnail","hentry","category-pais"],"yoast_head":"<!-- This site is optimized with the Yoast SEO plugin v27.5 - https:\/\/yoast.com\/product\/yoast-seo-wordpress\/ -->\n<title>Cuba admite el inicio de contactos con Washington - Cuarteto en la Web<\/title>\n<meta name=\"robots\" content=\"index, follow, max-snippet:-1, max-image-preview:large, max-video-preview:-1\" \/>\n<link rel=\"canonical\" href=\"http:\/\/cuartetoenlaweb.com.ar\/sitio\/cuba-admite-el-inicio-de-contactos-con-washington\/\" \/>\n<meta property=\"og:locale\" content=\"es_ES\" \/>\n<meta property=\"og:type\" content=\"article\" \/>\n<meta property=\"og:title\" content=\"Cuba admite el inicio de contactos con Washington - Cuarteto en la Web\" \/>\n<meta property=\"og:description\" content=\"El presidente de Cuba, Miguel D\u00edaz Canel, confirm\u00f3 que funcionarios\" \/>\n<meta property=\"og:url\" content=\"http:\/\/cuartetoenlaweb.com.ar\/sitio\/cuba-admite-el-inicio-de-contactos-con-washington\/\" \/>\n<meta property=\"og:site_name\" content=\"Cuarteto en la Web\" \/>\n<meta property=\"article:published_time\" content=\"2026-03-14T02:00:40+00:00\" \/>\n<meta property=\"og:image\" content=\"http:\/\/cuartetoenlaweb.com.ar\/sitio\/wp-content\/uploads\/2026\/03\/portadax-97.png\" \/>\n\t<meta property=\"og:image:width\" content=\"1366\" \/>\n\t<meta property=\"og:image:height\" content=\"768\" \/>\n\t<meta property=\"og:image:type\" content=\"image\/png\" \/>\n<meta name=\"twitter:card\" content=\"summary_large_image\" \/>\n<meta name=\"twitter:label1\" content=\"Tiempo de lectura\" \/>\n\t<meta name=\"twitter:data1\" content=\"2 minutos\" \/>\n<script type=\"application\/ld+json\" class=\"yoast-schema-graph\">{\"@context\":\"https:\\\/\\\/schema.org\",\"@graph\":[{\"@type\":\"Article\",\"@id\":\"http:\\\/\\\/cuartetoenlaweb.com.ar\\\/sitio\\\/cuba-admite-el-inicio-de-contactos-con-washington\\\/#article\",\"isPartOf\":{\"@id\":\"http:\\\/\\\/cuartetoenlaweb.com.ar\\\/sitio\\\/cuba-admite-el-inicio-de-contactos-con-washington\\\/\"},\"author\":{\"name\":\"\",\"@id\":\"\"},\"headline\":\"Cuba admite el inicio de contactos con Washington\",\"datePublished\":\"2026-03-14T02:00:40+00:00\",\"mainEntityOfPage\":{\"@id\":\"http:\\\/\\\/cuartetoenlaweb.com.ar\\\/sitio\\\/cuba-admite-el-inicio-de-contactos-con-washington\\\/\"},\"wordCount\":438,\"publisher\":{\"@id\":\"http:\\\/\\\/cuartetoenlaweb.com.ar\\\/sitio\\\/#organization\"},\"image\":{\"@id\":\"http:\\\/\\\/cuartetoenlaweb.com.ar\\\/sitio\\\/cuba-admite-el-inicio-de-contactos-con-washington\\\/#primaryimage\"},\"thumbnailUrl\":\"http:\\\/\\\/cuartetoenlaweb.com.ar\\\/sitio\\\/wp-content\\\/uploads\\\/2026\\\/03\\\/portadax-97.png\",\"articleSection\":[\"PAIS\"],\"inLanguage\":\"es\"},{\"@type\":\"WebPage\",\"@id\":\"http:\\\/\\\/cuartetoenlaweb.com.ar\\\/sitio\\\/cuba-admite-el-inicio-de-contactos-con-washington\\\/\",\"url\":\"http:\\\/\\\/cuartetoenlaweb.com.ar\\\/sitio\\\/cuba-admite-el-inicio-de-contactos-con-washington\\\/\",\"name\":\"Cuba admite el inicio de contactos con Washington - Cuarteto en la Web\",\"isPartOf\":{\"@id\":\"http:\\\/\\\/cuartetoenlaweb.com.ar\\\/sitio\\\/#website\"},\"primaryImageOfPage\":{\"@id\":\"http:\\\/\\\/cuartetoenlaweb.com.ar\\\/sitio\\\/cuba-admite-el-inicio-de-contactos-con-washington\\\/#primaryimage\"},\"image\":{\"@id\":\"http:\\\/\\\/cuartetoenlaweb.com.ar\\\/sitio\\\/cuba-admite-el-inicio-de-contactos-con-washington\\\/#primaryimage\"},\"thumbnailUrl\":\"http:\\\/\\\/cuartetoenlaweb.com.ar\\\/sitio\\\/wp-content\\\/uploads\\\/2026\\\/03\\\/portadax-97.png\",\"datePublished\":\"2026-03-14T02:00:40+00:00\",\"breadcrumb\":{\"@id\":\"http:\\\/\\\/cuartetoenlaweb.com.ar\\\/sitio\\\/cuba-admite-el-inicio-de-contactos-con-washington\\\/#breadcrumb\"},\"inLanguage\":\"es\",\"potentialAction\":[{\"@type\":\"ReadAction\",\"target\":[\"http:\\\/\\\/cuartetoenlaweb.com.ar\\\/sitio\\\/cuba-admite-el-inicio-de-contactos-con-washington\\\/\"]}]},{\"@type\":\"ImageObject\",\"inLanguage\":\"es\",\"@id\":\"http:\\\/\\\/cuartetoenlaweb.com.ar\\\/sitio\\\/cuba-admite-el-inicio-de-contactos-con-washington\\\/#primaryimage\",\"url\":\"http:\\\/\\\/cuartetoenlaweb.com.ar\\\/sitio\\\/wp-content\\\/uploads\\\/2026\\\/03\\\/portadax-97.png\",\"contentUrl\":\"http:\\\/\\\/cuartetoenlaweb.com.ar\\\/sitio\\\/wp-content\\\/uploads\\\/2026\\\/03\\\/portadax-97.png\",\"width\":1366,\"height\":768},{\"@type\":\"BreadcrumbList\",\"@id\":\"http:\\\/\\\/cuartetoenlaweb.com.ar\\\/sitio\\\/cuba-admite-el-inicio-de-contactos-con-washington\\\/#breadcrumb\",\"itemListElement\":[{\"@type\":\"ListItem\",\"position\":1,\"name\":\"Portada\",\"item\":\"http:\\\/\\\/cuartetoenlaweb.com.ar\\\/sitio\\\/\"},{\"@type\":\"ListItem\",\"position\":2,\"name\":\"Cuba admite el inicio de contactos con Washington\"}]},{\"@type\":\"WebSite\",\"@id\":\"http:\\\/\\\/cuartetoenlaweb.com.ar\\\/sitio\\\/#website\",\"url\":\"http:\\\/\\\/cuartetoenlaweb.com.ar\\\/sitio\\\/\",\"name\":\"Cuarteto en la Web\",\"description\":\"\",\"publisher\":{\"@id\":\"http:\\\/\\\/cuartetoenlaweb.com.ar\\\/sitio\\\/#organization\"},\"potentialAction\":[{\"@type\":\"SearchAction\",\"target\":{\"@type\":\"EntryPoint\",\"urlTemplate\":\"http:\\\/\\\/cuartetoenlaweb.com.ar\\\/sitio\\\/?s={search_term_string}\"},\"query-input\":{\"@type\":\"PropertyValueSpecification\",\"valueRequired\":true,\"valueName\":\"search_term_string\"}}],\"inLanguage\":\"es\"},{\"@type\":\"Organization\",\"@id\":\"http:\\\/\\\/cuartetoenlaweb.com.ar\\\/sitio\\\/#organization\",\"name\":\"Cuarteto en la Web\",\"url\":\"http:\\\/\\\/cuartetoenlaweb.com.ar\\\/sitio\\\/\",\"logo\":{\"@type\":\"ImageObject\",\"inLanguage\":\"es\",\"@id\":\"http:\\\/\\\/cuartetoenlaweb.com.ar\\\/sitio\\\/#\\\/schema\\\/logo\\\/image\\\/\",\"url\":\"http:\\\/\\\/cuartetoenlaweb.com.ar\\\/sitio\\\/wp-content\\\/uploads\\\/2025\\\/07\\\/cropped-cropped-logitoweb21.png\",\"contentUrl\":\"http:\\\/\\\/cuartetoenlaweb.com.ar\\\/sitio\\\/wp-content\\\/uploads\\\/2025\\\/07\\\/cropped-cropped-logitoweb21.png\",\"width\":199,\"height\":199,\"caption\":\"Cuarteto en la Web\"},\"image\":{\"@id\":\"http:\\\/\\\/cuartetoenlaweb.com.ar\\\/sitio\\\/#\\\/schema\\\/logo\\\/image\\\/\"}}]}<\/script>\n<!-- \/ Yoast SEO plugin. -->","yoast_head_json":{"title":"Cuba admite el inicio de contactos con Washington - Cuarteto en la Web","robots":{"index":"index","follow":"follow","max-snippet":"max-snippet:-1","max-image-preview":"max-image-preview:large","max-video-preview":"max-video-preview:-1"},"canonical":"http:\/\/cuartetoenlaweb.com.ar\/sitio\/cuba-admite-el-inicio-de-contactos-con-washington\/","og_locale":"es_ES","og_type":"article","og_title":"Cuba admite el inicio de contactos con Washington - Cuarteto en la Web","og_description":"El presidente de Cuba, Miguel D\u00edaz Canel, confirm\u00f3 que funcionarios","og_url":"http:\/\/cuartetoenlaweb.com.ar\/sitio\/cuba-admite-el-inicio-de-contactos-con-washington\/","og_site_name":"Cuarteto en la Web","article_published_time":"2026-03-14T02:00:40+00:00","og_image":[{"width":1366,"height":768,"url":"http:\/\/cuartetoenlaweb.com.ar\/sitio\/wp-content\/uploads\/2026\/03\/portadax-97.png","type":"image\/png"}],"twitter_card":"summary_large_image","twitter_misc":{"Tiempo de lectura":"2 minutos"},"schema":{"@context":"https:\/\/schema.org","@graph":[{"@type":"Article","@id":"http:\/\/cuartetoenlaweb.com.ar\/sitio\/cuba-admite-el-inicio-de-contactos-con-washington\/#article","isPartOf":{"@id":"http:\/\/cuartetoenlaweb.com.ar\/sitio\/cuba-admite-el-inicio-de-contactos-con-washington\/"},"author":{"name":"","@id":""},"headline":"Cuba admite el inicio de contactos con Washington","datePublished":"2026-03-14T02:00:40+00:00","mainEntityOfPage":{"@id":"http:\/\/cuartetoenlaweb.com.ar\/sitio\/cuba-admite-el-inicio-de-contactos-con-washington\/"},"wordCount":438,"publisher":{"@id":"http:\/\/cuartetoenlaweb.com.ar\/sitio\/#organization"},"image":{"@id":"http:\/\/cuartetoenlaweb.com.ar\/sitio\/cuba-admite-el-inicio-de-contactos-con-washington\/#primaryimage"},"thumbnailUrl":"http:\/\/cuartetoenlaweb.com.ar\/sitio\/wp-content\/uploads\/2026\/03\/portadax-97.png","articleSection":["PAIS"],"inLanguage":"es"},{"@type":"WebPage","@id":"http:\/\/cuartetoenlaweb.com.ar\/sitio\/cuba-admite-el-inicio-de-contactos-con-washington\/","url":"http:\/\/cuartetoenlaweb.com.ar\/sitio\/cuba-admite-el-inicio-de-contactos-con-washington\/","name":"Cuba admite el inicio de contactos con Washington - Cuarteto en la Web","isPartOf":{"@id":"http:\/\/cuartetoenlaweb.com.ar\/sitio\/#website"},"primaryImageOfPage":{"@id":"http:\/\/cuartetoenlaweb.com.ar\/sitio\/cuba-admite-el-inicio-de-contactos-con-washington\/#primaryimage"},"image":{"@id":"http:\/\/cuartetoenlaweb.com.ar\/sitio\/cuba-admite-el-inicio-de-contactos-con-washington\/#primaryimage"},"thumbnailUrl":"http:\/\/cuartetoenlaweb.com.ar\/sitio\/wp-content\/uploads\/2026\/03\/portadax-97.png","datePublished":"2026-03-14T02:00:40+00:00","breadcrumb":{"@id":"http:\/\/cuartetoenlaweb.com.ar\/sitio\/cuba-admite-el-inicio-de-contactos-con-washington\/#breadcrumb"},"inLanguage":"es","potentialAction":[{"@type":"ReadAction","target":["http:\/\/cuartetoenlaweb.com.ar\/sitio\/cuba-admite-el-inicio-de-contactos-con-washington\/"]}]},{"@type":"ImageObject","inLanguage":"es","@id":"http:\/\/cuartetoenlaweb.com.ar\/sitio\/cuba-admite-el-inicio-de-contactos-con-washington\/#primaryimage","url":"http:\/\/cuartetoenlaweb.com.ar\/sitio\/wp-content\/uploads\/2026\/03\/portadax-97.png","contentUrl":"http:\/\/cuartetoenlaweb.com.ar\/sitio\/wp-content\/uploads\/2026\/03\/portadax-97.png","width":1366,"height":768},{"@type":"BreadcrumbList","@id":"http:\/\/cuartetoenlaweb.com.ar\/sitio\/cuba-admite-el-inicio-de-contactos-con-washington\/#breadcrumb","itemListElement":[{"@type":"ListItem","position":1,"name":"Portada","item":"http:\/\/cuartetoenlaweb.com.ar\/sitio\/"},{"@type":"ListItem","position":2,"name":"Cuba admite el inicio de contactos con Washington"}]},{"@type":"WebSite","@id":"http:\/\/cuartetoenlaweb.com.ar\/sitio\/#website","url":"http:\/\/cuartetoenlaweb.com.ar\/sitio\/","name":"Cuarteto en la Web","description":"","publisher":{"@id":"http:\/\/cuartetoenlaweb.com.ar\/sitio\/#organization"},"potentialAction":[{"@type":"SearchAction","target":{"@type":"EntryPoint","urlTemplate":"http:\/\/cuartetoenlaweb.com.ar\/sitio\/?s={search_term_string}"},"query-input":{"@type":"PropertyValueSpecification","valueRequired":true,"valueName":"search_term_string"}}],"inLanguage":"es"},{"@type":"Organization","@id":"http:\/\/cuartetoenlaweb.com.ar\/sitio\/#organization","name":"Cuarteto en la Web","url":"http:\/\/cuartetoenlaweb.com.ar\/sitio\/","logo":{"@type":"ImageObject","inLanguage":"es","@id":"http:\/\/cuartetoenlaweb.com.ar\/sitio\/#\/schema\/logo\/image\/","url":"http:\/\/cuartetoenlaweb.com.ar\/sitio\/wp-content\/uploads\/2025\/07\/cropped-cropped-logitoweb21.png","contentUrl":"http:\/\/cuartetoenlaweb.com.ar\/sitio\/wp-content\/uploads\/2025\/07\/cropped-cropped-logitoweb21.png","width":199,"height":199,"caption":"Cuarteto en la Web"},"image":{"@id":"http:\/\/cuartetoenlaweb.com.ar\/sitio\/#\/schema\/logo\/image\/"}}]}},"_links":{"self":[{"href":"http:\/\/cuartetoenlaweb.com.ar\/sitio\/wp-json\/wp\/v2\/posts\/14536","targetHints":{"allow":["GET"]}}],"collection":[{"href":"http:\/\/cuartetoenlaweb.com.ar\/sitio\/wp-json\/wp\/v2\/posts"}],"about":[{"href":"http:\/\/cuartetoenlaweb.com.ar\/sitio\/wp-json\/wp\/v2\/types\/post"}],"replies":[{"embeddable":true,"href":"http:\/\/cuartetoenlaweb.com.ar\/sitio\/wp-json\/wp\/v2\/comments?post=14536"}],"version-history":[{"count":0,"href":"http:\/\/cuartetoenlaweb.com.ar\/sitio\/wp-json\/wp\/v2\/posts\/14536\/revisions"}],"wp:featuredmedia":[{"embeddable":true,"href":"http:\/\/cuartetoenlaweb.com.ar\/sitio\/wp-json\/wp\/v2\/media\/14537"}],"wp:attachment":[{"href":"http:\/\/cuartetoenlaweb.com.ar\/sitio\/wp-json\/wp\/v2\/media?parent=14536"}],"wp:term":[{"taxonomy":"category","embeddable":true,"href":"http:\/\/cuartetoenlaweb.com.ar\/sitio\/wp-json\/wp\/v2\/categories?post=14536"},{"taxonomy":"post_tag","embeddable":true,"href":"http:\/\/cuartetoenlaweb.com.ar\/sitio\/wp-json\/wp\/v2\/tags?post=14536"}],"curies":[{"name":"wp","href":"https:\/\/api.w.org\/{rel}","templated":true}]}}