
{"id":14528,"date":"2026-03-13T23:00:31","date_gmt":"2026-03-14T02:00:31","guid":{"rendered":"https:\/\/cuartetoenlaweb.com.ar\/sitio\/echaron-de-la-misa-a-tonio-uno-de-los-trolls-que-estaba-desde-el-primer-dia-y-le-cayo-con-todo-al-gordo-dan\/"},"modified":"2026-03-13T23:00:31","modified_gmt":"2026-03-14T02:00:31","slug":"echaron-de-la-misa-a-tonio-uno-de-los-trolls-que-estaba-desde-el-primer-dia-y-le-cayo-con-todo-al-gordo-dan","status":"publish","type":"post","link":"http:\/\/cuartetoenlaweb.com.ar\/sitio\/echaron-de-la-misa-a-tonio-uno-de-los-trolls-que-estaba-desde-el-primer-dia-y-le-cayo-con-todo-al-gordo-dan\/","title":{"rendered":"Echaron de La Misa a Tonio, uno de los trolls que estaba desde el primer d\u00eda y le cay\u00f3 con todo al Gordo Dan"},"content":{"rendered":"<p>Tonio, uno de los de la mesa de La Misa de Carajo junto al Gordo Dan fue despedido sin causa y reflej\u00f3 toda su frustraci\u00f3n en las redes sociales.<\/p>\n<p>Tonio cont\u00f3 que fue citado al estudio y se le comunic\u00f3 que ya no formaba parte de los planes de la nueva administraci\u00f3n.<\/p>\n<p>El hombre cont\u00f3 que se vio sorprendido por la noticia ya que \u00e9l era uno de los que estaba desde el primer d\u00eda y que hasta trabaj\u00f3 gratis.<\/p>\n<p>Obviamente tambi\u00e9n hubo espacio para recordar al l\u00edder de esta runfla: El Gordo Dan.<\/p>\n<p>\u201cMe llevo una decepci\u00f3n enorme de Dan, alguien a quien consideraba un hermano. Pero bueno, en las malas es cuando se ve qui\u00e9n realmente vale la pena\u201d.<\/p>\n<p>Las reacciones no se hicieron esperar, entre los que festejan la salida de Tonio, los que le desean suerte y hasta los que lo tratan de traidor, echando por tierra la teor\u00eda de que se tratar\u00eda de un bait.<\/p>\n","protected":false},"excerpt":{"rendered":"<p>Tonio, uno de los de la mesa de La Misa<\/p>\n","protected":false},"author":0,"featured_media":14529,"comment_status":"","ping_status":"","sticky":false,"template":"","format":"standard","meta":{"footnotes":""},"categories":[65],"tags":[],"class_list":["post-14528","post","type-post","status-publish","format-standard","has-post-thumbnail","hentry","category-pais"],"yoast_head":"<!-- This site is optimized with the Yoast SEO plugin v27.5 - https:\/\/yoast.com\/product\/yoast-seo-wordpress\/ -->\n<title>Echaron de La Misa a Tonio, uno de los trolls que estaba desde el primer d\u00eda y le cay\u00f3 con todo al Gordo Dan - Cuarteto en la Web<\/title>\n<meta name=\"robots\" content=\"index, follow, max-snippet:-1, max-image-preview:large, max-video-preview:-1\" \/>\n<link rel=\"canonical\" href=\"http:\/\/cuartetoenlaweb.com.ar\/sitio\/echaron-de-la-misa-a-tonio-uno-de-los-trolls-que-estaba-desde-el-primer-dia-y-le-cayo-con-todo-al-gordo-dan\/\" \/>\n<meta property=\"og:locale\" content=\"es_ES\" \/>\n<meta property=\"og:type\" content=\"article\" \/>\n<meta property=\"og:title\" content=\"Echaron de La Misa a Tonio, uno de los trolls que estaba desde el primer d\u00eda y le cay\u00f3 con todo al Gordo Dan - Cuarteto en la Web\" \/>\n<meta property=\"og:description\" content=\"Tonio, uno de los de la mesa de La Misa\" \/>\n<meta property=\"og:url\" content=\"http:\/\/cuartetoenlaweb.com.ar\/sitio\/echaron-de-la-misa-a-tonio-uno-de-los-trolls-que-estaba-desde-el-primer-dia-y-le-cayo-con-todo-al-gordo-dan\/\" \/>\n<meta property=\"og:site_name\" content=\"Cuarteto en la Web\" \/>\n<meta property=\"article:published_time\" content=\"2026-03-14T02:00:31+00:00\" \/>\n<meta property=\"og:image\" content=\"http:\/\/cuartetoenlaweb.com.ar\/sitio\/wp-content\/uploads\/2026\/03\/720-285.jpeg\" \/>\n\t<meta property=\"og:image:width\" content=\"720\" \/>\n\t<meta property=\"og:image:height\" content=\"720\" \/>\n\t<meta property=\"og:image:type\" content=\"image\/jpeg\" \/>\n<meta name=\"twitter:card\" content=\"summary_large_image\" \/>\n<meta name=\"twitter:label1\" content=\"Tiempo de lectura\" \/>\n\t<meta name=\"twitter:data1\" content=\"1 minuto\" \/>\n<script type=\"application\/ld+json\" class=\"yoast-schema-graph\">{\"@context\":\"https:\\\/\\\/schema.org\",\"@graph\":[{\"@type\":\"Article\",\"@id\":\"http:\\\/\\\/cuartetoenlaweb.com.ar\\\/sitio\\\/echaron-de-la-misa-a-tonio-uno-de-los-trolls-que-estaba-desde-el-primer-dia-y-le-cayo-con-todo-al-gordo-dan\\\/#article\",\"isPartOf\":{\"@id\":\"http:\\\/\\\/cuartetoenlaweb.com.ar\\\/sitio\\\/echaron-de-la-misa-a-tonio-uno-de-los-trolls-que-estaba-desde-el-primer-dia-y-le-cayo-con-todo-al-gordo-dan\\\/\"},\"author\":{\"name\":\"\",\"@id\":\"\"},\"headline\":\"Echaron de La Misa a Tonio, uno de los trolls que estaba desde el primer d\u00eda y le cay\u00f3 con todo al Gordo Dan\",\"datePublished\":\"2026-03-14T02:00:31+00:00\",\"mainEntityOfPage\":{\"@id\":\"http:\\\/\\\/cuartetoenlaweb.com.ar\\\/sitio\\\/echaron-de-la-misa-a-tonio-uno-de-los-trolls-que-estaba-desde-el-primer-dia-y-le-cayo-con-todo-al-gordo-dan\\\/\"},\"wordCount\":194,\"publisher\":{\"@id\":\"http:\\\/\\\/cuartetoenlaweb.com.ar\\\/sitio\\\/#organization\"},\"image\":{\"@id\":\"http:\\\/\\\/cuartetoenlaweb.com.ar\\\/sitio\\\/echaron-de-la-misa-a-tonio-uno-de-los-trolls-que-estaba-desde-el-primer-dia-y-le-cayo-con-todo-al-gordo-dan\\\/#primaryimage\"},\"thumbnailUrl\":\"http:\\\/\\\/cuartetoenlaweb.com.ar\\\/sitio\\\/wp-content\\\/uploads\\\/2026\\\/03\\\/720-285.jpeg\",\"articleSection\":[\"PAIS\"],\"inLanguage\":\"es\"},{\"@type\":\"WebPage\",\"@id\":\"http:\\\/\\\/cuartetoenlaweb.com.ar\\\/sitio\\\/echaron-de-la-misa-a-tonio-uno-de-los-trolls-que-estaba-desde-el-primer-dia-y-le-cayo-con-todo-al-gordo-dan\\\/\",\"url\":\"http:\\\/\\\/cuartetoenlaweb.com.ar\\\/sitio\\\/echaron-de-la-misa-a-tonio-uno-de-los-trolls-que-estaba-desde-el-primer-dia-y-le-cayo-con-todo-al-gordo-dan\\\/\",\"name\":\"Echaron de La Misa a Tonio, uno de los trolls que estaba desde el primer d\u00eda y le cay\u00f3 con todo al Gordo Dan - Cuarteto en la Web\",\"isPartOf\":{\"@id\":\"http:\\\/\\\/cuartetoenlaweb.com.ar\\\/sitio\\\/#website\"},\"primaryImageOfPage\":{\"@id\":\"http:\\\/\\\/cuartetoenlaweb.com.ar\\\/sitio\\\/echaron-de-la-misa-a-tonio-uno-de-los-trolls-que-estaba-desde-el-primer-dia-y-le-cayo-con-todo-al-gordo-dan\\\/#primaryimage\"},\"image\":{\"@id\":\"http:\\\/\\\/cuartetoenlaweb.com.ar\\\/sitio\\\/echaron-de-la-misa-a-tonio-uno-de-los-trolls-que-estaba-desde-el-primer-dia-y-le-cayo-con-todo-al-gordo-dan\\\/#primaryimage\"},\"thumbnailUrl\":\"http:\\\/\\\/cuartetoenlaweb.com.ar\\\/sitio\\\/wp-content\\\/uploads\\\/2026\\\/03\\\/720-285.jpeg\",\"datePublished\":\"2026-03-14T02:00:31+00:00\",\"breadcrumb\":{\"@id\":\"http:\\\/\\\/cuartetoenlaweb.com.ar\\\/sitio\\\/echaron-de-la-misa-a-tonio-uno-de-los-trolls-que-estaba-desde-el-primer-dia-y-le-cayo-con-todo-al-gordo-dan\\\/#breadcrumb\"},\"inLanguage\":\"es\",\"potentialAction\":[{\"@type\":\"ReadAction\",\"target\":[\"http:\\\/\\\/cuartetoenlaweb.com.ar\\\/sitio\\\/echaron-de-la-misa-a-tonio-uno-de-los-trolls-que-estaba-desde-el-primer-dia-y-le-cayo-con-todo-al-gordo-dan\\\/\"]}]},{\"@type\":\"ImageObject\",\"inLanguage\":\"es\",\"@id\":\"http:\\\/\\\/cuartetoenlaweb.com.ar\\\/sitio\\\/echaron-de-la-misa-a-tonio-uno-de-los-trolls-que-estaba-desde-el-primer-dia-y-le-cayo-con-todo-al-gordo-dan\\\/#primaryimage\",\"url\":\"http:\\\/\\\/cuartetoenlaweb.com.ar\\\/sitio\\\/wp-content\\\/uploads\\\/2026\\\/03\\\/720-285.jpeg\",\"contentUrl\":\"http:\\\/\\\/cuartetoenlaweb.com.ar\\\/sitio\\\/wp-content\\\/uploads\\\/2026\\\/03\\\/720-285.jpeg\",\"width\":720,\"height\":720},{\"@type\":\"BreadcrumbList\",\"@id\":\"http:\\\/\\\/cuartetoenlaweb.com.ar\\\/sitio\\\/echaron-de-la-misa-a-tonio-uno-de-los-trolls-que-estaba-desde-el-primer-dia-y-le-cayo-con-todo-al-gordo-dan\\\/#breadcrumb\",\"itemListElement\":[{\"@type\":\"ListItem\",\"position\":1,\"name\":\"Portada\",\"item\":\"http:\\\/\\\/cuartetoenlaweb.com.ar\\\/sitio\\\/\"},{\"@type\":\"ListItem\",\"position\":2,\"name\":\"Echaron de La Misa a Tonio, uno de los trolls que estaba desde el primer d\u00eda y le cay\u00f3 con todo al Gordo Dan\"}]},{\"@type\":\"WebSite\",\"@id\":\"http:\\\/\\\/cuartetoenlaweb.com.ar\\\/sitio\\\/#website\",\"url\":\"http:\\\/\\\/cuartetoenlaweb.com.ar\\\/sitio\\\/\",\"name\":\"Cuarteto en la Web\",\"description\":\"\",\"publisher\":{\"@id\":\"http:\\\/\\\/cuartetoenlaweb.com.ar\\\/sitio\\\/#organization\"},\"potentialAction\":[{\"@type\":\"SearchAction\",\"target\":{\"@type\":\"EntryPoint\",\"urlTemplate\":\"http:\\\/\\\/cuartetoenlaweb.com.ar\\\/sitio\\\/?s={search_term_string}\"},\"query-input\":{\"@type\":\"PropertyValueSpecification\",\"valueRequired\":true,\"valueName\":\"search_term_string\"}}],\"inLanguage\":\"es\"},{\"@type\":\"Organization\",\"@id\":\"http:\\\/\\\/cuartetoenlaweb.com.ar\\\/sitio\\\/#organization\",\"name\":\"Cuarteto en la Web\",\"url\":\"http:\\\/\\\/cuartetoenlaweb.com.ar\\\/sitio\\\/\",\"logo\":{\"@type\":\"ImageObject\",\"inLanguage\":\"es\",\"@id\":\"http:\\\/\\\/cuartetoenlaweb.com.ar\\\/sitio\\\/#\\\/schema\\\/logo\\\/image\\\/\",\"url\":\"http:\\\/\\\/cuartetoenlaweb.com.ar\\\/sitio\\\/wp-content\\\/uploads\\\/2025\\\/07\\\/cropped-cropped-logitoweb21.png\",\"contentUrl\":\"http:\\\/\\\/cuartetoenlaweb.com.ar\\\/sitio\\\/wp-content\\\/uploads\\\/2025\\\/07\\\/cropped-cropped-logitoweb21.png\",\"width\":199,\"height\":199,\"caption\":\"Cuarteto en la Web\"},\"image\":{\"@id\":\"http:\\\/\\\/cuartetoenlaweb.com.ar\\\/sitio\\\/#\\\/schema\\\/logo\\\/image\\\/\"}}]}<\/script>\n<!-- \/ Yoast SEO plugin. -->","yoast_head_json":{"title":"Echaron de La Misa a Tonio, uno de los trolls que estaba desde el primer d\u00eda y le cay\u00f3 con todo al Gordo Dan - Cuarteto en la Web","robots":{"index":"index","follow":"follow","max-snippet":"max-snippet:-1","max-image-preview":"max-image-preview:large","max-video-preview":"max-video-preview:-1"},"canonical":"http:\/\/cuartetoenlaweb.com.ar\/sitio\/echaron-de-la-misa-a-tonio-uno-de-los-trolls-que-estaba-desde-el-primer-dia-y-le-cayo-con-todo-al-gordo-dan\/","og_locale":"es_ES","og_type":"article","og_title":"Echaron de La Misa a Tonio, uno de los trolls que estaba desde el primer d\u00eda y le cay\u00f3 con todo al Gordo Dan - Cuarteto en la Web","og_description":"Tonio, uno de los de la mesa de La Misa","og_url":"http:\/\/cuartetoenlaweb.com.ar\/sitio\/echaron-de-la-misa-a-tonio-uno-de-los-trolls-que-estaba-desde-el-primer-dia-y-le-cayo-con-todo-al-gordo-dan\/","og_site_name":"Cuarteto en la Web","article_published_time":"2026-03-14T02:00:31+00:00","og_image":[{"width":720,"height":720,"url":"http:\/\/cuartetoenlaweb.com.ar\/sitio\/wp-content\/uploads\/2026\/03\/720-285.jpeg","type":"image\/jpeg"}],"twitter_card":"summary_large_image","twitter_misc":{"Tiempo de lectura":"1 minuto"},"schema":{"@context":"https:\/\/schema.org","@graph":[{"@type":"Article","@id":"http:\/\/cuartetoenlaweb.com.ar\/sitio\/echaron-de-la-misa-a-tonio-uno-de-los-trolls-que-estaba-desde-el-primer-dia-y-le-cayo-con-todo-al-gordo-dan\/#article","isPartOf":{"@id":"http:\/\/cuartetoenlaweb.com.ar\/sitio\/echaron-de-la-misa-a-tonio-uno-de-los-trolls-que-estaba-desde-el-primer-dia-y-le-cayo-con-todo-al-gordo-dan\/"},"author":{"name":"","@id":""},"headline":"Echaron de La Misa a Tonio, uno de los trolls que estaba desde el primer d\u00eda y le cay\u00f3 con todo al Gordo Dan","datePublished":"2026-03-14T02:00:31+00:00","mainEntityOfPage":{"@id":"http:\/\/cuartetoenlaweb.com.ar\/sitio\/echaron-de-la-misa-a-tonio-uno-de-los-trolls-que-estaba-desde-el-primer-dia-y-le-cayo-con-todo-al-gordo-dan\/"},"wordCount":194,"publisher":{"@id":"http:\/\/cuartetoenlaweb.com.ar\/sitio\/#organization"},"image":{"@id":"http:\/\/cuartetoenlaweb.com.ar\/sitio\/echaron-de-la-misa-a-tonio-uno-de-los-trolls-que-estaba-desde-el-primer-dia-y-le-cayo-con-todo-al-gordo-dan\/#primaryimage"},"thumbnailUrl":"http:\/\/cuartetoenlaweb.com.ar\/sitio\/wp-content\/uploads\/2026\/03\/720-285.jpeg","articleSection":["PAIS"],"inLanguage":"es"},{"@type":"WebPage","@id":"http:\/\/cuartetoenlaweb.com.ar\/sitio\/echaron-de-la-misa-a-tonio-uno-de-los-trolls-que-estaba-desde-el-primer-dia-y-le-cayo-con-todo-al-gordo-dan\/","url":"http:\/\/cuartetoenlaweb.com.ar\/sitio\/echaron-de-la-misa-a-tonio-uno-de-los-trolls-que-estaba-desde-el-primer-dia-y-le-cayo-con-todo-al-gordo-dan\/","name":"Echaron de La Misa a Tonio, uno de los trolls que estaba desde el primer d\u00eda y le cay\u00f3 con todo al Gordo Dan - Cuarteto en la Web","isPartOf":{"@id":"http:\/\/cuartetoenlaweb.com.ar\/sitio\/#website"},"primaryImageOfPage":{"@id":"http:\/\/cuartetoenlaweb.com.ar\/sitio\/echaron-de-la-misa-a-tonio-uno-de-los-trolls-que-estaba-desde-el-primer-dia-y-le-cayo-con-todo-al-gordo-dan\/#primaryimage"},"image":{"@id":"http:\/\/cuartetoenlaweb.com.ar\/sitio\/echaron-de-la-misa-a-tonio-uno-de-los-trolls-que-estaba-desde-el-primer-dia-y-le-cayo-con-todo-al-gordo-dan\/#primaryimage"},"thumbnailUrl":"http:\/\/cuartetoenlaweb.com.ar\/sitio\/wp-content\/uploads\/2026\/03\/720-285.jpeg","datePublished":"2026-03-14T02:00:31+00:00","breadcrumb":{"@id":"http:\/\/cuartetoenlaweb.com.ar\/sitio\/echaron-de-la-misa-a-tonio-uno-de-los-trolls-que-estaba-desde-el-primer-dia-y-le-cayo-con-todo-al-gordo-dan\/#breadcrumb"},"inLanguage":"es","potentialAction":[{"@type":"ReadAction","target":["http:\/\/cuartetoenlaweb.com.ar\/sitio\/echaron-de-la-misa-a-tonio-uno-de-los-trolls-que-estaba-desde-el-primer-dia-y-le-cayo-con-todo-al-gordo-dan\/"]}]},{"@type":"ImageObject","inLanguage":"es","@id":"http:\/\/cuartetoenlaweb.com.ar\/sitio\/echaron-de-la-misa-a-tonio-uno-de-los-trolls-que-estaba-desde-el-primer-dia-y-le-cayo-con-todo-al-gordo-dan\/#primaryimage","url":"http:\/\/cuartetoenlaweb.com.ar\/sitio\/wp-content\/uploads\/2026\/03\/720-285.jpeg","contentUrl":"http:\/\/cuartetoenlaweb.com.ar\/sitio\/wp-content\/uploads\/2026\/03\/720-285.jpeg","width":720,"height":720},{"@type":"BreadcrumbList","@id":"http:\/\/cuartetoenlaweb.com.ar\/sitio\/echaron-de-la-misa-a-tonio-uno-de-los-trolls-que-estaba-desde-el-primer-dia-y-le-cayo-con-todo-al-gordo-dan\/#breadcrumb","itemListElement":[{"@type":"ListItem","position":1,"name":"Portada","item":"http:\/\/cuartetoenlaweb.com.ar\/sitio\/"},{"@type":"ListItem","position":2,"name":"Echaron de La Misa a Tonio, uno de los trolls que estaba desde el primer d\u00eda y le cay\u00f3 con todo al Gordo Dan"}]},{"@type":"WebSite","@id":"http:\/\/cuartetoenlaweb.com.ar\/sitio\/#website","url":"http:\/\/cuartetoenlaweb.com.ar\/sitio\/","name":"Cuarteto en la Web","description":"","publisher":{"@id":"http:\/\/cuartetoenlaweb.com.ar\/sitio\/#organization"},"potentialAction":[{"@type":"SearchAction","target":{"@type":"EntryPoint","urlTemplate":"http:\/\/cuartetoenlaweb.com.ar\/sitio\/?s={search_term_string}"},"query-input":{"@type":"PropertyValueSpecification","valueRequired":true,"valueName":"search_term_string"}}],"inLanguage":"es"},{"@type":"Organization","@id":"http:\/\/cuartetoenlaweb.com.ar\/sitio\/#organization","name":"Cuarteto en la Web","url":"http:\/\/cuartetoenlaweb.com.ar\/sitio\/","logo":{"@type":"ImageObject","inLanguage":"es","@id":"http:\/\/cuartetoenlaweb.com.ar\/sitio\/#\/schema\/logo\/image\/","url":"http:\/\/cuartetoenlaweb.com.ar\/sitio\/wp-content\/uploads\/2025\/07\/cropped-cropped-logitoweb21.png","contentUrl":"http:\/\/cuartetoenlaweb.com.ar\/sitio\/wp-content\/uploads\/2025\/07\/cropped-cropped-logitoweb21.png","width":199,"height":199,"caption":"Cuarteto en la Web"},"image":{"@id":"http:\/\/cuartetoenlaweb.com.ar\/sitio\/#\/schema\/logo\/image\/"}}]}},"_links":{"self":[{"href":"http:\/\/cuartetoenlaweb.com.ar\/sitio\/wp-json\/wp\/v2\/posts\/14528","targetHints":{"allow":["GET"]}}],"collection":[{"href":"http:\/\/cuartetoenlaweb.com.ar\/sitio\/wp-json\/wp\/v2\/posts"}],"about":[{"href":"http:\/\/cuartetoenlaweb.com.ar\/sitio\/wp-json\/wp\/v2\/types\/post"}],"replies":[{"embeddable":true,"href":"http:\/\/cuartetoenlaweb.com.ar\/sitio\/wp-json\/wp\/v2\/comments?post=14528"}],"version-history":[{"count":0,"href":"http:\/\/cuartetoenlaweb.com.ar\/sitio\/wp-json\/wp\/v2\/posts\/14528\/revisions"}],"wp:featuredmedia":[{"embeddable":true,"href":"http:\/\/cuartetoenlaweb.com.ar\/sitio\/wp-json\/wp\/v2\/media\/14529"}],"wp:attachment":[{"href":"http:\/\/cuartetoenlaweb.com.ar\/sitio\/wp-json\/wp\/v2\/media?parent=14528"}],"wp:term":[{"taxonomy":"category","embeddable":true,"href":"http:\/\/cuartetoenlaweb.com.ar\/sitio\/wp-json\/wp\/v2\/categories?post=14528"},{"taxonomy":"post_tag","embeddable":true,"href":"http:\/\/cuartetoenlaweb.com.ar\/sitio\/wp-json\/wp\/v2\/tags?post=14528"}],"curies":[{"name":"wp","href":"https:\/\/api.w.org\/{rel}","templated":true}]}}