
{"id":14522,"date":"2026-03-13T23:00:17","date_gmt":"2026-03-14T02:00:17","guid":{"rendered":"https:\/\/cuartetoenlaweb.com.ar\/sitio\/asesinato-del-policia-en-cordoba-la-fiscalia-decidio-la-liberacion-del-imputado\/"},"modified":"2026-03-13T23:00:17","modified_gmt":"2026-03-14T02:00:17","slug":"asesinato-del-policia-en-cordoba-la-fiscalia-decidio-la-liberacion-del-imputado","status":"publish","type":"post","link":"http:\/\/cuartetoenlaweb.com.ar\/sitio\/asesinato-del-policia-en-cordoba-la-fiscalia-decidio-la-liberacion-del-imputado\/","title":{"rendered":"Asesinato del polic\u00eda en C\u00f3rdoba: la fiscal\u00eda decidi\u00f3 la liberaci\u00f3n del imputado"},"content":{"rendered":"<p>La Fiscal\u00eda de Instrucci\u00f3n del Distrito 4 Turno 6, a cargo del fiscal Victor Hugo Chiapero, orden\u00f3 la libertad del imputado en la causa en la que se investiga la muerte del efectivo policial Luis Alejandro Azabal. Se trata de un vecino de Villa Belgrano de 39 a\u00f1os de edad. La Fiscal\u00eda actuante contin\u00faa adoptando todas las medidas correspondientes para la instrucci\u00f3n de la causa.<\/p>\n","protected":false},"excerpt":{"rendered":"<p>La Fiscal\u00eda de Instrucci\u00f3n del Distrito 4 Turno 6, a<\/p>\n","protected":false},"author":0,"featured_media":14523,"comment_status":"","ping_status":"","sticky":false,"template":"","format":"standard","meta":{"footnotes":""},"categories":[65],"tags":[],"class_list":["post-14522","post","type-post","status-publish","format-standard","has-post-thumbnail","hentry","category-pais"],"yoast_head":"<!-- This site is optimized with the Yoast SEO plugin v27.5 - https:\/\/yoast.com\/product\/yoast-seo-wordpress\/ -->\n<title>Asesinato del polic\u00eda en C\u00f3rdoba: la fiscal\u00eda decidi\u00f3 la liberaci\u00f3n del imputado - Cuarteto en la Web<\/title>\n<meta name=\"robots\" content=\"index, follow, max-snippet:-1, max-image-preview:large, max-video-preview:-1\" \/>\n<link rel=\"canonical\" href=\"http:\/\/cuartetoenlaweb.com.ar\/sitio\/asesinato-del-policia-en-cordoba-la-fiscalia-decidio-la-liberacion-del-imputado\/\" \/>\n<meta property=\"og:locale\" content=\"es_ES\" \/>\n<meta property=\"og:type\" content=\"article\" \/>\n<meta property=\"og:title\" content=\"Asesinato del polic\u00eda en C\u00f3rdoba: la fiscal\u00eda decidi\u00f3 la liberaci\u00f3n del imputado - Cuarteto en la Web\" \/>\n<meta property=\"og:description\" content=\"La Fiscal\u00eda de Instrucci\u00f3n del Distrito 4 Turno 6, a\" \/>\n<meta property=\"og:url\" content=\"http:\/\/cuartetoenlaweb.com.ar\/sitio\/asesinato-del-policia-en-cordoba-la-fiscalia-decidio-la-liberacion-del-imputado\/\" \/>\n<meta property=\"og:site_name\" content=\"Cuarteto en la Web\" \/>\n<meta property=\"article:published_time\" content=\"2026-03-14T02:00:17+00:00\" \/>\n<meta property=\"og:image\" content=\"http:\/\/cuartetoenlaweb.com.ar\/sitio\/wp-content\/uploads\/2026\/03\/portadax-96.png\" \/>\n\t<meta property=\"og:image:width\" content=\"1366\" \/>\n\t<meta property=\"og:image:height\" content=\"768\" \/>\n\t<meta property=\"og:image:type\" content=\"image\/png\" \/>\n<meta name=\"twitter:card\" content=\"summary_large_image\" \/>\n<script type=\"application\/ld+json\" class=\"yoast-schema-graph\">{\"@context\":\"https:\\\/\\\/schema.org\",\"@graph\":[{\"@type\":\"Article\",\"@id\":\"http:\\\/\\\/cuartetoenlaweb.com.ar\\\/sitio\\\/asesinato-del-policia-en-cordoba-la-fiscalia-decidio-la-liberacion-del-imputado\\\/#article\",\"isPartOf\":{\"@id\":\"http:\\\/\\\/cuartetoenlaweb.com.ar\\\/sitio\\\/asesinato-del-policia-en-cordoba-la-fiscalia-decidio-la-liberacion-del-imputado\\\/\"},\"author\":{\"name\":\"\",\"@id\":\"\"},\"headline\":\"Asesinato del polic\u00eda en C\u00f3rdoba: la fiscal\u00eda decidi\u00f3 la liberaci\u00f3n del imputado\",\"datePublished\":\"2026-03-14T02:00:17+00:00\",\"mainEntityOfPage\":{\"@id\":\"http:\\\/\\\/cuartetoenlaweb.com.ar\\\/sitio\\\/asesinato-del-policia-en-cordoba-la-fiscalia-decidio-la-liberacion-del-imputado\\\/\"},\"wordCount\":84,\"publisher\":{\"@id\":\"http:\\\/\\\/cuartetoenlaweb.com.ar\\\/sitio\\\/#organization\"},\"image\":{\"@id\":\"http:\\\/\\\/cuartetoenlaweb.com.ar\\\/sitio\\\/asesinato-del-policia-en-cordoba-la-fiscalia-decidio-la-liberacion-del-imputado\\\/#primaryimage\"},\"thumbnailUrl\":\"http:\\\/\\\/cuartetoenlaweb.com.ar\\\/sitio\\\/wp-content\\\/uploads\\\/2026\\\/03\\\/portadax-96.png\",\"articleSection\":[\"PAIS\"],\"inLanguage\":\"es\"},{\"@type\":\"WebPage\",\"@id\":\"http:\\\/\\\/cuartetoenlaweb.com.ar\\\/sitio\\\/asesinato-del-policia-en-cordoba-la-fiscalia-decidio-la-liberacion-del-imputado\\\/\",\"url\":\"http:\\\/\\\/cuartetoenlaweb.com.ar\\\/sitio\\\/asesinato-del-policia-en-cordoba-la-fiscalia-decidio-la-liberacion-del-imputado\\\/\",\"name\":\"Asesinato del polic\u00eda en C\u00f3rdoba: la fiscal\u00eda decidi\u00f3 la liberaci\u00f3n del imputado - Cuarteto en la Web\",\"isPartOf\":{\"@id\":\"http:\\\/\\\/cuartetoenlaweb.com.ar\\\/sitio\\\/#website\"},\"primaryImageOfPage\":{\"@id\":\"http:\\\/\\\/cuartetoenlaweb.com.ar\\\/sitio\\\/asesinato-del-policia-en-cordoba-la-fiscalia-decidio-la-liberacion-del-imputado\\\/#primaryimage\"},\"image\":{\"@id\":\"http:\\\/\\\/cuartetoenlaweb.com.ar\\\/sitio\\\/asesinato-del-policia-en-cordoba-la-fiscalia-decidio-la-liberacion-del-imputado\\\/#primaryimage\"},\"thumbnailUrl\":\"http:\\\/\\\/cuartetoenlaweb.com.ar\\\/sitio\\\/wp-content\\\/uploads\\\/2026\\\/03\\\/portadax-96.png\",\"datePublished\":\"2026-03-14T02:00:17+00:00\",\"breadcrumb\":{\"@id\":\"http:\\\/\\\/cuartetoenlaweb.com.ar\\\/sitio\\\/asesinato-del-policia-en-cordoba-la-fiscalia-decidio-la-liberacion-del-imputado\\\/#breadcrumb\"},\"inLanguage\":\"es\",\"potentialAction\":[{\"@type\":\"ReadAction\",\"target\":[\"http:\\\/\\\/cuartetoenlaweb.com.ar\\\/sitio\\\/asesinato-del-policia-en-cordoba-la-fiscalia-decidio-la-liberacion-del-imputado\\\/\"]}]},{\"@type\":\"ImageObject\",\"inLanguage\":\"es\",\"@id\":\"http:\\\/\\\/cuartetoenlaweb.com.ar\\\/sitio\\\/asesinato-del-policia-en-cordoba-la-fiscalia-decidio-la-liberacion-del-imputado\\\/#primaryimage\",\"url\":\"http:\\\/\\\/cuartetoenlaweb.com.ar\\\/sitio\\\/wp-content\\\/uploads\\\/2026\\\/03\\\/portadax-96.png\",\"contentUrl\":\"http:\\\/\\\/cuartetoenlaweb.com.ar\\\/sitio\\\/wp-content\\\/uploads\\\/2026\\\/03\\\/portadax-96.png\",\"width\":1366,\"height\":768},{\"@type\":\"BreadcrumbList\",\"@id\":\"http:\\\/\\\/cuartetoenlaweb.com.ar\\\/sitio\\\/asesinato-del-policia-en-cordoba-la-fiscalia-decidio-la-liberacion-del-imputado\\\/#breadcrumb\",\"itemListElement\":[{\"@type\":\"ListItem\",\"position\":1,\"name\":\"Portada\",\"item\":\"http:\\\/\\\/cuartetoenlaweb.com.ar\\\/sitio\\\/\"},{\"@type\":\"ListItem\",\"position\":2,\"name\":\"Asesinato del polic\u00eda en C\u00f3rdoba: la fiscal\u00eda decidi\u00f3 la liberaci\u00f3n del imputado\"}]},{\"@type\":\"WebSite\",\"@id\":\"http:\\\/\\\/cuartetoenlaweb.com.ar\\\/sitio\\\/#website\",\"url\":\"http:\\\/\\\/cuartetoenlaweb.com.ar\\\/sitio\\\/\",\"name\":\"Cuarteto en la Web\",\"description\":\"\",\"publisher\":{\"@id\":\"http:\\\/\\\/cuartetoenlaweb.com.ar\\\/sitio\\\/#organization\"},\"potentialAction\":[{\"@type\":\"SearchAction\",\"target\":{\"@type\":\"EntryPoint\",\"urlTemplate\":\"http:\\\/\\\/cuartetoenlaweb.com.ar\\\/sitio\\\/?s={search_term_string}\"},\"query-input\":{\"@type\":\"PropertyValueSpecification\",\"valueRequired\":true,\"valueName\":\"search_term_string\"}}],\"inLanguage\":\"es\"},{\"@type\":\"Organization\",\"@id\":\"http:\\\/\\\/cuartetoenlaweb.com.ar\\\/sitio\\\/#organization\",\"name\":\"Cuarteto en la Web\",\"url\":\"http:\\\/\\\/cuartetoenlaweb.com.ar\\\/sitio\\\/\",\"logo\":{\"@type\":\"ImageObject\",\"inLanguage\":\"es\",\"@id\":\"http:\\\/\\\/cuartetoenlaweb.com.ar\\\/sitio\\\/#\\\/schema\\\/logo\\\/image\\\/\",\"url\":\"http:\\\/\\\/cuartetoenlaweb.com.ar\\\/sitio\\\/wp-content\\\/uploads\\\/2025\\\/07\\\/cropped-cropped-logitoweb21.png\",\"contentUrl\":\"http:\\\/\\\/cuartetoenlaweb.com.ar\\\/sitio\\\/wp-content\\\/uploads\\\/2025\\\/07\\\/cropped-cropped-logitoweb21.png\",\"width\":199,\"height\":199,\"caption\":\"Cuarteto en la Web\"},\"image\":{\"@id\":\"http:\\\/\\\/cuartetoenlaweb.com.ar\\\/sitio\\\/#\\\/schema\\\/logo\\\/image\\\/\"}}]}<\/script>\n<!-- \/ Yoast SEO plugin. -->","yoast_head_json":{"title":"Asesinato del polic\u00eda en C\u00f3rdoba: la fiscal\u00eda decidi\u00f3 la liberaci\u00f3n del imputado - Cuarteto en la Web","robots":{"index":"index","follow":"follow","max-snippet":"max-snippet:-1","max-image-preview":"max-image-preview:large","max-video-preview":"max-video-preview:-1"},"canonical":"http:\/\/cuartetoenlaweb.com.ar\/sitio\/asesinato-del-policia-en-cordoba-la-fiscalia-decidio-la-liberacion-del-imputado\/","og_locale":"es_ES","og_type":"article","og_title":"Asesinato del polic\u00eda en C\u00f3rdoba: la fiscal\u00eda decidi\u00f3 la liberaci\u00f3n del imputado - Cuarteto en la Web","og_description":"La Fiscal\u00eda de Instrucci\u00f3n del Distrito 4 Turno 6, a","og_url":"http:\/\/cuartetoenlaweb.com.ar\/sitio\/asesinato-del-policia-en-cordoba-la-fiscalia-decidio-la-liberacion-del-imputado\/","og_site_name":"Cuarteto en la Web","article_published_time":"2026-03-14T02:00:17+00:00","og_image":[{"width":1366,"height":768,"url":"http:\/\/cuartetoenlaweb.com.ar\/sitio\/wp-content\/uploads\/2026\/03\/portadax-96.png","type":"image\/png"}],"twitter_card":"summary_large_image","schema":{"@context":"https:\/\/schema.org","@graph":[{"@type":"Article","@id":"http:\/\/cuartetoenlaweb.com.ar\/sitio\/asesinato-del-policia-en-cordoba-la-fiscalia-decidio-la-liberacion-del-imputado\/#article","isPartOf":{"@id":"http:\/\/cuartetoenlaweb.com.ar\/sitio\/asesinato-del-policia-en-cordoba-la-fiscalia-decidio-la-liberacion-del-imputado\/"},"author":{"name":"","@id":""},"headline":"Asesinato del polic\u00eda en C\u00f3rdoba: la fiscal\u00eda decidi\u00f3 la liberaci\u00f3n del imputado","datePublished":"2026-03-14T02:00:17+00:00","mainEntityOfPage":{"@id":"http:\/\/cuartetoenlaweb.com.ar\/sitio\/asesinato-del-policia-en-cordoba-la-fiscalia-decidio-la-liberacion-del-imputado\/"},"wordCount":84,"publisher":{"@id":"http:\/\/cuartetoenlaweb.com.ar\/sitio\/#organization"},"image":{"@id":"http:\/\/cuartetoenlaweb.com.ar\/sitio\/asesinato-del-policia-en-cordoba-la-fiscalia-decidio-la-liberacion-del-imputado\/#primaryimage"},"thumbnailUrl":"http:\/\/cuartetoenlaweb.com.ar\/sitio\/wp-content\/uploads\/2026\/03\/portadax-96.png","articleSection":["PAIS"],"inLanguage":"es"},{"@type":"WebPage","@id":"http:\/\/cuartetoenlaweb.com.ar\/sitio\/asesinato-del-policia-en-cordoba-la-fiscalia-decidio-la-liberacion-del-imputado\/","url":"http:\/\/cuartetoenlaweb.com.ar\/sitio\/asesinato-del-policia-en-cordoba-la-fiscalia-decidio-la-liberacion-del-imputado\/","name":"Asesinato del polic\u00eda en C\u00f3rdoba: la fiscal\u00eda decidi\u00f3 la liberaci\u00f3n del imputado - Cuarteto en la Web","isPartOf":{"@id":"http:\/\/cuartetoenlaweb.com.ar\/sitio\/#website"},"primaryImageOfPage":{"@id":"http:\/\/cuartetoenlaweb.com.ar\/sitio\/asesinato-del-policia-en-cordoba-la-fiscalia-decidio-la-liberacion-del-imputado\/#primaryimage"},"image":{"@id":"http:\/\/cuartetoenlaweb.com.ar\/sitio\/asesinato-del-policia-en-cordoba-la-fiscalia-decidio-la-liberacion-del-imputado\/#primaryimage"},"thumbnailUrl":"http:\/\/cuartetoenlaweb.com.ar\/sitio\/wp-content\/uploads\/2026\/03\/portadax-96.png","datePublished":"2026-03-14T02:00:17+00:00","breadcrumb":{"@id":"http:\/\/cuartetoenlaweb.com.ar\/sitio\/asesinato-del-policia-en-cordoba-la-fiscalia-decidio-la-liberacion-del-imputado\/#breadcrumb"},"inLanguage":"es","potentialAction":[{"@type":"ReadAction","target":["http:\/\/cuartetoenlaweb.com.ar\/sitio\/asesinato-del-policia-en-cordoba-la-fiscalia-decidio-la-liberacion-del-imputado\/"]}]},{"@type":"ImageObject","inLanguage":"es","@id":"http:\/\/cuartetoenlaweb.com.ar\/sitio\/asesinato-del-policia-en-cordoba-la-fiscalia-decidio-la-liberacion-del-imputado\/#primaryimage","url":"http:\/\/cuartetoenlaweb.com.ar\/sitio\/wp-content\/uploads\/2026\/03\/portadax-96.png","contentUrl":"http:\/\/cuartetoenlaweb.com.ar\/sitio\/wp-content\/uploads\/2026\/03\/portadax-96.png","width":1366,"height":768},{"@type":"BreadcrumbList","@id":"http:\/\/cuartetoenlaweb.com.ar\/sitio\/asesinato-del-policia-en-cordoba-la-fiscalia-decidio-la-liberacion-del-imputado\/#breadcrumb","itemListElement":[{"@type":"ListItem","position":1,"name":"Portada","item":"http:\/\/cuartetoenlaweb.com.ar\/sitio\/"},{"@type":"ListItem","position":2,"name":"Asesinato del polic\u00eda en C\u00f3rdoba: la fiscal\u00eda decidi\u00f3 la liberaci\u00f3n del imputado"}]},{"@type":"WebSite","@id":"http:\/\/cuartetoenlaweb.com.ar\/sitio\/#website","url":"http:\/\/cuartetoenlaweb.com.ar\/sitio\/","name":"Cuarteto en la Web","description":"","publisher":{"@id":"http:\/\/cuartetoenlaweb.com.ar\/sitio\/#organization"},"potentialAction":[{"@type":"SearchAction","target":{"@type":"EntryPoint","urlTemplate":"http:\/\/cuartetoenlaweb.com.ar\/sitio\/?s={search_term_string}"},"query-input":{"@type":"PropertyValueSpecification","valueRequired":true,"valueName":"search_term_string"}}],"inLanguage":"es"},{"@type":"Organization","@id":"http:\/\/cuartetoenlaweb.com.ar\/sitio\/#organization","name":"Cuarteto en la Web","url":"http:\/\/cuartetoenlaweb.com.ar\/sitio\/","logo":{"@type":"ImageObject","inLanguage":"es","@id":"http:\/\/cuartetoenlaweb.com.ar\/sitio\/#\/schema\/logo\/image\/","url":"http:\/\/cuartetoenlaweb.com.ar\/sitio\/wp-content\/uploads\/2025\/07\/cropped-cropped-logitoweb21.png","contentUrl":"http:\/\/cuartetoenlaweb.com.ar\/sitio\/wp-content\/uploads\/2025\/07\/cropped-cropped-logitoweb21.png","width":199,"height":199,"caption":"Cuarteto en la Web"},"image":{"@id":"http:\/\/cuartetoenlaweb.com.ar\/sitio\/#\/schema\/logo\/image\/"}}]}},"_links":{"self":[{"href":"http:\/\/cuartetoenlaweb.com.ar\/sitio\/wp-json\/wp\/v2\/posts\/14522","targetHints":{"allow":["GET"]}}],"collection":[{"href":"http:\/\/cuartetoenlaweb.com.ar\/sitio\/wp-json\/wp\/v2\/posts"}],"about":[{"href":"http:\/\/cuartetoenlaweb.com.ar\/sitio\/wp-json\/wp\/v2\/types\/post"}],"replies":[{"embeddable":true,"href":"http:\/\/cuartetoenlaweb.com.ar\/sitio\/wp-json\/wp\/v2\/comments?post=14522"}],"version-history":[{"count":0,"href":"http:\/\/cuartetoenlaweb.com.ar\/sitio\/wp-json\/wp\/v2\/posts\/14522\/revisions"}],"wp:featuredmedia":[{"embeddable":true,"href":"http:\/\/cuartetoenlaweb.com.ar\/sitio\/wp-json\/wp\/v2\/media\/14523"}],"wp:attachment":[{"href":"http:\/\/cuartetoenlaweb.com.ar\/sitio\/wp-json\/wp\/v2\/media?parent=14522"}],"wp:term":[{"taxonomy":"category","embeddable":true,"href":"http:\/\/cuartetoenlaweb.com.ar\/sitio\/wp-json\/wp\/v2\/categories?post=14522"},{"taxonomy":"post_tag","embeddable":true,"href":"http:\/\/cuartetoenlaweb.com.ar\/sitio\/wp-json\/wp\/v2\/tags?post=14522"}],"curies":[{"name":"wp","href":"https:\/\/api.w.org\/{rel}","templated":true}]}}