
{"id":14512,"date":"2026-03-13T22:59:56","date_gmt":"2026-03-14T01:59:56","guid":{"rendered":"https:\/\/cuartetoenlaweb.com.ar\/sitio\/trump-confirmo-que-estados-unidos-destruyo-por-completo-los-objetivos-en-la-isla-de-kharg\/"},"modified":"2026-03-13T22:59:56","modified_gmt":"2026-03-14T01:59:56","slug":"trump-confirmo-que-estados-unidos-destruyo-por-completo-los-objetivos-en-la-isla-de-kharg","status":"publish","type":"post","link":"http:\/\/cuartetoenlaweb.com.ar\/sitio\/trump-confirmo-que-estados-unidos-destruyo-por-completo-los-objetivos-en-la-isla-de-kharg\/","title":{"rendered":"Trump confirm\u00f3 que Estados Unidos destruy\u00f3 por completo los objetivos en la isla de Kharg"},"content":{"rendered":"<p>Buenos Aires, 13 marzo (NA) &#8212; El presidente de Estados Unidos, Donald Trump, asegur\u00f3 este vienes que las fuerzas de su pa\u00eds atacaron la isla de Kharg, en Ir\u00e1n, un objetivo que \u00abqued\u00f3 totalmente destru\u00eddo\u00bb, luego del \u00abm\u00e1s poderoso bombardeo\u00bb sobre Medio Oriente.<\/p>\n<p>A trav\u00e9s de un posteo en sus redes sociales, el mandatario se\u00f1al\u00f3 que \u00abbajo mi direcci\u00f3n, el Comando Central de los Estados Unidos ejecut\u00f3 uno de los bombardeos m\u00e1s poderosos en la historia de Medio Oriente, aniquilando por completo todos los objetivos militares en la joya de la corona de Ir\u00e1n: la isla de Kharg\u00bb, un punto estrat\u00e9gico, ya que all\u00ed estaba ubicada la mayor terminal para la exportaci\u00f3n del crudo iran\u00ed.<\/p>\n<p>Asimismo, ensalz\u00f3 la capacidad militar de Estados Unidos y sostuvo que las fuerzas del pa\u00eds asi\u00e1tico \u00abno tienen la chance de defenderse cada vez que ataquemos, Y no hay ninguna posibilidad de que puedan hacer algo al respecto\u00bb.<\/p>\n<p>Seg\u00fan Trump, Estados Unidos tiene las armas \u00abm\u00e1s poderosas y sofisticadas que el mundo haya conocido\u00bb, y advirti\u00f3 que si Ir\u00e1n o cualquier otro pa\u00eds, interfiere con el libre paso de los barcos por el estrecho de Ormuz, atacar\u00e1 nuevamente las instalaciones petroleras en Kharg.<\/p>\n<p>\u00abIr\u00e1n jam\u00e1s tendr\u00e1 un arma nuclear, ni tendr\u00e1 la capacidad de amenazar a Estados Unidos, a Medio Oriente ni, de hecho, al mundo entero\u201d, concluy\u00f3 el l\u00edder republicano.<\/p>\n<p>La isla de Kharg est\u00e1 ubicada unos 56 kil\u00f3metros de la provincia iran\u00ed de Bushehr, en el sudoeste del pa\u00eds, y reviste una enorme importancia para la econom\u00eda local desde los a\u00f1os &#8217;80, cuando se convirti\u00f3 en el punto principal para sus exportaciones de petr\u00f3leo.<\/p>\n<p>#AgenciaNA<\/p>\n","protected":false},"excerpt":{"rendered":"<p>Buenos Aires, 13 marzo (NA) &#8212; El presidente de Estados<\/p>\n","protected":false},"author":0,"featured_media":14513,"comment_status":"","ping_status":"","sticky":false,"template":"","format":"standard","meta":{"footnotes":""},"categories":[65],"tags":[],"class_list":["post-14512","post","type-post","status-publish","format-standard","has-post-thumbnail","hentry","category-pais"],"yoast_head":"<!-- This site is optimized with the Yoast SEO plugin v27.5 - https:\/\/yoast.com\/product\/yoast-seo-wordpress\/ -->\n<title>Trump confirm\u00f3 que Estados Unidos destruy\u00f3 por completo los objetivos en la isla de Kharg - Cuarteto en la Web<\/title>\n<meta name=\"robots\" content=\"index, follow, max-snippet:-1, max-image-preview:large, max-video-preview:-1\" \/>\n<link rel=\"canonical\" href=\"http:\/\/cuartetoenlaweb.com.ar\/sitio\/trump-confirmo-que-estados-unidos-destruyo-por-completo-los-objetivos-en-la-isla-de-kharg\/\" \/>\n<meta property=\"og:locale\" content=\"es_ES\" \/>\n<meta property=\"og:type\" content=\"article\" \/>\n<meta property=\"og:title\" content=\"Trump confirm\u00f3 que Estados Unidos destruy\u00f3 por completo los objetivos en la isla de Kharg - Cuarteto en la Web\" \/>\n<meta property=\"og:description\" content=\"Buenos Aires, 13 marzo (NA) &#8212; El presidente de Estados\" \/>\n<meta property=\"og:url\" content=\"http:\/\/cuartetoenlaweb.com.ar\/sitio\/trump-confirmo-que-estados-unidos-destruyo-por-completo-los-objetivos-en-la-isla-de-kharg\/\" \/>\n<meta property=\"og:site_name\" content=\"Cuarteto en la Web\" \/>\n<meta property=\"article:published_time\" content=\"2026-03-14T01:59:56+00:00\" \/>\n<meta property=\"og:image\" content=\"http:\/\/cuartetoenlaweb.com.ar\/sitio\/wp-content\/uploads\/2026\/03\/720-281.jpeg\" \/>\n\t<meta property=\"og:image:width\" content=\"1280\" \/>\n\t<meta property=\"og:image:height\" content=\"700\" \/>\n\t<meta property=\"og:image:type\" content=\"image\/jpeg\" \/>\n<meta name=\"twitter:card\" content=\"summary_large_image\" \/>\n<meta name=\"twitter:label1\" content=\"Tiempo de lectura\" \/>\n\t<meta name=\"twitter:data1\" content=\"1 minuto\" \/>\n<script type=\"application\/ld+json\" class=\"yoast-schema-graph\">{\"@context\":\"https:\\\/\\\/schema.org\",\"@graph\":[{\"@type\":\"Article\",\"@id\":\"http:\\\/\\\/cuartetoenlaweb.com.ar\\\/sitio\\\/trump-confirmo-que-estados-unidos-destruyo-por-completo-los-objetivos-en-la-isla-de-kharg\\\/#article\",\"isPartOf\":{\"@id\":\"http:\\\/\\\/cuartetoenlaweb.com.ar\\\/sitio\\\/trump-confirmo-que-estados-unidos-destruyo-por-completo-los-objetivos-en-la-isla-de-kharg\\\/\"},\"author\":{\"name\":\"\",\"@id\":\"\"},\"headline\":\"Trump confirm\u00f3 que Estados Unidos destruy\u00f3 por completo los objetivos en la isla de Kharg\",\"datePublished\":\"2026-03-14T01:59:56+00:00\",\"mainEntityOfPage\":{\"@id\":\"http:\\\/\\\/cuartetoenlaweb.com.ar\\\/sitio\\\/trump-confirmo-que-estados-unidos-destruyo-por-completo-los-objetivos-en-la-isla-de-kharg\\\/\"},\"wordCount\":309,\"publisher\":{\"@id\":\"http:\\\/\\\/cuartetoenlaweb.com.ar\\\/sitio\\\/#organization\"},\"image\":{\"@id\":\"http:\\\/\\\/cuartetoenlaweb.com.ar\\\/sitio\\\/trump-confirmo-que-estados-unidos-destruyo-por-completo-los-objetivos-en-la-isla-de-kharg\\\/#primaryimage\"},\"thumbnailUrl\":\"http:\\\/\\\/cuartetoenlaweb.com.ar\\\/sitio\\\/wp-content\\\/uploads\\\/2026\\\/03\\\/720-281.jpeg\",\"articleSection\":[\"PAIS\"],\"inLanguage\":\"es\"},{\"@type\":\"WebPage\",\"@id\":\"http:\\\/\\\/cuartetoenlaweb.com.ar\\\/sitio\\\/trump-confirmo-que-estados-unidos-destruyo-por-completo-los-objetivos-en-la-isla-de-kharg\\\/\",\"url\":\"http:\\\/\\\/cuartetoenlaweb.com.ar\\\/sitio\\\/trump-confirmo-que-estados-unidos-destruyo-por-completo-los-objetivos-en-la-isla-de-kharg\\\/\",\"name\":\"Trump confirm\u00f3 que Estados Unidos destruy\u00f3 por completo los objetivos en la isla de Kharg - Cuarteto en la Web\",\"isPartOf\":{\"@id\":\"http:\\\/\\\/cuartetoenlaweb.com.ar\\\/sitio\\\/#website\"},\"primaryImageOfPage\":{\"@id\":\"http:\\\/\\\/cuartetoenlaweb.com.ar\\\/sitio\\\/trump-confirmo-que-estados-unidos-destruyo-por-completo-los-objetivos-en-la-isla-de-kharg\\\/#primaryimage\"},\"image\":{\"@id\":\"http:\\\/\\\/cuartetoenlaweb.com.ar\\\/sitio\\\/trump-confirmo-que-estados-unidos-destruyo-por-completo-los-objetivos-en-la-isla-de-kharg\\\/#primaryimage\"},\"thumbnailUrl\":\"http:\\\/\\\/cuartetoenlaweb.com.ar\\\/sitio\\\/wp-content\\\/uploads\\\/2026\\\/03\\\/720-281.jpeg\",\"datePublished\":\"2026-03-14T01:59:56+00:00\",\"breadcrumb\":{\"@id\":\"http:\\\/\\\/cuartetoenlaweb.com.ar\\\/sitio\\\/trump-confirmo-que-estados-unidos-destruyo-por-completo-los-objetivos-en-la-isla-de-kharg\\\/#breadcrumb\"},\"inLanguage\":\"es\",\"potentialAction\":[{\"@type\":\"ReadAction\",\"target\":[\"http:\\\/\\\/cuartetoenlaweb.com.ar\\\/sitio\\\/trump-confirmo-que-estados-unidos-destruyo-por-completo-los-objetivos-en-la-isla-de-kharg\\\/\"]}]},{\"@type\":\"ImageObject\",\"inLanguage\":\"es\",\"@id\":\"http:\\\/\\\/cuartetoenlaweb.com.ar\\\/sitio\\\/trump-confirmo-que-estados-unidos-destruyo-por-completo-los-objetivos-en-la-isla-de-kharg\\\/#primaryimage\",\"url\":\"http:\\\/\\\/cuartetoenlaweb.com.ar\\\/sitio\\\/wp-content\\\/uploads\\\/2026\\\/03\\\/720-281.jpeg\",\"contentUrl\":\"http:\\\/\\\/cuartetoenlaweb.com.ar\\\/sitio\\\/wp-content\\\/uploads\\\/2026\\\/03\\\/720-281.jpeg\",\"width\":1280,\"height\":700},{\"@type\":\"BreadcrumbList\",\"@id\":\"http:\\\/\\\/cuartetoenlaweb.com.ar\\\/sitio\\\/trump-confirmo-que-estados-unidos-destruyo-por-completo-los-objetivos-en-la-isla-de-kharg\\\/#breadcrumb\",\"itemListElement\":[{\"@type\":\"ListItem\",\"position\":1,\"name\":\"Portada\",\"item\":\"http:\\\/\\\/cuartetoenlaweb.com.ar\\\/sitio\\\/\"},{\"@type\":\"ListItem\",\"position\":2,\"name\":\"Trump confirm\u00f3 que Estados Unidos destruy\u00f3 por completo los objetivos en la isla de Kharg\"}]},{\"@type\":\"WebSite\",\"@id\":\"http:\\\/\\\/cuartetoenlaweb.com.ar\\\/sitio\\\/#website\",\"url\":\"http:\\\/\\\/cuartetoenlaweb.com.ar\\\/sitio\\\/\",\"name\":\"Cuarteto en la Web\",\"description\":\"\",\"publisher\":{\"@id\":\"http:\\\/\\\/cuartetoenlaweb.com.ar\\\/sitio\\\/#organization\"},\"potentialAction\":[{\"@type\":\"SearchAction\",\"target\":{\"@type\":\"EntryPoint\",\"urlTemplate\":\"http:\\\/\\\/cuartetoenlaweb.com.ar\\\/sitio\\\/?s={search_term_string}\"},\"query-input\":{\"@type\":\"PropertyValueSpecification\",\"valueRequired\":true,\"valueName\":\"search_term_string\"}}],\"inLanguage\":\"es\"},{\"@type\":\"Organization\",\"@id\":\"http:\\\/\\\/cuartetoenlaweb.com.ar\\\/sitio\\\/#organization\",\"name\":\"Cuarteto en la Web\",\"url\":\"http:\\\/\\\/cuartetoenlaweb.com.ar\\\/sitio\\\/\",\"logo\":{\"@type\":\"ImageObject\",\"inLanguage\":\"es\",\"@id\":\"http:\\\/\\\/cuartetoenlaweb.com.ar\\\/sitio\\\/#\\\/schema\\\/logo\\\/image\\\/\",\"url\":\"http:\\\/\\\/cuartetoenlaweb.com.ar\\\/sitio\\\/wp-content\\\/uploads\\\/2025\\\/07\\\/cropped-cropped-logitoweb21.png\",\"contentUrl\":\"http:\\\/\\\/cuartetoenlaweb.com.ar\\\/sitio\\\/wp-content\\\/uploads\\\/2025\\\/07\\\/cropped-cropped-logitoweb21.png\",\"width\":199,\"height\":199,\"caption\":\"Cuarteto en la Web\"},\"image\":{\"@id\":\"http:\\\/\\\/cuartetoenlaweb.com.ar\\\/sitio\\\/#\\\/schema\\\/logo\\\/image\\\/\"}}]}<\/script>\n<!-- \/ Yoast SEO plugin. -->","yoast_head_json":{"title":"Trump confirm\u00f3 que Estados Unidos destruy\u00f3 por completo los objetivos en la isla de Kharg - Cuarteto en la Web","robots":{"index":"index","follow":"follow","max-snippet":"max-snippet:-1","max-image-preview":"max-image-preview:large","max-video-preview":"max-video-preview:-1"},"canonical":"http:\/\/cuartetoenlaweb.com.ar\/sitio\/trump-confirmo-que-estados-unidos-destruyo-por-completo-los-objetivos-en-la-isla-de-kharg\/","og_locale":"es_ES","og_type":"article","og_title":"Trump confirm\u00f3 que Estados Unidos destruy\u00f3 por completo los objetivos en la isla de Kharg - Cuarteto en la Web","og_description":"Buenos Aires, 13 marzo (NA) &#8212; El presidente de Estados","og_url":"http:\/\/cuartetoenlaweb.com.ar\/sitio\/trump-confirmo-que-estados-unidos-destruyo-por-completo-los-objetivos-en-la-isla-de-kharg\/","og_site_name":"Cuarteto en la Web","article_published_time":"2026-03-14T01:59:56+00:00","og_image":[{"width":1280,"height":700,"url":"http:\/\/cuartetoenlaweb.com.ar\/sitio\/wp-content\/uploads\/2026\/03\/720-281.jpeg","type":"image\/jpeg"}],"twitter_card":"summary_large_image","twitter_misc":{"Tiempo de lectura":"1 minuto"},"schema":{"@context":"https:\/\/schema.org","@graph":[{"@type":"Article","@id":"http:\/\/cuartetoenlaweb.com.ar\/sitio\/trump-confirmo-que-estados-unidos-destruyo-por-completo-los-objetivos-en-la-isla-de-kharg\/#article","isPartOf":{"@id":"http:\/\/cuartetoenlaweb.com.ar\/sitio\/trump-confirmo-que-estados-unidos-destruyo-por-completo-los-objetivos-en-la-isla-de-kharg\/"},"author":{"name":"","@id":""},"headline":"Trump confirm\u00f3 que Estados Unidos destruy\u00f3 por completo los objetivos en la isla de Kharg","datePublished":"2026-03-14T01:59:56+00:00","mainEntityOfPage":{"@id":"http:\/\/cuartetoenlaweb.com.ar\/sitio\/trump-confirmo-que-estados-unidos-destruyo-por-completo-los-objetivos-en-la-isla-de-kharg\/"},"wordCount":309,"publisher":{"@id":"http:\/\/cuartetoenlaweb.com.ar\/sitio\/#organization"},"image":{"@id":"http:\/\/cuartetoenlaweb.com.ar\/sitio\/trump-confirmo-que-estados-unidos-destruyo-por-completo-los-objetivos-en-la-isla-de-kharg\/#primaryimage"},"thumbnailUrl":"http:\/\/cuartetoenlaweb.com.ar\/sitio\/wp-content\/uploads\/2026\/03\/720-281.jpeg","articleSection":["PAIS"],"inLanguage":"es"},{"@type":"WebPage","@id":"http:\/\/cuartetoenlaweb.com.ar\/sitio\/trump-confirmo-que-estados-unidos-destruyo-por-completo-los-objetivos-en-la-isla-de-kharg\/","url":"http:\/\/cuartetoenlaweb.com.ar\/sitio\/trump-confirmo-que-estados-unidos-destruyo-por-completo-los-objetivos-en-la-isla-de-kharg\/","name":"Trump confirm\u00f3 que Estados Unidos destruy\u00f3 por completo los objetivos en la isla de Kharg - Cuarteto en la Web","isPartOf":{"@id":"http:\/\/cuartetoenlaweb.com.ar\/sitio\/#website"},"primaryImageOfPage":{"@id":"http:\/\/cuartetoenlaweb.com.ar\/sitio\/trump-confirmo-que-estados-unidos-destruyo-por-completo-los-objetivos-en-la-isla-de-kharg\/#primaryimage"},"image":{"@id":"http:\/\/cuartetoenlaweb.com.ar\/sitio\/trump-confirmo-que-estados-unidos-destruyo-por-completo-los-objetivos-en-la-isla-de-kharg\/#primaryimage"},"thumbnailUrl":"http:\/\/cuartetoenlaweb.com.ar\/sitio\/wp-content\/uploads\/2026\/03\/720-281.jpeg","datePublished":"2026-03-14T01:59:56+00:00","breadcrumb":{"@id":"http:\/\/cuartetoenlaweb.com.ar\/sitio\/trump-confirmo-que-estados-unidos-destruyo-por-completo-los-objetivos-en-la-isla-de-kharg\/#breadcrumb"},"inLanguage":"es","potentialAction":[{"@type":"ReadAction","target":["http:\/\/cuartetoenlaweb.com.ar\/sitio\/trump-confirmo-que-estados-unidos-destruyo-por-completo-los-objetivos-en-la-isla-de-kharg\/"]}]},{"@type":"ImageObject","inLanguage":"es","@id":"http:\/\/cuartetoenlaweb.com.ar\/sitio\/trump-confirmo-que-estados-unidos-destruyo-por-completo-los-objetivos-en-la-isla-de-kharg\/#primaryimage","url":"http:\/\/cuartetoenlaweb.com.ar\/sitio\/wp-content\/uploads\/2026\/03\/720-281.jpeg","contentUrl":"http:\/\/cuartetoenlaweb.com.ar\/sitio\/wp-content\/uploads\/2026\/03\/720-281.jpeg","width":1280,"height":700},{"@type":"BreadcrumbList","@id":"http:\/\/cuartetoenlaweb.com.ar\/sitio\/trump-confirmo-que-estados-unidos-destruyo-por-completo-los-objetivos-en-la-isla-de-kharg\/#breadcrumb","itemListElement":[{"@type":"ListItem","position":1,"name":"Portada","item":"http:\/\/cuartetoenlaweb.com.ar\/sitio\/"},{"@type":"ListItem","position":2,"name":"Trump confirm\u00f3 que Estados Unidos destruy\u00f3 por completo los objetivos en la isla de Kharg"}]},{"@type":"WebSite","@id":"http:\/\/cuartetoenlaweb.com.ar\/sitio\/#website","url":"http:\/\/cuartetoenlaweb.com.ar\/sitio\/","name":"Cuarteto en la Web","description":"","publisher":{"@id":"http:\/\/cuartetoenlaweb.com.ar\/sitio\/#organization"},"potentialAction":[{"@type":"SearchAction","target":{"@type":"EntryPoint","urlTemplate":"http:\/\/cuartetoenlaweb.com.ar\/sitio\/?s={search_term_string}"},"query-input":{"@type":"PropertyValueSpecification","valueRequired":true,"valueName":"search_term_string"}}],"inLanguage":"es"},{"@type":"Organization","@id":"http:\/\/cuartetoenlaweb.com.ar\/sitio\/#organization","name":"Cuarteto en la Web","url":"http:\/\/cuartetoenlaweb.com.ar\/sitio\/","logo":{"@type":"ImageObject","inLanguage":"es","@id":"http:\/\/cuartetoenlaweb.com.ar\/sitio\/#\/schema\/logo\/image\/","url":"http:\/\/cuartetoenlaweb.com.ar\/sitio\/wp-content\/uploads\/2025\/07\/cropped-cropped-logitoweb21.png","contentUrl":"http:\/\/cuartetoenlaweb.com.ar\/sitio\/wp-content\/uploads\/2025\/07\/cropped-cropped-logitoweb21.png","width":199,"height":199,"caption":"Cuarteto en la Web"},"image":{"@id":"http:\/\/cuartetoenlaweb.com.ar\/sitio\/#\/schema\/logo\/image\/"}}]}},"_links":{"self":[{"href":"http:\/\/cuartetoenlaweb.com.ar\/sitio\/wp-json\/wp\/v2\/posts\/14512","targetHints":{"allow":["GET"]}}],"collection":[{"href":"http:\/\/cuartetoenlaweb.com.ar\/sitio\/wp-json\/wp\/v2\/posts"}],"about":[{"href":"http:\/\/cuartetoenlaweb.com.ar\/sitio\/wp-json\/wp\/v2\/types\/post"}],"replies":[{"embeddable":true,"href":"http:\/\/cuartetoenlaweb.com.ar\/sitio\/wp-json\/wp\/v2\/comments?post=14512"}],"version-history":[{"count":0,"href":"http:\/\/cuartetoenlaweb.com.ar\/sitio\/wp-json\/wp\/v2\/posts\/14512\/revisions"}],"wp:featuredmedia":[{"embeddable":true,"href":"http:\/\/cuartetoenlaweb.com.ar\/sitio\/wp-json\/wp\/v2\/media\/14513"}],"wp:attachment":[{"href":"http:\/\/cuartetoenlaweb.com.ar\/sitio\/wp-json\/wp\/v2\/media?parent=14512"}],"wp:term":[{"taxonomy":"category","embeddable":true,"href":"http:\/\/cuartetoenlaweb.com.ar\/sitio\/wp-json\/wp\/v2\/categories?post=14512"},{"taxonomy":"post_tag","embeddable":true,"href":"http:\/\/cuartetoenlaweb.com.ar\/sitio\/wp-json\/wp\/v2\/tags?post=14512"}],"curies":[{"name":"wp","href":"https:\/\/api.w.org\/{rel}","templated":true}]}}