
{"id":14506,"date":"2026-03-13T22:59:50","date_gmt":"2026-03-14T01:59:50","guid":{"rendered":"https:\/\/cuartetoenlaweb.com.ar\/sitio\/natalia-de-la-sota-se-reunio-en-brasil-con-el-ministro-de-hacienda-fernando-haddad\/"},"modified":"2026-03-13T22:59:50","modified_gmt":"2026-03-14T01:59:50","slug":"natalia-de-la-sota-se-reunio-en-brasil-con-el-ministro-de-hacienda-fernando-haddad","status":"publish","type":"post","link":"http:\/\/cuartetoenlaweb.com.ar\/sitio\/natalia-de-la-sota-se-reunio-en-brasil-con-el-ministro-de-hacienda-fernando-haddad\/","title":{"rendered":"Natalia de la Sota se reuni\u00f3 en Brasil con el ministro de Hacienda, Fernando Haddad"},"content":{"rendered":"<p>Buenos Aires, 13 marzo (NA) \u2013 La diputada nacional por C\u00f3rdoba Natalia de la Sota mantuvo un encuentro en Brasil con el ministro de Hacienda del presidente Luiz In\u00e1cio Lula da Silva, Fernando Haddad, con quien analiz\u00f3 la relaci\u00f3n bilateral entre ambos pa\u00edses y el rol estrat\u00e9gico del Mercosur.<\/p>\n<p>El encuentro se desarroll\u00f3 en San Pablo, donde ambos coincidieron en que la hermandad entre Argentina y Brasil hace que los v\u00ednculos entre los dos pa\u00edses sean permanentes m\u00e1s all\u00e1 de los gobiernos.<\/p>\n<p>En ese marco, destacaron el valor estrat\u00e9gico del Mercosur al considerar que permite a los pa\u00edses negociar con mayor fortaleza e inteligencia en un escenario global complejo y ante el refuerzo de estrategias comerciales proteccionistas por parte de las principales econom\u00edas del mundo, seg\u00fan pudo saber la Agencia Noticias Argentinas.<\/p>\n<p>Durante la reuni\u00f3n, De la Sota expres\u00f3 especial inter\u00e9s por los logros econ\u00f3micos y sociales del actual gobierno de Brasil, as\u00ed como por las pol\u00edticas que permitieron la expansi\u00f3n y el fortalecimiento de la educaci\u00f3n t\u00e9cnica en v\u00ednculo directo con la industria.<\/p>\n<p>Ambos compartieron adem\u00e1s una mirada com\u00fan sobre el rol del Estado en la promoci\u00f3n del crecimiento con equidad y reafirmaron la justicia social como principio rector de las pol\u00edticas p\u00fablicas, con el objetivo de que el desarrollo llegue a todos.<\/p>\n<p>Tambi\u00e9n coincidieron en la necesidad de profundizar los espacios de cooperaci\u00f3n pol\u00edtica y de intercambio de experiencias entre dirigentes de los dos pa\u00edses, con la convicci\u00f3n de que la integraci\u00f3n regional se construye desde la acci\u00f3n concreta y el compromiso democr\u00e1tico.<\/p>\n<p>Sobre el final del encuentro, Haddad sostuvo: \u201cfue muy grato el encuentro con Natalia, una exponente de la nueva pol\u00edtica argentina. Tiene una tarea incre\u00edble por delante\u201d.<\/p>\n<p>La reuni\u00f3n se realiz\u00f3 en la sede paulista del Banco do Brasil y cont\u00f3 con la participaci\u00f3n de Alejandro \u201cTopo\u201d Rodr\u00edguez, jefe de asesores de De la Sota, y de Mathias Alencastro, secretario de Relaciones Internacionales del Ministerio de Hacienda de Brasil.<\/p>\n<p>Haddad es licenciado en Derecho, con una maestr\u00eda en Econom\u00eda y doctorado en Filosof\u00eda de la Universidad de San Pablo. Integrante clave del gabinete de Lula, fue ministro de Educaci\u00f3n de Brasil, alcalde de San Pablo y candidato presidencial del Partido de los Trabajadores, y en 2023 fue designado ministro de Hacienda.<\/p>\n<p>#AgenciaNA<\/p>\n","protected":false},"excerpt":{"rendered":"<p>Buenos Aires, 13 marzo (NA) \u2013 La diputada nacional por<\/p>\n","protected":false},"author":0,"featured_media":14507,"comment_status":"","ping_status":"","sticky":false,"template":"","format":"standard","meta":{"footnotes":""},"categories":[65],"tags":[],"class_list":["post-14506","post","type-post","status-publish","format-standard","has-post-thumbnail","hentry","category-pais"],"yoast_head":"<!-- This site is optimized with the Yoast SEO plugin v27.5 - https:\/\/yoast.com\/product\/yoast-seo-wordpress\/ -->\n<title>Natalia de la Sota se reuni\u00f3 en Brasil con el ministro de Hacienda, Fernando Haddad - Cuarteto en la Web<\/title>\n<meta name=\"robots\" content=\"index, follow, max-snippet:-1, max-image-preview:large, max-video-preview:-1\" \/>\n<link rel=\"canonical\" href=\"http:\/\/cuartetoenlaweb.com.ar\/sitio\/natalia-de-la-sota-se-reunio-en-brasil-con-el-ministro-de-hacienda-fernando-haddad\/\" \/>\n<meta property=\"og:locale\" content=\"es_ES\" \/>\n<meta property=\"og:type\" content=\"article\" \/>\n<meta property=\"og:title\" content=\"Natalia de la Sota se reuni\u00f3 en Brasil con el ministro de Hacienda, Fernando Haddad - Cuarteto en la Web\" \/>\n<meta property=\"og:description\" content=\"Buenos Aires, 13 marzo (NA) \u2013 La diputada nacional por\" \/>\n<meta property=\"og:url\" content=\"http:\/\/cuartetoenlaweb.com.ar\/sitio\/natalia-de-la-sota-se-reunio-en-brasil-con-el-ministro-de-hacienda-fernando-haddad\/\" \/>\n<meta property=\"og:site_name\" content=\"Cuarteto en la Web\" \/>\n<meta property=\"article:published_time\" content=\"2026-03-14T01:59:50+00:00\" \/>\n<meta property=\"og:image\" content=\"http:\/\/cuartetoenlaweb.com.ar\/sitio\/wp-content\/uploads\/2026\/03\/720-278.jpeg\" \/>\n\t<meta property=\"og:image:width\" content=\"570\" \/>\n\t<meta property=\"og:image:height\" content=\"720\" \/>\n\t<meta property=\"og:image:type\" content=\"image\/jpeg\" \/>\n<meta name=\"twitter:card\" content=\"summary_large_image\" \/>\n<meta name=\"twitter:label1\" content=\"Tiempo de lectura\" \/>\n\t<meta name=\"twitter:data1\" content=\"2 minutos\" \/>\n<script type=\"application\/ld+json\" class=\"yoast-schema-graph\">{\"@context\":\"https:\\\/\\\/schema.org\",\"@graph\":[{\"@type\":\"Article\",\"@id\":\"http:\\\/\\\/cuartetoenlaweb.com.ar\\\/sitio\\\/natalia-de-la-sota-se-reunio-en-brasil-con-el-ministro-de-hacienda-fernando-haddad\\\/#article\",\"isPartOf\":{\"@id\":\"http:\\\/\\\/cuartetoenlaweb.com.ar\\\/sitio\\\/natalia-de-la-sota-se-reunio-en-brasil-con-el-ministro-de-hacienda-fernando-haddad\\\/\"},\"author\":{\"name\":\"\",\"@id\":\"\"},\"headline\":\"Natalia de la Sota se reuni\u00f3 en Brasil con el ministro de Hacienda, Fernando Haddad\",\"datePublished\":\"2026-03-14T01:59:50+00:00\",\"mainEntityOfPage\":{\"@id\":\"http:\\\/\\\/cuartetoenlaweb.com.ar\\\/sitio\\\/natalia-de-la-sota-se-reunio-en-brasil-con-el-ministro-de-hacienda-fernando-haddad\\\/\"},\"wordCount\":431,\"publisher\":{\"@id\":\"http:\\\/\\\/cuartetoenlaweb.com.ar\\\/sitio\\\/#organization\"},\"image\":{\"@id\":\"http:\\\/\\\/cuartetoenlaweb.com.ar\\\/sitio\\\/natalia-de-la-sota-se-reunio-en-brasil-con-el-ministro-de-hacienda-fernando-haddad\\\/#primaryimage\"},\"thumbnailUrl\":\"http:\\\/\\\/cuartetoenlaweb.com.ar\\\/sitio\\\/wp-content\\\/uploads\\\/2026\\\/03\\\/720-278.jpeg\",\"articleSection\":[\"PAIS\"],\"inLanguage\":\"es\"},{\"@type\":\"WebPage\",\"@id\":\"http:\\\/\\\/cuartetoenlaweb.com.ar\\\/sitio\\\/natalia-de-la-sota-se-reunio-en-brasil-con-el-ministro-de-hacienda-fernando-haddad\\\/\",\"url\":\"http:\\\/\\\/cuartetoenlaweb.com.ar\\\/sitio\\\/natalia-de-la-sota-se-reunio-en-brasil-con-el-ministro-de-hacienda-fernando-haddad\\\/\",\"name\":\"Natalia de la Sota se reuni\u00f3 en Brasil con el ministro de Hacienda, Fernando Haddad - Cuarteto en la Web\",\"isPartOf\":{\"@id\":\"http:\\\/\\\/cuartetoenlaweb.com.ar\\\/sitio\\\/#website\"},\"primaryImageOfPage\":{\"@id\":\"http:\\\/\\\/cuartetoenlaweb.com.ar\\\/sitio\\\/natalia-de-la-sota-se-reunio-en-brasil-con-el-ministro-de-hacienda-fernando-haddad\\\/#primaryimage\"},\"image\":{\"@id\":\"http:\\\/\\\/cuartetoenlaweb.com.ar\\\/sitio\\\/natalia-de-la-sota-se-reunio-en-brasil-con-el-ministro-de-hacienda-fernando-haddad\\\/#primaryimage\"},\"thumbnailUrl\":\"http:\\\/\\\/cuartetoenlaweb.com.ar\\\/sitio\\\/wp-content\\\/uploads\\\/2026\\\/03\\\/720-278.jpeg\",\"datePublished\":\"2026-03-14T01:59:50+00:00\",\"breadcrumb\":{\"@id\":\"http:\\\/\\\/cuartetoenlaweb.com.ar\\\/sitio\\\/natalia-de-la-sota-se-reunio-en-brasil-con-el-ministro-de-hacienda-fernando-haddad\\\/#breadcrumb\"},\"inLanguage\":\"es\",\"potentialAction\":[{\"@type\":\"ReadAction\",\"target\":[\"http:\\\/\\\/cuartetoenlaweb.com.ar\\\/sitio\\\/natalia-de-la-sota-se-reunio-en-brasil-con-el-ministro-de-hacienda-fernando-haddad\\\/\"]}]},{\"@type\":\"ImageObject\",\"inLanguage\":\"es\",\"@id\":\"http:\\\/\\\/cuartetoenlaweb.com.ar\\\/sitio\\\/natalia-de-la-sota-se-reunio-en-brasil-con-el-ministro-de-hacienda-fernando-haddad\\\/#primaryimage\",\"url\":\"http:\\\/\\\/cuartetoenlaweb.com.ar\\\/sitio\\\/wp-content\\\/uploads\\\/2026\\\/03\\\/720-278.jpeg\",\"contentUrl\":\"http:\\\/\\\/cuartetoenlaweb.com.ar\\\/sitio\\\/wp-content\\\/uploads\\\/2026\\\/03\\\/720-278.jpeg\",\"width\":570,\"height\":720},{\"@type\":\"BreadcrumbList\",\"@id\":\"http:\\\/\\\/cuartetoenlaweb.com.ar\\\/sitio\\\/natalia-de-la-sota-se-reunio-en-brasil-con-el-ministro-de-hacienda-fernando-haddad\\\/#breadcrumb\",\"itemListElement\":[{\"@type\":\"ListItem\",\"position\":1,\"name\":\"Portada\",\"item\":\"http:\\\/\\\/cuartetoenlaweb.com.ar\\\/sitio\\\/\"},{\"@type\":\"ListItem\",\"position\":2,\"name\":\"Natalia de la Sota se reuni\u00f3 en Brasil con el ministro de Hacienda, Fernando Haddad\"}]},{\"@type\":\"WebSite\",\"@id\":\"http:\\\/\\\/cuartetoenlaweb.com.ar\\\/sitio\\\/#website\",\"url\":\"http:\\\/\\\/cuartetoenlaweb.com.ar\\\/sitio\\\/\",\"name\":\"Cuarteto en la Web\",\"description\":\"\",\"publisher\":{\"@id\":\"http:\\\/\\\/cuartetoenlaweb.com.ar\\\/sitio\\\/#organization\"},\"potentialAction\":[{\"@type\":\"SearchAction\",\"target\":{\"@type\":\"EntryPoint\",\"urlTemplate\":\"http:\\\/\\\/cuartetoenlaweb.com.ar\\\/sitio\\\/?s={search_term_string}\"},\"query-input\":{\"@type\":\"PropertyValueSpecification\",\"valueRequired\":true,\"valueName\":\"search_term_string\"}}],\"inLanguage\":\"es\"},{\"@type\":\"Organization\",\"@id\":\"http:\\\/\\\/cuartetoenlaweb.com.ar\\\/sitio\\\/#organization\",\"name\":\"Cuarteto en la Web\",\"url\":\"http:\\\/\\\/cuartetoenlaweb.com.ar\\\/sitio\\\/\",\"logo\":{\"@type\":\"ImageObject\",\"inLanguage\":\"es\",\"@id\":\"http:\\\/\\\/cuartetoenlaweb.com.ar\\\/sitio\\\/#\\\/schema\\\/logo\\\/image\\\/\",\"url\":\"http:\\\/\\\/cuartetoenlaweb.com.ar\\\/sitio\\\/wp-content\\\/uploads\\\/2025\\\/07\\\/cropped-cropped-logitoweb21.png\",\"contentUrl\":\"http:\\\/\\\/cuartetoenlaweb.com.ar\\\/sitio\\\/wp-content\\\/uploads\\\/2025\\\/07\\\/cropped-cropped-logitoweb21.png\",\"width\":199,\"height\":199,\"caption\":\"Cuarteto en la Web\"},\"image\":{\"@id\":\"http:\\\/\\\/cuartetoenlaweb.com.ar\\\/sitio\\\/#\\\/schema\\\/logo\\\/image\\\/\"}}]}<\/script>\n<!-- \/ Yoast SEO plugin. -->","yoast_head_json":{"title":"Natalia de la Sota se reuni\u00f3 en Brasil con el ministro de Hacienda, Fernando Haddad - Cuarteto en la Web","robots":{"index":"index","follow":"follow","max-snippet":"max-snippet:-1","max-image-preview":"max-image-preview:large","max-video-preview":"max-video-preview:-1"},"canonical":"http:\/\/cuartetoenlaweb.com.ar\/sitio\/natalia-de-la-sota-se-reunio-en-brasil-con-el-ministro-de-hacienda-fernando-haddad\/","og_locale":"es_ES","og_type":"article","og_title":"Natalia de la Sota se reuni\u00f3 en Brasil con el ministro de Hacienda, Fernando Haddad - Cuarteto en la Web","og_description":"Buenos Aires, 13 marzo (NA) \u2013 La diputada nacional por","og_url":"http:\/\/cuartetoenlaweb.com.ar\/sitio\/natalia-de-la-sota-se-reunio-en-brasil-con-el-ministro-de-hacienda-fernando-haddad\/","og_site_name":"Cuarteto en la Web","article_published_time":"2026-03-14T01:59:50+00:00","og_image":[{"width":570,"height":720,"url":"http:\/\/cuartetoenlaweb.com.ar\/sitio\/wp-content\/uploads\/2026\/03\/720-278.jpeg","type":"image\/jpeg"}],"twitter_card":"summary_large_image","twitter_misc":{"Tiempo de lectura":"2 minutos"},"schema":{"@context":"https:\/\/schema.org","@graph":[{"@type":"Article","@id":"http:\/\/cuartetoenlaweb.com.ar\/sitio\/natalia-de-la-sota-se-reunio-en-brasil-con-el-ministro-de-hacienda-fernando-haddad\/#article","isPartOf":{"@id":"http:\/\/cuartetoenlaweb.com.ar\/sitio\/natalia-de-la-sota-se-reunio-en-brasil-con-el-ministro-de-hacienda-fernando-haddad\/"},"author":{"name":"","@id":""},"headline":"Natalia de la Sota se reuni\u00f3 en Brasil con el ministro de Hacienda, Fernando Haddad","datePublished":"2026-03-14T01:59:50+00:00","mainEntityOfPage":{"@id":"http:\/\/cuartetoenlaweb.com.ar\/sitio\/natalia-de-la-sota-se-reunio-en-brasil-con-el-ministro-de-hacienda-fernando-haddad\/"},"wordCount":431,"publisher":{"@id":"http:\/\/cuartetoenlaweb.com.ar\/sitio\/#organization"},"image":{"@id":"http:\/\/cuartetoenlaweb.com.ar\/sitio\/natalia-de-la-sota-se-reunio-en-brasil-con-el-ministro-de-hacienda-fernando-haddad\/#primaryimage"},"thumbnailUrl":"http:\/\/cuartetoenlaweb.com.ar\/sitio\/wp-content\/uploads\/2026\/03\/720-278.jpeg","articleSection":["PAIS"],"inLanguage":"es"},{"@type":"WebPage","@id":"http:\/\/cuartetoenlaweb.com.ar\/sitio\/natalia-de-la-sota-se-reunio-en-brasil-con-el-ministro-de-hacienda-fernando-haddad\/","url":"http:\/\/cuartetoenlaweb.com.ar\/sitio\/natalia-de-la-sota-se-reunio-en-brasil-con-el-ministro-de-hacienda-fernando-haddad\/","name":"Natalia de la Sota se reuni\u00f3 en Brasil con el ministro de Hacienda, Fernando Haddad - Cuarteto en la Web","isPartOf":{"@id":"http:\/\/cuartetoenlaweb.com.ar\/sitio\/#website"},"primaryImageOfPage":{"@id":"http:\/\/cuartetoenlaweb.com.ar\/sitio\/natalia-de-la-sota-se-reunio-en-brasil-con-el-ministro-de-hacienda-fernando-haddad\/#primaryimage"},"image":{"@id":"http:\/\/cuartetoenlaweb.com.ar\/sitio\/natalia-de-la-sota-se-reunio-en-brasil-con-el-ministro-de-hacienda-fernando-haddad\/#primaryimage"},"thumbnailUrl":"http:\/\/cuartetoenlaweb.com.ar\/sitio\/wp-content\/uploads\/2026\/03\/720-278.jpeg","datePublished":"2026-03-14T01:59:50+00:00","breadcrumb":{"@id":"http:\/\/cuartetoenlaweb.com.ar\/sitio\/natalia-de-la-sota-se-reunio-en-brasil-con-el-ministro-de-hacienda-fernando-haddad\/#breadcrumb"},"inLanguage":"es","potentialAction":[{"@type":"ReadAction","target":["http:\/\/cuartetoenlaweb.com.ar\/sitio\/natalia-de-la-sota-se-reunio-en-brasil-con-el-ministro-de-hacienda-fernando-haddad\/"]}]},{"@type":"ImageObject","inLanguage":"es","@id":"http:\/\/cuartetoenlaweb.com.ar\/sitio\/natalia-de-la-sota-se-reunio-en-brasil-con-el-ministro-de-hacienda-fernando-haddad\/#primaryimage","url":"http:\/\/cuartetoenlaweb.com.ar\/sitio\/wp-content\/uploads\/2026\/03\/720-278.jpeg","contentUrl":"http:\/\/cuartetoenlaweb.com.ar\/sitio\/wp-content\/uploads\/2026\/03\/720-278.jpeg","width":570,"height":720},{"@type":"BreadcrumbList","@id":"http:\/\/cuartetoenlaweb.com.ar\/sitio\/natalia-de-la-sota-se-reunio-en-brasil-con-el-ministro-de-hacienda-fernando-haddad\/#breadcrumb","itemListElement":[{"@type":"ListItem","position":1,"name":"Portada","item":"http:\/\/cuartetoenlaweb.com.ar\/sitio\/"},{"@type":"ListItem","position":2,"name":"Natalia de la Sota se reuni\u00f3 en Brasil con el ministro de Hacienda, Fernando Haddad"}]},{"@type":"WebSite","@id":"http:\/\/cuartetoenlaweb.com.ar\/sitio\/#website","url":"http:\/\/cuartetoenlaweb.com.ar\/sitio\/","name":"Cuarteto en la Web","description":"","publisher":{"@id":"http:\/\/cuartetoenlaweb.com.ar\/sitio\/#organization"},"potentialAction":[{"@type":"SearchAction","target":{"@type":"EntryPoint","urlTemplate":"http:\/\/cuartetoenlaweb.com.ar\/sitio\/?s={search_term_string}"},"query-input":{"@type":"PropertyValueSpecification","valueRequired":true,"valueName":"search_term_string"}}],"inLanguage":"es"},{"@type":"Organization","@id":"http:\/\/cuartetoenlaweb.com.ar\/sitio\/#organization","name":"Cuarteto en la Web","url":"http:\/\/cuartetoenlaweb.com.ar\/sitio\/","logo":{"@type":"ImageObject","inLanguage":"es","@id":"http:\/\/cuartetoenlaweb.com.ar\/sitio\/#\/schema\/logo\/image\/","url":"http:\/\/cuartetoenlaweb.com.ar\/sitio\/wp-content\/uploads\/2025\/07\/cropped-cropped-logitoweb21.png","contentUrl":"http:\/\/cuartetoenlaweb.com.ar\/sitio\/wp-content\/uploads\/2025\/07\/cropped-cropped-logitoweb21.png","width":199,"height":199,"caption":"Cuarteto en la Web"},"image":{"@id":"http:\/\/cuartetoenlaweb.com.ar\/sitio\/#\/schema\/logo\/image\/"}}]}},"_links":{"self":[{"href":"http:\/\/cuartetoenlaweb.com.ar\/sitio\/wp-json\/wp\/v2\/posts\/14506","targetHints":{"allow":["GET"]}}],"collection":[{"href":"http:\/\/cuartetoenlaweb.com.ar\/sitio\/wp-json\/wp\/v2\/posts"}],"about":[{"href":"http:\/\/cuartetoenlaweb.com.ar\/sitio\/wp-json\/wp\/v2\/types\/post"}],"replies":[{"embeddable":true,"href":"http:\/\/cuartetoenlaweb.com.ar\/sitio\/wp-json\/wp\/v2\/comments?post=14506"}],"version-history":[{"count":0,"href":"http:\/\/cuartetoenlaweb.com.ar\/sitio\/wp-json\/wp\/v2\/posts\/14506\/revisions"}],"wp:featuredmedia":[{"embeddable":true,"href":"http:\/\/cuartetoenlaweb.com.ar\/sitio\/wp-json\/wp\/v2\/media\/14507"}],"wp:attachment":[{"href":"http:\/\/cuartetoenlaweb.com.ar\/sitio\/wp-json\/wp\/v2\/media?parent=14506"}],"wp:term":[{"taxonomy":"category","embeddable":true,"href":"http:\/\/cuartetoenlaweb.com.ar\/sitio\/wp-json\/wp\/v2\/categories?post=14506"},{"taxonomy":"post_tag","embeddable":true,"href":"http:\/\/cuartetoenlaweb.com.ar\/sitio\/wp-json\/wp\/v2\/tags?post=14506"}],"curies":[{"name":"wp","href":"https:\/\/api.w.org\/{rel}","templated":true}]}}