
{"id":14498,"date":"2026-03-13T22:59:45","date_gmt":"2026-03-14T01:59:45","guid":{"rendered":"https:\/\/cuartetoenlaweb.com.ar\/sitio\/incomodisimo-el-tenso-cruce-de-evangelina-anderson-con-grego-rosello-por-ian-lucas-no-nos-vamos-a-hacer-los-bolu\/"},"modified":"2026-03-13T22:59:45","modified_gmt":"2026-03-14T01:59:45","slug":"incomodisimo-el-tenso-cruce-de-evangelina-anderson-con-grego-rosello-por-ian-lucas-no-nos-vamos-a-hacer-los-bolu","status":"publish","type":"post","link":"http:\/\/cuartetoenlaweb.com.ar\/sitio\/incomodisimo-el-tenso-cruce-de-evangelina-anderson-con-grego-rosello-por-ian-lucas-no-nos-vamos-a-hacer-los-bolu\/","title":{"rendered":"\u00a1Incomod\u00edsimo! El tenso cruce de Evangelina Anderson con Grego Rosello por Ian Lucas: \u201cNo nos vamos a hacer los bolu\u2026\u201d"},"content":{"rendered":"<p>El esc\u00e1ndalo que envuelve a <strong>Evangelina Anderson<\/strong> no para. A una semana de la filtraci\u00f3n de una foto bes\u00e1ndose con <strong>Ian Lucas<\/strong>, y en medio de versiones completamente opuestas sobre qu\u00e9 pas\u00f3 realmente entre ellos, <a href=\"https:\/\/www.paparazzi.com.ar\/tag\/evangelina-anderson\/\" id=\"https:\/\/www.paparazzi.com.ar\/tag\/evangelina-anderson\/\">Eva <\/a>sigue en el centro de la pol\u00e9mica. Mientras ella niega de forma tajante cualquier <a href=\"https:\/\/www.paparazzi.com.ar\/romances\/ian-lucas-revelo-como-se-lleva-con-el-hijo-de-evangelina-anderson-tras-su-foto-a-los-besos\/\" id=\"https:\/\/www.paparazzi.com.ar\/romances\/ian-lucas-revelo-como-se-lleva-con-el-hijo-de-evangelina-anderson-tras-su-foto-a-los-besos\/\">romance <\/a>y <a href=\"https:\/\/www.paparazzi.com.ar\/tag\/ian-lucas\/\" id=\"https:\/\/www.paparazzi.com.ar\/tag\/ian-lucas\/\">Ian <\/a>dice otra cosa, ahora la tensi\u00f3n lleg\u00f3 hasta el streaming de <em>MasterChef Celebrity<\/em>.<\/p>\n<p>Todo ocurri\u00f3 durante el <em>react <\/em>que conduce <strong>Grego Rossello<\/strong> junto a la <strong>China Ansa<\/strong>, donde Evangelina apareci\u00f3 y no dud\u00f3 en enfrentar al conductor al aire. Divertida pero filosa, dispar\u00f3: \u201c<strong>Salvo Grego que es medio ortiva conmigo&#8230; el resto es un amor<\/strong>. \u00bfPor qu\u00e9 no me quer\u00e9s?\u201d.<\/p>\n<div class=\"mt-box \">\n<h4 class=\"mt-heading\">Mir\u00e1 Tambi\u00e9n<\/h4>\n<p><a href=\"https:\/\/www.paparazzi.com.ar\/romances\/se-caso-el-hermano-de-mauro-icardi-en-rosario-las-fotos-que-pusieron-a-wanda-nara-en-la-mira\/\"><\/p>\n<div class=\"mt-content\">\n<div class=\"mt-image-container\"><img decoding=\"async\" src=\"https:\/\/www.paparazzi.com.ar\/wp-content\/uploads\/2026\/03\/Wanda-Nara-Mauro-Icardi-1-359x226.jpg\" alt=\"Se cas\u00f3 el hermano de Mauro Icardi en Rosario: las fotos que pusieron a Wanda Nara en la mira\" class=\"mt-image\" loading=\"lazy\" \/><\/div>\n<h5 class=\"mt-title\">Se cas\u00f3 el hermano de Mauro Icardi en Rosario: las fotos que pusieron a Wanda Nara en la mira<\/h5>\n<\/div>\n<p><\/a><\/div>\n<p>Sin esquivar el palo, <a href=\"https:\/\/www.paparazzi.com.ar\/tag\/grego-rossello\/\" id=\"https:\/\/www.paparazzi.com.ar\/tag\/grego-rossello\/\">Rossello <\/a>fue directo. \u201c<strong>No es que no te quiero, pero hubo una grieta, no nos vamos a hacer los bolu&#8230;, entre vos y otro participante de MasterChef <\/strong>y yo soy muy amigo de \u00e9l, entendeme\u201d, lanz\u00f3, en clara alusi\u00f3n a su v\u00ednculo de a\u00f1os con Ian Lucas.<\/p>\n<p>Pero la respuesta no convenci\u00f3 demasiado a Evangelina, que intent\u00f3 marcar otro punto de vista. \u201c<strong>Pero viste que no hay que escuchar una sola campana<\/strong>\u201d, le retruc\u00f3, sugiriendo que la historia que circula no ser\u00eda tan simple como se cuenta desde afuera.<\/p>\n<h2 class=\"wp-block-heading\">GREGO ROSSELLO FREN\u00d3 A EVANGELINA ANDERSON EN VIVO<\/h2>\n<p>Grego dej\u00f3 en claro de qu\u00e9 lado est\u00e1 en esta historia. \u201c<strong>Yo voy a escuchar la de mi amigo. <\/strong>Con Ian somos amigos hace cinco, seis a\u00f1os. Yo estoy de su lado, cien por ciento, me voy a hacer cargo y no tengo problema de decirlo\u201d, afirm\u00f3 sin vueltas, dejando expuesta su lealtad hacia Lucas.<\/p>\n<p>La modelo no se qued\u00f3 callada y volvi\u00f3 a insistir con su postura: \u201c<strong>Pero no defiendas a muerte si no sab\u00e9s la otra parte de la historia<\/strong>\u201d. Aun as\u00ed, el cruce termin\u00f3 con un gesto de entendimiento de su parte: \u201c<strong>Bueno s\u00ed, es verdad, yo tambi\u00e9n defender\u00eda a una amiga a muerte<\/strong>\u201d, reconoci\u00f3.<\/p>\n<p>The post <a href=\"https:\/\/www.paparazzi.com.ar\/romances\/incomodisimo-el-tenso-cruce-de-evangelina-anderson-con-grego-rosello-por-ian-lucas-no-nos-vamos-a-hacer-los-bolu\/\">\u00a1Incomod\u00edsimo! El tenso cruce de Evangelina Anderson con Grego Rosello por Ian Lucas: \u201cNo nos vamos a hacer los bolu\u2026\u201d<\/a> appeared first on <a href=\"https:\/\/www.paparazzi.com.ar\">Revista Paparazzi<\/a>.<\/p>\n","protected":false},"excerpt":{"rendered":"<p>El esc\u00e1ndalo que envuelve a Evangelina Anderson no para. A<\/p>\n","protected":false},"author":0,"featured_media":14499,"comment_status":"","ping_status":"","sticky":false,"template":"","format":"standard","meta":{"footnotes":""},"categories":[12],"tags":[],"class_list":["post-14498","post","type-post","status-publish","format-standard","has-post-thumbnail","hentry","category-espectaculo"],"yoast_head":"<!-- This site is optimized with the Yoast SEO plugin v27.5 - https:\/\/yoast.com\/product\/yoast-seo-wordpress\/ -->\n<title>\u00a1Incomod\u00edsimo! El tenso cruce de Evangelina Anderson con Grego Rosello por Ian Lucas: \u201cNo nos vamos a hacer los bolu\u2026\u201d - Cuarteto en la Web<\/title>\n<meta name=\"robots\" content=\"index, follow, max-snippet:-1, max-image-preview:large, max-video-preview:-1\" \/>\n<link rel=\"canonical\" href=\"http:\/\/cuartetoenlaweb.com.ar\/sitio\/incomodisimo-el-tenso-cruce-de-evangelina-anderson-con-grego-rosello-por-ian-lucas-no-nos-vamos-a-hacer-los-bolu\/\" \/>\n<meta property=\"og:locale\" content=\"es_ES\" \/>\n<meta property=\"og:type\" content=\"article\" \/>\n<meta property=\"og:title\" content=\"\u00a1Incomod\u00edsimo! El tenso cruce de Evangelina Anderson con Grego Rosello por Ian Lucas: \u201cNo nos vamos a hacer los bolu\u2026\u201d - Cuarteto en la Web\" \/>\n<meta property=\"og:description\" content=\"El esc\u00e1ndalo que envuelve a Evangelina Anderson no para. A\" \/>\n<meta property=\"og:url\" content=\"http:\/\/cuartetoenlaweb.com.ar\/sitio\/incomodisimo-el-tenso-cruce-de-evangelina-anderson-con-grego-rosello-por-ian-lucas-no-nos-vamos-a-hacer-los-bolu\/\" \/>\n<meta property=\"og:site_name\" content=\"Cuarteto en la Web\" \/>\n<meta property=\"article:published_time\" content=\"2026-03-14T01:59:45+00:00\" \/>\n<meta property=\"og:image\" content=\"http:\/\/cuartetoenlaweb.com.ar\/sitio\/wp-content\/uploads\/2026\/03\/Wanda-Nara-Mauro-Icardi-1-359x226-1.jpg\" \/>\n\t<meta property=\"og:image:width\" content=\"359\" \/>\n\t<meta property=\"og:image:height\" content=\"226\" \/>\n\t<meta property=\"og:image:type\" content=\"image\/jpeg\" \/>\n<meta name=\"twitter:card\" content=\"summary_large_image\" \/>\n<meta name=\"twitter:label1\" content=\"Tiempo de lectura\" \/>\n\t<meta name=\"twitter:data1\" content=\"2 minutos\" \/>\n<script type=\"application\/ld+json\" class=\"yoast-schema-graph\">{\"@context\":\"https:\\\/\\\/schema.org\",\"@graph\":[{\"@type\":\"Article\",\"@id\":\"http:\\\/\\\/cuartetoenlaweb.com.ar\\\/sitio\\\/incomodisimo-el-tenso-cruce-de-evangelina-anderson-con-grego-rosello-por-ian-lucas-no-nos-vamos-a-hacer-los-bolu\\\/#article\",\"isPartOf\":{\"@id\":\"http:\\\/\\\/cuartetoenlaweb.com.ar\\\/sitio\\\/incomodisimo-el-tenso-cruce-de-evangelina-anderson-con-grego-rosello-por-ian-lucas-no-nos-vamos-a-hacer-los-bolu\\\/\"},\"author\":{\"name\":\"\",\"@id\":\"\"},\"headline\":\"\u00a1Incomod\u00edsimo! El tenso cruce de Evangelina Anderson con Grego Rosello por Ian Lucas: \u201cNo nos vamos a hacer los bolu\u2026\u201d\",\"datePublished\":\"2026-03-14T01:59:45+00:00\",\"mainEntityOfPage\":{\"@id\":\"http:\\\/\\\/cuartetoenlaweb.com.ar\\\/sitio\\\/incomodisimo-el-tenso-cruce-de-evangelina-anderson-con-grego-rosello-por-ian-lucas-no-nos-vamos-a-hacer-los-bolu\\\/\"},\"wordCount\":407,\"publisher\":{\"@id\":\"http:\\\/\\\/cuartetoenlaweb.com.ar\\\/sitio\\\/#organization\"},\"image\":{\"@id\":\"http:\\\/\\\/cuartetoenlaweb.com.ar\\\/sitio\\\/incomodisimo-el-tenso-cruce-de-evangelina-anderson-con-grego-rosello-por-ian-lucas-no-nos-vamos-a-hacer-los-bolu\\\/#primaryimage\"},\"thumbnailUrl\":\"http:\\\/\\\/cuartetoenlaweb.com.ar\\\/sitio\\\/wp-content\\\/uploads\\\/2026\\\/03\\\/Wanda-Nara-Mauro-Icardi-1-359x226-1.jpg\",\"articleSection\":[\"ESPECT\u00c1CULO\"],\"inLanguage\":\"es\"},{\"@type\":\"WebPage\",\"@id\":\"http:\\\/\\\/cuartetoenlaweb.com.ar\\\/sitio\\\/incomodisimo-el-tenso-cruce-de-evangelina-anderson-con-grego-rosello-por-ian-lucas-no-nos-vamos-a-hacer-los-bolu\\\/\",\"url\":\"http:\\\/\\\/cuartetoenlaweb.com.ar\\\/sitio\\\/incomodisimo-el-tenso-cruce-de-evangelina-anderson-con-grego-rosello-por-ian-lucas-no-nos-vamos-a-hacer-los-bolu\\\/\",\"name\":\"\u00a1Incomod\u00edsimo! El tenso cruce de Evangelina Anderson con Grego Rosello por Ian Lucas: \u201cNo nos vamos a hacer los bolu\u2026\u201d - Cuarteto en la Web\",\"isPartOf\":{\"@id\":\"http:\\\/\\\/cuartetoenlaweb.com.ar\\\/sitio\\\/#website\"},\"primaryImageOfPage\":{\"@id\":\"http:\\\/\\\/cuartetoenlaweb.com.ar\\\/sitio\\\/incomodisimo-el-tenso-cruce-de-evangelina-anderson-con-grego-rosello-por-ian-lucas-no-nos-vamos-a-hacer-los-bolu\\\/#primaryimage\"},\"image\":{\"@id\":\"http:\\\/\\\/cuartetoenlaweb.com.ar\\\/sitio\\\/incomodisimo-el-tenso-cruce-de-evangelina-anderson-con-grego-rosello-por-ian-lucas-no-nos-vamos-a-hacer-los-bolu\\\/#primaryimage\"},\"thumbnailUrl\":\"http:\\\/\\\/cuartetoenlaweb.com.ar\\\/sitio\\\/wp-content\\\/uploads\\\/2026\\\/03\\\/Wanda-Nara-Mauro-Icardi-1-359x226-1.jpg\",\"datePublished\":\"2026-03-14T01:59:45+00:00\",\"breadcrumb\":{\"@id\":\"http:\\\/\\\/cuartetoenlaweb.com.ar\\\/sitio\\\/incomodisimo-el-tenso-cruce-de-evangelina-anderson-con-grego-rosello-por-ian-lucas-no-nos-vamos-a-hacer-los-bolu\\\/#breadcrumb\"},\"inLanguage\":\"es\",\"potentialAction\":[{\"@type\":\"ReadAction\",\"target\":[\"http:\\\/\\\/cuartetoenlaweb.com.ar\\\/sitio\\\/incomodisimo-el-tenso-cruce-de-evangelina-anderson-con-grego-rosello-por-ian-lucas-no-nos-vamos-a-hacer-los-bolu\\\/\"]}]},{\"@type\":\"ImageObject\",\"inLanguage\":\"es\",\"@id\":\"http:\\\/\\\/cuartetoenlaweb.com.ar\\\/sitio\\\/incomodisimo-el-tenso-cruce-de-evangelina-anderson-con-grego-rosello-por-ian-lucas-no-nos-vamos-a-hacer-los-bolu\\\/#primaryimage\",\"url\":\"http:\\\/\\\/cuartetoenlaweb.com.ar\\\/sitio\\\/wp-content\\\/uploads\\\/2026\\\/03\\\/Wanda-Nara-Mauro-Icardi-1-359x226-1.jpg\",\"contentUrl\":\"http:\\\/\\\/cuartetoenlaweb.com.ar\\\/sitio\\\/wp-content\\\/uploads\\\/2026\\\/03\\\/Wanda-Nara-Mauro-Icardi-1-359x226-1.jpg\",\"width\":359,\"height\":226},{\"@type\":\"BreadcrumbList\",\"@id\":\"http:\\\/\\\/cuartetoenlaweb.com.ar\\\/sitio\\\/incomodisimo-el-tenso-cruce-de-evangelina-anderson-con-grego-rosello-por-ian-lucas-no-nos-vamos-a-hacer-los-bolu\\\/#breadcrumb\",\"itemListElement\":[{\"@type\":\"ListItem\",\"position\":1,\"name\":\"Portada\",\"item\":\"http:\\\/\\\/cuartetoenlaweb.com.ar\\\/sitio\\\/\"},{\"@type\":\"ListItem\",\"position\":2,\"name\":\"\u00a1Incomod\u00edsimo! El tenso cruce de Evangelina Anderson con Grego Rosello por Ian Lucas: \u201cNo nos vamos a hacer los bolu\u2026\u201d\"}]},{\"@type\":\"WebSite\",\"@id\":\"http:\\\/\\\/cuartetoenlaweb.com.ar\\\/sitio\\\/#website\",\"url\":\"http:\\\/\\\/cuartetoenlaweb.com.ar\\\/sitio\\\/\",\"name\":\"Cuarteto en la Web\",\"description\":\"\",\"publisher\":{\"@id\":\"http:\\\/\\\/cuartetoenlaweb.com.ar\\\/sitio\\\/#organization\"},\"potentialAction\":[{\"@type\":\"SearchAction\",\"target\":{\"@type\":\"EntryPoint\",\"urlTemplate\":\"http:\\\/\\\/cuartetoenlaweb.com.ar\\\/sitio\\\/?s={search_term_string}\"},\"query-input\":{\"@type\":\"PropertyValueSpecification\",\"valueRequired\":true,\"valueName\":\"search_term_string\"}}],\"inLanguage\":\"es\"},{\"@type\":\"Organization\",\"@id\":\"http:\\\/\\\/cuartetoenlaweb.com.ar\\\/sitio\\\/#organization\",\"name\":\"Cuarteto en la Web\",\"url\":\"http:\\\/\\\/cuartetoenlaweb.com.ar\\\/sitio\\\/\",\"logo\":{\"@type\":\"ImageObject\",\"inLanguage\":\"es\",\"@id\":\"http:\\\/\\\/cuartetoenlaweb.com.ar\\\/sitio\\\/#\\\/schema\\\/logo\\\/image\\\/\",\"url\":\"http:\\\/\\\/cuartetoenlaweb.com.ar\\\/sitio\\\/wp-content\\\/uploads\\\/2025\\\/07\\\/cropped-cropped-logitoweb21.png\",\"contentUrl\":\"http:\\\/\\\/cuartetoenlaweb.com.ar\\\/sitio\\\/wp-content\\\/uploads\\\/2025\\\/07\\\/cropped-cropped-logitoweb21.png\",\"width\":199,\"height\":199,\"caption\":\"Cuarteto en la Web\"},\"image\":{\"@id\":\"http:\\\/\\\/cuartetoenlaweb.com.ar\\\/sitio\\\/#\\\/schema\\\/logo\\\/image\\\/\"}}]}<\/script>\n<!-- \/ Yoast SEO plugin. -->","yoast_head_json":{"title":"\u00a1Incomod\u00edsimo! El tenso cruce de Evangelina Anderson con Grego Rosello por Ian Lucas: \u201cNo nos vamos a hacer los bolu\u2026\u201d - Cuarteto en la Web","robots":{"index":"index","follow":"follow","max-snippet":"max-snippet:-1","max-image-preview":"max-image-preview:large","max-video-preview":"max-video-preview:-1"},"canonical":"http:\/\/cuartetoenlaweb.com.ar\/sitio\/incomodisimo-el-tenso-cruce-de-evangelina-anderson-con-grego-rosello-por-ian-lucas-no-nos-vamos-a-hacer-los-bolu\/","og_locale":"es_ES","og_type":"article","og_title":"\u00a1Incomod\u00edsimo! El tenso cruce de Evangelina Anderson con Grego Rosello por Ian Lucas: \u201cNo nos vamos a hacer los bolu\u2026\u201d - Cuarteto en la Web","og_description":"El esc\u00e1ndalo que envuelve a Evangelina Anderson no para. A","og_url":"http:\/\/cuartetoenlaweb.com.ar\/sitio\/incomodisimo-el-tenso-cruce-de-evangelina-anderson-con-grego-rosello-por-ian-lucas-no-nos-vamos-a-hacer-los-bolu\/","og_site_name":"Cuarteto en la Web","article_published_time":"2026-03-14T01:59:45+00:00","og_image":[{"width":359,"height":226,"url":"http:\/\/cuartetoenlaweb.com.ar\/sitio\/wp-content\/uploads\/2026\/03\/Wanda-Nara-Mauro-Icardi-1-359x226-1.jpg","type":"image\/jpeg"}],"twitter_card":"summary_large_image","twitter_misc":{"Tiempo de lectura":"2 minutos"},"schema":{"@context":"https:\/\/schema.org","@graph":[{"@type":"Article","@id":"http:\/\/cuartetoenlaweb.com.ar\/sitio\/incomodisimo-el-tenso-cruce-de-evangelina-anderson-con-grego-rosello-por-ian-lucas-no-nos-vamos-a-hacer-los-bolu\/#article","isPartOf":{"@id":"http:\/\/cuartetoenlaweb.com.ar\/sitio\/incomodisimo-el-tenso-cruce-de-evangelina-anderson-con-grego-rosello-por-ian-lucas-no-nos-vamos-a-hacer-los-bolu\/"},"author":{"name":"","@id":""},"headline":"\u00a1Incomod\u00edsimo! El tenso cruce de Evangelina Anderson con Grego Rosello por Ian Lucas: \u201cNo nos vamos a hacer los bolu\u2026\u201d","datePublished":"2026-03-14T01:59:45+00:00","mainEntityOfPage":{"@id":"http:\/\/cuartetoenlaweb.com.ar\/sitio\/incomodisimo-el-tenso-cruce-de-evangelina-anderson-con-grego-rosello-por-ian-lucas-no-nos-vamos-a-hacer-los-bolu\/"},"wordCount":407,"publisher":{"@id":"http:\/\/cuartetoenlaweb.com.ar\/sitio\/#organization"},"image":{"@id":"http:\/\/cuartetoenlaweb.com.ar\/sitio\/incomodisimo-el-tenso-cruce-de-evangelina-anderson-con-grego-rosello-por-ian-lucas-no-nos-vamos-a-hacer-los-bolu\/#primaryimage"},"thumbnailUrl":"http:\/\/cuartetoenlaweb.com.ar\/sitio\/wp-content\/uploads\/2026\/03\/Wanda-Nara-Mauro-Icardi-1-359x226-1.jpg","articleSection":["ESPECT\u00c1CULO"],"inLanguage":"es"},{"@type":"WebPage","@id":"http:\/\/cuartetoenlaweb.com.ar\/sitio\/incomodisimo-el-tenso-cruce-de-evangelina-anderson-con-grego-rosello-por-ian-lucas-no-nos-vamos-a-hacer-los-bolu\/","url":"http:\/\/cuartetoenlaweb.com.ar\/sitio\/incomodisimo-el-tenso-cruce-de-evangelina-anderson-con-grego-rosello-por-ian-lucas-no-nos-vamos-a-hacer-los-bolu\/","name":"\u00a1Incomod\u00edsimo! El tenso cruce de Evangelina Anderson con Grego Rosello por Ian Lucas: \u201cNo nos vamos a hacer los bolu\u2026\u201d - Cuarteto en la Web","isPartOf":{"@id":"http:\/\/cuartetoenlaweb.com.ar\/sitio\/#website"},"primaryImageOfPage":{"@id":"http:\/\/cuartetoenlaweb.com.ar\/sitio\/incomodisimo-el-tenso-cruce-de-evangelina-anderson-con-grego-rosello-por-ian-lucas-no-nos-vamos-a-hacer-los-bolu\/#primaryimage"},"image":{"@id":"http:\/\/cuartetoenlaweb.com.ar\/sitio\/incomodisimo-el-tenso-cruce-de-evangelina-anderson-con-grego-rosello-por-ian-lucas-no-nos-vamos-a-hacer-los-bolu\/#primaryimage"},"thumbnailUrl":"http:\/\/cuartetoenlaweb.com.ar\/sitio\/wp-content\/uploads\/2026\/03\/Wanda-Nara-Mauro-Icardi-1-359x226-1.jpg","datePublished":"2026-03-14T01:59:45+00:00","breadcrumb":{"@id":"http:\/\/cuartetoenlaweb.com.ar\/sitio\/incomodisimo-el-tenso-cruce-de-evangelina-anderson-con-grego-rosello-por-ian-lucas-no-nos-vamos-a-hacer-los-bolu\/#breadcrumb"},"inLanguage":"es","potentialAction":[{"@type":"ReadAction","target":["http:\/\/cuartetoenlaweb.com.ar\/sitio\/incomodisimo-el-tenso-cruce-de-evangelina-anderson-con-grego-rosello-por-ian-lucas-no-nos-vamos-a-hacer-los-bolu\/"]}]},{"@type":"ImageObject","inLanguage":"es","@id":"http:\/\/cuartetoenlaweb.com.ar\/sitio\/incomodisimo-el-tenso-cruce-de-evangelina-anderson-con-grego-rosello-por-ian-lucas-no-nos-vamos-a-hacer-los-bolu\/#primaryimage","url":"http:\/\/cuartetoenlaweb.com.ar\/sitio\/wp-content\/uploads\/2026\/03\/Wanda-Nara-Mauro-Icardi-1-359x226-1.jpg","contentUrl":"http:\/\/cuartetoenlaweb.com.ar\/sitio\/wp-content\/uploads\/2026\/03\/Wanda-Nara-Mauro-Icardi-1-359x226-1.jpg","width":359,"height":226},{"@type":"BreadcrumbList","@id":"http:\/\/cuartetoenlaweb.com.ar\/sitio\/incomodisimo-el-tenso-cruce-de-evangelina-anderson-con-grego-rosello-por-ian-lucas-no-nos-vamos-a-hacer-los-bolu\/#breadcrumb","itemListElement":[{"@type":"ListItem","position":1,"name":"Portada","item":"http:\/\/cuartetoenlaweb.com.ar\/sitio\/"},{"@type":"ListItem","position":2,"name":"\u00a1Incomod\u00edsimo! El tenso cruce de Evangelina Anderson con Grego Rosello por Ian Lucas: \u201cNo nos vamos a hacer los bolu\u2026\u201d"}]},{"@type":"WebSite","@id":"http:\/\/cuartetoenlaweb.com.ar\/sitio\/#website","url":"http:\/\/cuartetoenlaweb.com.ar\/sitio\/","name":"Cuarteto en la Web","description":"","publisher":{"@id":"http:\/\/cuartetoenlaweb.com.ar\/sitio\/#organization"},"potentialAction":[{"@type":"SearchAction","target":{"@type":"EntryPoint","urlTemplate":"http:\/\/cuartetoenlaweb.com.ar\/sitio\/?s={search_term_string}"},"query-input":{"@type":"PropertyValueSpecification","valueRequired":true,"valueName":"search_term_string"}}],"inLanguage":"es"},{"@type":"Organization","@id":"http:\/\/cuartetoenlaweb.com.ar\/sitio\/#organization","name":"Cuarteto en la Web","url":"http:\/\/cuartetoenlaweb.com.ar\/sitio\/","logo":{"@type":"ImageObject","inLanguage":"es","@id":"http:\/\/cuartetoenlaweb.com.ar\/sitio\/#\/schema\/logo\/image\/","url":"http:\/\/cuartetoenlaweb.com.ar\/sitio\/wp-content\/uploads\/2025\/07\/cropped-cropped-logitoweb21.png","contentUrl":"http:\/\/cuartetoenlaweb.com.ar\/sitio\/wp-content\/uploads\/2025\/07\/cropped-cropped-logitoweb21.png","width":199,"height":199,"caption":"Cuarteto en la Web"},"image":{"@id":"http:\/\/cuartetoenlaweb.com.ar\/sitio\/#\/schema\/logo\/image\/"}}]}},"_links":{"self":[{"href":"http:\/\/cuartetoenlaweb.com.ar\/sitio\/wp-json\/wp\/v2\/posts\/14498","targetHints":{"allow":["GET"]}}],"collection":[{"href":"http:\/\/cuartetoenlaweb.com.ar\/sitio\/wp-json\/wp\/v2\/posts"}],"about":[{"href":"http:\/\/cuartetoenlaweb.com.ar\/sitio\/wp-json\/wp\/v2\/types\/post"}],"replies":[{"embeddable":true,"href":"http:\/\/cuartetoenlaweb.com.ar\/sitio\/wp-json\/wp\/v2\/comments?post=14498"}],"version-history":[{"count":0,"href":"http:\/\/cuartetoenlaweb.com.ar\/sitio\/wp-json\/wp\/v2\/posts\/14498\/revisions"}],"wp:featuredmedia":[{"embeddable":true,"href":"http:\/\/cuartetoenlaweb.com.ar\/sitio\/wp-json\/wp\/v2\/media\/14499"}],"wp:attachment":[{"href":"http:\/\/cuartetoenlaweb.com.ar\/sitio\/wp-json\/wp\/v2\/media?parent=14498"}],"wp:term":[{"taxonomy":"category","embeddable":true,"href":"http:\/\/cuartetoenlaweb.com.ar\/sitio\/wp-json\/wp\/v2\/categories?post=14498"},{"taxonomy":"post_tag","embeddable":true,"href":"http:\/\/cuartetoenlaweb.com.ar\/sitio\/wp-json\/wp\/v2\/tags?post=14498"}],"curies":[{"name":"wp","href":"https:\/\/api.w.org\/{rel}","templated":true}]}}