
{"id":14496,"date":"2026-03-13T22:59:43","date_gmt":"2026-03-14T01:59:43","guid":{"rendered":"https:\/\/cuartetoenlaweb.com.ar\/sitio\/gravisima-denuncia-contra-anama-ferreira-el-escandalo-inesperado-que-sacude-su-carrera\/"},"modified":"2026-03-13T22:59:43","modified_gmt":"2026-03-14T01:59:43","slug":"gravisima-denuncia-contra-anama-ferreira-el-escandalo-inesperado-que-sacude-su-carrera","status":"publish","type":"post","link":"http:\/\/cuartetoenlaweb.com.ar\/sitio\/gravisima-denuncia-contra-anama-ferreira-el-escandalo-inesperado-que-sacude-su-carrera\/","title":{"rendered":"Grav\u00edsima denuncia contra Anam\u00e1 Ferreira: el esc\u00e1ndalo inesperado que sacude su carrera"},"content":{"rendered":"<p>Una fuerte denuncia contra <strong>Anam\u00e1 Ferreira<\/strong> estall\u00f3 este viernes en <em>LAM <\/em>cuando <strong>Flor Cabrera<\/strong> decidi\u00f3 contar al aire una serie de episodios que, seg\u00fan asegur\u00f3, vivi\u00f3 con la hist\u00f3rica modelo y conductora. La ex participante de <em>Gran Hermano<\/em> habl\u00f3 de <strong>discriminaci\u00f3n, malos tratos e incluso de mensajes intimidantes<\/strong> que habr\u00edan marcado el quiebre total entre ambas.<\/p>\n<p>\u201cEs una persona que ya sabemos que <strong>es muy discriminadora<\/strong>, aunque en el ambiente digan que no. Yo estuve con ellas en varios paneles y tambi\u00e9n fui de invitada varias veces a sus programas, y la verdad es que no ten\u00eda ning\u00fan drama\u201d, lanz\u00f3 <a href=\"https:\/\/www.paparazzi.com.ar\/tag\/florencia-cabrera\/\" id=\"https:\/\/www.paparazzi.com.ar\/tag\/florencia-cabrera\/\">Cabrera <\/a>al aire en el ciclo de <em>Am\u00e9rica<\/em>.<\/p>\n<div class=\"mt-box \">\n<h4 class=\"mt-heading\">Mir\u00e1 Tambi\u00e9n<\/h4>\n<p><a href=\"https:\/\/www.paparazzi.com.ar\/teve\/la-bomba-que-anunciaron-en-el-trece-y-sacudio-a-todo-el-canal-esta-embarazada-no-lo-quiere-contar\/\"><\/p>\n<div class=\"mt-content\">\n<div class=\"mt-image-container\"><img decoding=\"async\" src=\"https:\/\/www.paparazzi.com.ar\/wp-content\/uploads\/2026\/03\/La-bomba-que-anunciaron-en-El-Trece-y-sacudio-a-todo-el-canal-Esta-embarazada-no-lo-quiere-contar-359x226.jpg\" alt=\"La bomba que anunciaron en El Trece y sacudi\u00f3 a todo el canal: &quot;Est\u00e1 embarazada, no lo quiere contar&quot;\" class=\"mt-image\" loading=\"lazy\" \/><\/div>\n<h5 class=\"mt-title\">La bomba que anunciaron en El Trece y sacudi\u00f3 a todo el canal: \u00abEst\u00e1 embarazada, no lo quiere contar\u00bb<\/h5>\n<\/div>\n<p><\/a><\/div>\n<p>Sin embargo, todo cambi\u00f3 entre las dos cuando <a href=\"https:\/\/www.paparazzi.com.ar\/tag\/anama-ferreira\/\" id=\"https:\/\/www.paparazzi.com.ar\/tag\/anama-ferreira\/\">Ferreira <\/a>empez\u00f3 a cuestionarla. \u201cDespu\u00e9s cuando se meti\u00f3 conmigo y  con mi laburo y ya ahora no hay relaci\u00f3n. Hizo <strong>comentarios desubicados<\/strong>\u201d, afirm\u00f3. Y sum\u00f3 una acusaci\u00f3n m\u00e1s fuerte: \u201cMe ha mandado hasta <strong>mensajes amenazadore<\/strong>s. Que yo haya arrancado hace poco en el ambiente no quiere decir que tenga que bancarme amenazas. Me dijo que no me cruce m\u00e1s porque no ten\u00eda m\u00e1s ganas de verme\u201d.<\/p>\n<p>La ex <em>GH <\/em>tambi\u00e9n record\u00f3 un episodio que, seg\u00fan su relato, ocurri\u00f3 en un evento en el que coincidieron. \u201cCuando me vio en el casamiento de Guillermo Barrios, me dijo: <strong>\u2018Qu\u00e9 asco, s\u00e1came a esta de la vista<\/strong>\u2019\u201d, cont\u00f3. Y cerr\u00f3: \u201cUstedes saben que trabajo como modelo de talles y le dije: \u2018Cuando quieras, si me quer\u00e9s tener en alg\u00fan desfile, no tengo drama\u2019. Y <strong>me dio a entender como que yo no serv\u00eda para los desfiles<\/strong>\u201d.\u00a0<\/p>\n<h2 class=\"wp-block-heading\">ANAM\u00c1 FERREIRA ESTALL\u00d3 TRAS EL ESC\u00c1NDALO DE CARMI\u00d1A EN GRAN HERMANO<\/h2>\n<p>Anam\u00e1 Ferreira <a href=\"https:\/\/www.paparazzi.com.ar\/teve\/anama-ferreira-contra-todos-por-el-racismo-en-gran-hermano\/\" id=\"https:\/\/www.paparazzi.com.ar\/teve\/anama-ferreira-contra-todos-por-el-racismo-en-gran-hermano\/\">se mostr\u00f3 muy impactada<\/a> tras lo que pas\u00f3 con <strong>Carmi\u00f1a Masi<\/strong>, expulsada de GH tras sus dichos racistas contra Mavinga, participante nacida en Congo. \u00abEn la verdad que estoy helada con lo ocurrido, un pa\u00eds maravilloso, infelizmente con gente de mierda. \u00bfSab\u00e9s cu\u00e1ntas veces pas\u00e9 por racismo en Argentina y nunca pas\u00f3 nada?\u201d.\u00a0<\/p>\n<p>\u201cNo s\u00e9 si festejar lo que pas\u00f3 para para poder mostrar la cara de gente como esta flaca racista, lo que hablan muchas veces de nosotras negras. O si ponerme triste porque s\u00e9 que esta mujer no representa la mayor parte del pueblo argentino\u201d, agreg\u00f3.&nbsp;<\/p>\n<div class=\"mt-box \">\n<h4 class=\"mt-heading\">Mir\u00e1 Tambi\u00e9n<\/h4>\n<p><a href=\"https:\/\/www.paparazzi.com.ar\/romances\/incomodisimo-el-tenso-cruce-de-evangelina-anderson-con-grego-rosello-por-ian-lucas-no-nos-vamos-a-hacer-los-bolu\/\"><\/p>\n<div class=\"mt-content\">\n<div class=\"mt-image-container\"><img decoding=\"async\" src=\"https:\/\/www.paparazzi.com.ar\/wp-content\/uploads\/2026\/03\/evangelina-anderson-grego-rosello-359x226.jpg\" alt=\"\u00a1Incomod\u00edsimo! El tenso cruce de Evangelina Anderson con Grego Rosello por Ian Lucas: \u201cNo nos vamos a hacer los bolu\u2026\u201d\" class=\"mt-image\" loading=\"lazy\" \/><\/div>\n<h5 class=\"mt-title\">\u00a1Incomod\u00edsimo! El tenso cruce de Evangelina Anderson con Grego Rosello por Ian Lucas: \u201cNo nos vamos a hacer los bolu\u2026\u201d<\/h5>\n<\/div>\n<p><\/a><\/div>\n<p>Luego de pedir \u201cjusticia por Jenny Mavinga\u201d, Anam\u00e1 dijo: \u00abComo mujer negra me siento representada por vos all\u00e1 adentro, mi amiga linda. Quer\u00eda poder ser una mosquita para poder hablarte en el o\u00eddo, para el circo prender fuego. Vamos a poner a estos racistas en su lugar, que deben estar presos. Hay que hacer justicia como hubo en Brasil este a\u00f1o. Fuera racismo\u00bb.<\/p>\n<p>The post <a href=\"https:\/\/www.paparazzi.com.ar\/teve\/gravisima-denuncia-contra-anama-ferreira-el-escandalo-inesperado-que-sacude-su-carrera\/\">Grav\u00edsima denuncia contra Anam\u00e1 Ferreira: el esc\u00e1ndalo inesperado que sacude su carrera<\/a> appeared first on <a href=\"https:\/\/www.paparazzi.com.ar\">Revista Paparazzi<\/a>.<\/p>\n","protected":false},"excerpt":{"rendered":"<p>Una fuerte denuncia contra Anam\u00e1 Ferreira estall\u00f3 este viernes en<\/p>\n","protected":false},"author":0,"featured_media":14497,"comment_status":"","ping_status":"","sticky":false,"template":"","format":"standard","meta":{"footnotes":""},"categories":[12],"tags":[],"class_list":["post-14496","post","type-post","status-publish","format-standard","has-post-thumbnail","hentry","category-espectaculo"],"yoast_head":"<!-- This site is optimized with the Yoast SEO plugin v27.5 - https:\/\/yoast.com\/product\/yoast-seo-wordpress\/ -->\n<title>Grav\u00edsima denuncia contra Anam\u00e1 Ferreira: el esc\u00e1ndalo inesperado que sacude su carrera - Cuarteto en la Web<\/title>\n<meta name=\"robots\" content=\"index, follow, max-snippet:-1, max-image-preview:large, max-video-preview:-1\" \/>\n<link rel=\"canonical\" href=\"https:\/\/cuartetoenlaweb.com.ar\/sitio\/gravisima-denuncia-contra-anama-ferreira-el-escandalo-inesperado-que-sacude-su-carrera\/\" \/>\n<meta property=\"og:locale\" content=\"es_ES\" \/>\n<meta property=\"og:type\" content=\"article\" \/>\n<meta property=\"og:title\" content=\"Grav\u00edsima denuncia contra Anam\u00e1 Ferreira: el esc\u00e1ndalo inesperado que sacude su carrera - Cuarteto en la Web\" \/>\n<meta property=\"og:description\" content=\"Una fuerte denuncia contra Anam\u00e1 Ferreira estall\u00f3 este viernes en\" \/>\n<meta property=\"og:url\" content=\"https:\/\/cuartetoenlaweb.com.ar\/sitio\/gravisima-denuncia-contra-anama-ferreira-el-escandalo-inesperado-que-sacude-su-carrera\/\" \/>\n<meta property=\"og:site_name\" content=\"Cuarteto en la Web\" \/>\n<meta property=\"article:published_time\" content=\"2026-03-14T01:59:43+00:00\" \/>\n<meta property=\"og:image\" content=\"https:\/\/cuartetoenlaweb.com.ar\/sitio\/wp-content\/uploads\/2026\/03\/La-bomba-que-anunciaron-en-El-Trece-y-sacudio-a-todo-el-canal-Esta-embarazada-no-lo-quiere-contar-359x226-1.jpg\" \/>\n\t<meta property=\"og:image:width\" content=\"359\" \/>\n\t<meta property=\"og:image:height\" content=\"226\" \/>\n\t<meta property=\"og:image:type\" content=\"image\/jpeg\" \/>\n<meta name=\"twitter:card\" content=\"summary_large_image\" \/>\n<meta name=\"twitter:label1\" content=\"Tiempo de lectura\" \/>\n\t<meta name=\"twitter:data1\" content=\"3 minutos\" \/>\n<script type=\"application\/ld+json\" class=\"yoast-schema-graph\">{\"@context\":\"https:\\\/\\\/schema.org\",\"@graph\":[{\"@type\":\"Article\",\"@id\":\"https:\\\/\\\/cuartetoenlaweb.com.ar\\\/sitio\\\/gravisima-denuncia-contra-anama-ferreira-el-escandalo-inesperado-que-sacude-su-carrera\\\/#article\",\"isPartOf\":{\"@id\":\"https:\\\/\\\/cuartetoenlaweb.com.ar\\\/sitio\\\/gravisima-denuncia-contra-anama-ferreira-el-escandalo-inesperado-que-sacude-su-carrera\\\/\"},\"author\":{\"name\":\"\",\"@id\":\"\"},\"headline\":\"Grav\u00edsima denuncia contra Anam\u00e1 Ferreira: el esc\u00e1ndalo inesperado que sacude su carrera\",\"datePublished\":\"2026-03-14T01:59:43+00:00\",\"mainEntityOfPage\":{\"@id\":\"https:\\\/\\\/cuartetoenlaweb.com.ar\\\/sitio\\\/gravisima-denuncia-contra-anama-ferreira-el-escandalo-inesperado-que-sacude-su-carrera\\\/\"},\"wordCount\":545,\"publisher\":{\"@id\":\"http:\\\/\\\/cuartetoenlaweb.com.ar\\\/sitio\\\/#organization\"},\"image\":{\"@id\":\"https:\\\/\\\/cuartetoenlaweb.com.ar\\\/sitio\\\/gravisima-denuncia-contra-anama-ferreira-el-escandalo-inesperado-que-sacude-su-carrera\\\/#primaryimage\"},\"thumbnailUrl\":\"http:\\\/\\\/cuartetoenlaweb.com.ar\\\/sitio\\\/wp-content\\\/uploads\\\/2026\\\/03\\\/La-bomba-que-anunciaron-en-El-Trece-y-sacudio-a-todo-el-canal-Esta-embarazada-no-lo-quiere-contar-359x226-1.jpg\",\"articleSection\":[\"ESPECT\u00c1CULO\"],\"inLanguage\":\"es\"},{\"@type\":\"WebPage\",\"@id\":\"https:\\\/\\\/cuartetoenlaweb.com.ar\\\/sitio\\\/gravisima-denuncia-contra-anama-ferreira-el-escandalo-inesperado-que-sacude-su-carrera\\\/\",\"url\":\"https:\\\/\\\/cuartetoenlaweb.com.ar\\\/sitio\\\/gravisima-denuncia-contra-anama-ferreira-el-escandalo-inesperado-que-sacude-su-carrera\\\/\",\"name\":\"Grav\u00edsima denuncia contra Anam\u00e1 Ferreira: el esc\u00e1ndalo inesperado que sacude su carrera - Cuarteto en la Web\",\"isPartOf\":{\"@id\":\"http:\\\/\\\/cuartetoenlaweb.com.ar\\\/sitio\\\/#website\"},\"primaryImageOfPage\":{\"@id\":\"https:\\\/\\\/cuartetoenlaweb.com.ar\\\/sitio\\\/gravisima-denuncia-contra-anama-ferreira-el-escandalo-inesperado-que-sacude-su-carrera\\\/#primaryimage\"},\"image\":{\"@id\":\"https:\\\/\\\/cuartetoenlaweb.com.ar\\\/sitio\\\/gravisima-denuncia-contra-anama-ferreira-el-escandalo-inesperado-que-sacude-su-carrera\\\/#primaryimage\"},\"thumbnailUrl\":\"http:\\\/\\\/cuartetoenlaweb.com.ar\\\/sitio\\\/wp-content\\\/uploads\\\/2026\\\/03\\\/La-bomba-que-anunciaron-en-El-Trece-y-sacudio-a-todo-el-canal-Esta-embarazada-no-lo-quiere-contar-359x226-1.jpg\",\"datePublished\":\"2026-03-14T01:59:43+00:00\",\"breadcrumb\":{\"@id\":\"https:\\\/\\\/cuartetoenlaweb.com.ar\\\/sitio\\\/gravisima-denuncia-contra-anama-ferreira-el-escandalo-inesperado-que-sacude-su-carrera\\\/#breadcrumb\"},\"inLanguage\":\"es\",\"potentialAction\":[{\"@type\":\"ReadAction\",\"target\":[\"https:\\\/\\\/cuartetoenlaweb.com.ar\\\/sitio\\\/gravisima-denuncia-contra-anama-ferreira-el-escandalo-inesperado-que-sacude-su-carrera\\\/\"]}]},{\"@type\":\"ImageObject\",\"inLanguage\":\"es\",\"@id\":\"https:\\\/\\\/cuartetoenlaweb.com.ar\\\/sitio\\\/gravisima-denuncia-contra-anama-ferreira-el-escandalo-inesperado-que-sacude-su-carrera\\\/#primaryimage\",\"url\":\"http:\\\/\\\/cuartetoenlaweb.com.ar\\\/sitio\\\/wp-content\\\/uploads\\\/2026\\\/03\\\/La-bomba-que-anunciaron-en-El-Trece-y-sacudio-a-todo-el-canal-Esta-embarazada-no-lo-quiere-contar-359x226-1.jpg\",\"contentUrl\":\"http:\\\/\\\/cuartetoenlaweb.com.ar\\\/sitio\\\/wp-content\\\/uploads\\\/2026\\\/03\\\/La-bomba-que-anunciaron-en-El-Trece-y-sacudio-a-todo-el-canal-Esta-embarazada-no-lo-quiere-contar-359x226-1.jpg\",\"width\":359,\"height\":226},{\"@type\":\"BreadcrumbList\",\"@id\":\"https:\\\/\\\/cuartetoenlaweb.com.ar\\\/sitio\\\/gravisima-denuncia-contra-anama-ferreira-el-escandalo-inesperado-que-sacude-su-carrera\\\/#breadcrumb\",\"itemListElement\":[{\"@type\":\"ListItem\",\"position\":1,\"name\":\"Portada\",\"item\":\"http:\\\/\\\/cuartetoenlaweb.com.ar\\\/sitio\\\/\"},{\"@type\":\"ListItem\",\"position\":2,\"name\":\"Grav\u00edsima denuncia contra Anam\u00e1 Ferreira: el esc\u00e1ndalo inesperado que sacude su carrera\"}]},{\"@type\":\"WebSite\",\"@id\":\"http:\\\/\\\/cuartetoenlaweb.com.ar\\\/sitio\\\/#website\",\"url\":\"http:\\\/\\\/cuartetoenlaweb.com.ar\\\/sitio\\\/\",\"name\":\"Cuarteto en la Web\",\"description\":\"\",\"publisher\":{\"@id\":\"http:\\\/\\\/cuartetoenlaweb.com.ar\\\/sitio\\\/#organization\"},\"potentialAction\":[{\"@type\":\"SearchAction\",\"target\":{\"@type\":\"EntryPoint\",\"urlTemplate\":\"http:\\\/\\\/cuartetoenlaweb.com.ar\\\/sitio\\\/?s={search_term_string}\"},\"query-input\":{\"@type\":\"PropertyValueSpecification\",\"valueRequired\":true,\"valueName\":\"search_term_string\"}}],\"inLanguage\":\"es\"},{\"@type\":\"Organization\",\"@id\":\"http:\\\/\\\/cuartetoenlaweb.com.ar\\\/sitio\\\/#organization\",\"name\":\"Cuarteto en la Web\",\"url\":\"http:\\\/\\\/cuartetoenlaweb.com.ar\\\/sitio\\\/\",\"logo\":{\"@type\":\"ImageObject\",\"inLanguage\":\"es\",\"@id\":\"http:\\\/\\\/cuartetoenlaweb.com.ar\\\/sitio\\\/#\\\/schema\\\/logo\\\/image\\\/\",\"url\":\"http:\\\/\\\/cuartetoenlaweb.com.ar\\\/sitio\\\/wp-content\\\/uploads\\\/2025\\\/07\\\/cropped-cropped-logitoweb21.png\",\"contentUrl\":\"http:\\\/\\\/cuartetoenlaweb.com.ar\\\/sitio\\\/wp-content\\\/uploads\\\/2025\\\/07\\\/cropped-cropped-logitoweb21.png\",\"width\":199,\"height\":199,\"caption\":\"Cuarteto en la Web\"},\"image\":{\"@id\":\"http:\\\/\\\/cuartetoenlaweb.com.ar\\\/sitio\\\/#\\\/schema\\\/logo\\\/image\\\/\"}}]}<\/script>\n<!-- \/ Yoast SEO plugin. -->","yoast_head_json":{"title":"Grav\u00edsima denuncia contra Anam\u00e1 Ferreira: el esc\u00e1ndalo inesperado que sacude su carrera - Cuarteto en la Web","robots":{"index":"index","follow":"follow","max-snippet":"max-snippet:-1","max-image-preview":"max-image-preview:large","max-video-preview":"max-video-preview:-1"},"canonical":"https:\/\/cuartetoenlaweb.com.ar\/sitio\/gravisima-denuncia-contra-anama-ferreira-el-escandalo-inesperado-que-sacude-su-carrera\/","og_locale":"es_ES","og_type":"article","og_title":"Grav\u00edsima denuncia contra Anam\u00e1 Ferreira: el esc\u00e1ndalo inesperado que sacude su carrera - Cuarteto en la Web","og_description":"Una fuerte denuncia contra Anam\u00e1 Ferreira estall\u00f3 este viernes en","og_url":"https:\/\/cuartetoenlaweb.com.ar\/sitio\/gravisima-denuncia-contra-anama-ferreira-el-escandalo-inesperado-que-sacude-su-carrera\/","og_site_name":"Cuarteto en la Web","article_published_time":"2026-03-14T01:59:43+00:00","og_image":[{"width":359,"height":226,"url":"https:\/\/cuartetoenlaweb.com.ar\/sitio\/wp-content\/uploads\/2026\/03\/La-bomba-que-anunciaron-en-El-Trece-y-sacudio-a-todo-el-canal-Esta-embarazada-no-lo-quiere-contar-359x226-1.jpg","type":"image\/jpeg"}],"twitter_card":"summary_large_image","twitter_misc":{"Tiempo de lectura":"3 minutos"},"schema":{"@context":"https:\/\/schema.org","@graph":[{"@type":"Article","@id":"https:\/\/cuartetoenlaweb.com.ar\/sitio\/gravisima-denuncia-contra-anama-ferreira-el-escandalo-inesperado-que-sacude-su-carrera\/#article","isPartOf":{"@id":"https:\/\/cuartetoenlaweb.com.ar\/sitio\/gravisima-denuncia-contra-anama-ferreira-el-escandalo-inesperado-que-sacude-su-carrera\/"},"author":{"name":"","@id":""},"headline":"Grav\u00edsima denuncia contra Anam\u00e1 Ferreira: el esc\u00e1ndalo inesperado que sacude su carrera","datePublished":"2026-03-14T01:59:43+00:00","mainEntityOfPage":{"@id":"https:\/\/cuartetoenlaweb.com.ar\/sitio\/gravisima-denuncia-contra-anama-ferreira-el-escandalo-inesperado-que-sacude-su-carrera\/"},"wordCount":545,"publisher":{"@id":"http:\/\/cuartetoenlaweb.com.ar\/sitio\/#organization"},"image":{"@id":"https:\/\/cuartetoenlaweb.com.ar\/sitio\/gravisima-denuncia-contra-anama-ferreira-el-escandalo-inesperado-que-sacude-su-carrera\/#primaryimage"},"thumbnailUrl":"http:\/\/cuartetoenlaweb.com.ar\/sitio\/wp-content\/uploads\/2026\/03\/La-bomba-que-anunciaron-en-El-Trece-y-sacudio-a-todo-el-canal-Esta-embarazada-no-lo-quiere-contar-359x226-1.jpg","articleSection":["ESPECT\u00c1CULO"],"inLanguage":"es"},{"@type":"WebPage","@id":"https:\/\/cuartetoenlaweb.com.ar\/sitio\/gravisima-denuncia-contra-anama-ferreira-el-escandalo-inesperado-que-sacude-su-carrera\/","url":"https:\/\/cuartetoenlaweb.com.ar\/sitio\/gravisima-denuncia-contra-anama-ferreira-el-escandalo-inesperado-que-sacude-su-carrera\/","name":"Grav\u00edsima denuncia contra Anam\u00e1 Ferreira: el esc\u00e1ndalo inesperado que sacude su carrera - Cuarteto en la Web","isPartOf":{"@id":"http:\/\/cuartetoenlaweb.com.ar\/sitio\/#website"},"primaryImageOfPage":{"@id":"https:\/\/cuartetoenlaweb.com.ar\/sitio\/gravisima-denuncia-contra-anama-ferreira-el-escandalo-inesperado-que-sacude-su-carrera\/#primaryimage"},"image":{"@id":"https:\/\/cuartetoenlaweb.com.ar\/sitio\/gravisima-denuncia-contra-anama-ferreira-el-escandalo-inesperado-que-sacude-su-carrera\/#primaryimage"},"thumbnailUrl":"http:\/\/cuartetoenlaweb.com.ar\/sitio\/wp-content\/uploads\/2026\/03\/La-bomba-que-anunciaron-en-El-Trece-y-sacudio-a-todo-el-canal-Esta-embarazada-no-lo-quiere-contar-359x226-1.jpg","datePublished":"2026-03-14T01:59:43+00:00","breadcrumb":{"@id":"https:\/\/cuartetoenlaweb.com.ar\/sitio\/gravisima-denuncia-contra-anama-ferreira-el-escandalo-inesperado-que-sacude-su-carrera\/#breadcrumb"},"inLanguage":"es","potentialAction":[{"@type":"ReadAction","target":["https:\/\/cuartetoenlaweb.com.ar\/sitio\/gravisima-denuncia-contra-anama-ferreira-el-escandalo-inesperado-que-sacude-su-carrera\/"]}]},{"@type":"ImageObject","inLanguage":"es","@id":"https:\/\/cuartetoenlaweb.com.ar\/sitio\/gravisima-denuncia-contra-anama-ferreira-el-escandalo-inesperado-que-sacude-su-carrera\/#primaryimage","url":"http:\/\/cuartetoenlaweb.com.ar\/sitio\/wp-content\/uploads\/2026\/03\/La-bomba-que-anunciaron-en-El-Trece-y-sacudio-a-todo-el-canal-Esta-embarazada-no-lo-quiere-contar-359x226-1.jpg","contentUrl":"http:\/\/cuartetoenlaweb.com.ar\/sitio\/wp-content\/uploads\/2026\/03\/La-bomba-que-anunciaron-en-El-Trece-y-sacudio-a-todo-el-canal-Esta-embarazada-no-lo-quiere-contar-359x226-1.jpg","width":359,"height":226},{"@type":"BreadcrumbList","@id":"https:\/\/cuartetoenlaweb.com.ar\/sitio\/gravisima-denuncia-contra-anama-ferreira-el-escandalo-inesperado-que-sacude-su-carrera\/#breadcrumb","itemListElement":[{"@type":"ListItem","position":1,"name":"Portada","item":"http:\/\/cuartetoenlaweb.com.ar\/sitio\/"},{"@type":"ListItem","position":2,"name":"Grav\u00edsima denuncia contra Anam\u00e1 Ferreira: el esc\u00e1ndalo inesperado que sacude su carrera"}]},{"@type":"WebSite","@id":"http:\/\/cuartetoenlaweb.com.ar\/sitio\/#website","url":"http:\/\/cuartetoenlaweb.com.ar\/sitio\/","name":"Cuarteto en la Web","description":"","publisher":{"@id":"http:\/\/cuartetoenlaweb.com.ar\/sitio\/#organization"},"potentialAction":[{"@type":"SearchAction","target":{"@type":"EntryPoint","urlTemplate":"http:\/\/cuartetoenlaweb.com.ar\/sitio\/?s={search_term_string}"},"query-input":{"@type":"PropertyValueSpecification","valueRequired":true,"valueName":"search_term_string"}}],"inLanguage":"es"},{"@type":"Organization","@id":"http:\/\/cuartetoenlaweb.com.ar\/sitio\/#organization","name":"Cuarteto en la Web","url":"http:\/\/cuartetoenlaweb.com.ar\/sitio\/","logo":{"@type":"ImageObject","inLanguage":"es","@id":"http:\/\/cuartetoenlaweb.com.ar\/sitio\/#\/schema\/logo\/image\/","url":"http:\/\/cuartetoenlaweb.com.ar\/sitio\/wp-content\/uploads\/2025\/07\/cropped-cropped-logitoweb21.png","contentUrl":"http:\/\/cuartetoenlaweb.com.ar\/sitio\/wp-content\/uploads\/2025\/07\/cropped-cropped-logitoweb21.png","width":199,"height":199,"caption":"Cuarteto en la Web"},"image":{"@id":"http:\/\/cuartetoenlaweb.com.ar\/sitio\/#\/schema\/logo\/image\/"}}]}},"_links":{"self":[{"href":"http:\/\/cuartetoenlaweb.com.ar\/sitio\/wp-json\/wp\/v2\/posts\/14496","targetHints":{"allow":["GET"]}}],"collection":[{"href":"http:\/\/cuartetoenlaweb.com.ar\/sitio\/wp-json\/wp\/v2\/posts"}],"about":[{"href":"http:\/\/cuartetoenlaweb.com.ar\/sitio\/wp-json\/wp\/v2\/types\/post"}],"replies":[{"embeddable":true,"href":"http:\/\/cuartetoenlaweb.com.ar\/sitio\/wp-json\/wp\/v2\/comments?post=14496"}],"version-history":[{"count":0,"href":"http:\/\/cuartetoenlaweb.com.ar\/sitio\/wp-json\/wp\/v2\/posts\/14496\/revisions"}],"wp:featuredmedia":[{"embeddable":true,"href":"http:\/\/cuartetoenlaweb.com.ar\/sitio\/wp-json\/wp\/v2\/media\/14497"}],"wp:attachment":[{"href":"http:\/\/cuartetoenlaweb.com.ar\/sitio\/wp-json\/wp\/v2\/media?parent=14496"}],"wp:term":[{"taxonomy":"category","embeddable":true,"href":"http:\/\/cuartetoenlaweb.com.ar\/sitio\/wp-json\/wp\/v2\/categories?post=14496"},{"taxonomy":"post_tag","embeddable":true,"href":"http:\/\/cuartetoenlaweb.com.ar\/sitio\/wp-json\/wp\/v2\/tags?post=14496"}],"curies":[{"name":"wp","href":"https:\/\/api.w.org\/{rel}","templated":true}]}}