
{"id":14490,"date":"2026-03-13T10:01:21","date_gmt":"2026-03-13T13:01:21","guid":{"rendered":"https:\/\/cuartetoenlaweb.com.ar\/sitio\/los-asesinos-de-un-menor-en-barrio-la-paz-iran-a-juicio-por-jurado\/"},"modified":"2026-03-13T10:01:21","modified_gmt":"2026-03-13T13:01:21","slug":"los-asesinos-de-un-menor-en-barrio-la-paz-iran-a-juicio-por-jurado","status":"publish","type":"post","link":"http:\/\/cuartetoenlaweb.com.ar\/sitio\/los-asesinos-de-un-menor-en-barrio-la-paz-iran-a-juicio-por-jurado\/","title":{"rendered":"Los asesinos de un menor en barrio La Paz, ir\u00e1n a juicio por jurado"},"content":{"rendered":"<p>Dos hermanos llegar\u00e1n a juicio acusados de homicidio agravado y ser\u00e1n juzgados mediante el sistema de jurado popular. El hecho ocurri\u00f3 en el barrio La Paz y la v\u00edctima fue un adolescente de 15 a\u00f1os.<\/p>\n<p>Los acusados se encuentran detenidos con prisi\u00f3n preventiva por el homicidio ocurrido el pasado 11 de agosto en la zona sudeste de la ciudad de Salta.<\/p>\n<p>El fiscal penal 2, Gabriel Gonz\u00e1lez, requiri\u00f3 juicio ante el Juzgado de Garant\u00edas 2 del Distrito Judicial Centro para Gustavo Mauricio Jos\u00e9 G\u00f3mez, imputado como autor del delito de homicidio calificado por alevos\u00eda, y para Jorge Ra\u00fal G\u00f3mez, acusado como part\u00edcipe necesario del mismo delito, en perjuicio de Bautista Benjam\u00edn Mamani, de 15 a\u00f1os, conforme a lo previsto en los art\u00edculos 80 inciso 2 y 45 del C\u00f3digo Penal.<\/p>\n<p>En el requerimiento, el fiscal Gonz\u00e1lez expone los informes m\u00e9dicos, testimonios, relevamientos de c\u00e1maras de seguridad, informes periciales y todas las medidas producidas durante la investigaci\u00f3n penal preparatoria, que -seg\u00fan sostiene- constituyen el grado de convicci\u00f3n suficiente para solicitar que la causa sea elevada a juicio.<\/p>\n<p><strong>La noche del crimen<\/strong><\/p>\n<p>De acuerdo con la hip\u00f3tesis fiscal, el hecho ocurri\u00f3 el 11 de agosto de 2025 alrededor de las 22.40, en el play\u00f3n deportivo ubicado en inmediaciones de la manzana 457 \u00abC\u00bb del barrio La Paz, en la ciudad de Salta, donde se origin\u00f3 una gresca entre dos grupos de j\u00f3venes.<\/p>\n<p>Cuando el adolescente intentaba retirarse del lugar a bordo de su motocicleta, fue interceptado por los acusados, quienes habr\u00edan actuado de forma coordinada, circunstancia que redujo significativamente las posibilidades de defensa de la v\u00edctima.<\/p>\n<p>En ese contexto, uno de los imputados lo habr\u00eda agredido f\u00edsicamente, mientras que el otro le asest\u00f3 una pu\u00f1alada en la zona del pecho con un arma blanca, provoc\u00e1ndole una lesi\u00f3n mortal.<\/p>\n<p>Agravante de alevos\u00eda<\/p>\n<p>La modalidad del ataque, ejecutado de manera s\u00fabita y aprovechando la situaci\u00f3n de vulnerabilidad de la v\u00edctima, es considerada por la Fiscal\u00eda como configurativa de la agravante de alevos\u00eda prevista en el C\u00f3digo Penal.<\/p>\n<p>Tras la agresi\u00f3n, el adolescente logr\u00f3 desplazarse en su motocicleta hasta las inmediaciones de su domicilio, donde fue auxiliado por familiares y trasladado al hospital Papa Francisco, donde ingres\u00f3 sin vida.<\/p>\n<p>La autopsia determin\u00f3 que la causa de muerte fue un shock hipovol\u00e9mico y taponamiento card\u00edaco provocado por una lesi\u00f3n de arma. El fiscal Gonz\u00e1lez se\u00f1al\u00f3 adem\u00e1s que la causa, de acuerdo con lo establecido por la Ley 8478 de implementaci\u00f3n del juicio por jurados en materia penal en la provincia, ser\u00e1 juzgada bajo esa modalidad.<\/p><\/p>\n","protected":false},"excerpt":{"rendered":"<p>Dos hermanos llegar\u00e1n a juicio acusados de homicidio agravado y<\/p>\n","protected":false},"author":0,"featured_media":14491,"comment_status":"","ping_status":"","sticky":false,"template":"","format":"standard","meta":{"footnotes":""},"categories":[65],"tags":[],"class_list":["post-14490","post","type-post","status-publish","format-standard","has-post-thumbnail","hentry","category-pais"],"yoast_head":"<!-- This site is optimized with the Yoast SEO plugin v27.5 - https:\/\/yoast.com\/product\/yoast-seo-wordpress\/ -->\n<title>Los asesinos de un menor en barrio La Paz, ir\u00e1n a juicio por jurado - Cuarteto en la Web<\/title>\n<meta name=\"robots\" content=\"index, follow, max-snippet:-1, max-image-preview:large, max-video-preview:-1\" \/>\n<link rel=\"canonical\" href=\"http:\/\/cuartetoenlaweb.com.ar\/sitio\/los-asesinos-de-un-menor-en-barrio-la-paz-iran-a-juicio-por-jurado\/\" \/>\n<meta property=\"og:locale\" content=\"es_ES\" \/>\n<meta property=\"og:type\" content=\"article\" \/>\n<meta property=\"og:title\" content=\"Los asesinos de un menor en barrio La Paz, ir\u00e1n a juicio por jurado - Cuarteto en la Web\" \/>\n<meta property=\"og:description\" content=\"Dos hermanos llegar\u00e1n a juicio acusados de homicidio agravado y\" \/>\n<meta property=\"og:url\" content=\"http:\/\/cuartetoenlaweb.com.ar\/sitio\/los-asesinos-de-un-menor-en-barrio-la-paz-iran-a-juicio-por-jurado\/\" \/>\n<meta property=\"og:site_name\" content=\"Cuarteto en la Web\" \/>\n<meta property=\"article:published_time\" content=\"2026-03-13T13:01:21+00:00\" \/>\n<meta property=\"og:image\" content=\"http:\/\/cuartetoenlaweb.com.ar\/sitio\/wp-content\/uploads\/2026\/03\/portadax-94.png\" \/>\n\t<meta property=\"og:image:width\" content=\"1366\" \/>\n\t<meta property=\"og:image:height\" content=\"768\" \/>\n\t<meta property=\"og:image:type\" content=\"image\/png\" \/>\n<meta name=\"twitter:card\" content=\"summary_large_image\" \/>\n<meta name=\"twitter:label1\" content=\"Tiempo de lectura\" \/>\n\t<meta name=\"twitter:data1\" content=\"2 minutos\" \/>\n<script type=\"application\/ld+json\" class=\"yoast-schema-graph\">{\"@context\":\"https:\\\/\\\/schema.org\",\"@graph\":[{\"@type\":\"Article\",\"@id\":\"http:\\\/\\\/cuartetoenlaweb.com.ar\\\/sitio\\\/los-asesinos-de-un-menor-en-barrio-la-paz-iran-a-juicio-por-jurado\\\/#article\",\"isPartOf\":{\"@id\":\"http:\\\/\\\/cuartetoenlaweb.com.ar\\\/sitio\\\/los-asesinos-de-un-menor-en-barrio-la-paz-iran-a-juicio-por-jurado\\\/\"},\"author\":{\"name\":\"\",\"@id\":\"\"},\"headline\":\"Los asesinos de un menor en barrio La Paz, ir\u00e1n a juicio por jurado\",\"datePublished\":\"2026-03-13T13:01:21+00:00\",\"mainEntityOfPage\":{\"@id\":\"http:\\\/\\\/cuartetoenlaweb.com.ar\\\/sitio\\\/los-asesinos-de-un-menor-en-barrio-la-paz-iran-a-juicio-por-jurado\\\/\"},\"wordCount\":467,\"publisher\":{\"@id\":\"http:\\\/\\\/cuartetoenlaweb.com.ar\\\/sitio\\\/#organization\"},\"image\":{\"@id\":\"http:\\\/\\\/cuartetoenlaweb.com.ar\\\/sitio\\\/los-asesinos-de-un-menor-en-barrio-la-paz-iran-a-juicio-por-jurado\\\/#primaryimage\"},\"thumbnailUrl\":\"http:\\\/\\\/cuartetoenlaweb.com.ar\\\/sitio\\\/wp-content\\\/uploads\\\/2026\\\/03\\\/portadax-94.png\",\"articleSection\":[\"PAIS\"],\"inLanguage\":\"es\"},{\"@type\":\"WebPage\",\"@id\":\"http:\\\/\\\/cuartetoenlaweb.com.ar\\\/sitio\\\/los-asesinos-de-un-menor-en-barrio-la-paz-iran-a-juicio-por-jurado\\\/\",\"url\":\"http:\\\/\\\/cuartetoenlaweb.com.ar\\\/sitio\\\/los-asesinos-de-un-menor-en-barrio-la-paz-iran-a-juicio-por-jurado\\\/\",\"name\":\"Los asesinos de un menor en barrio La Paz, ir\u00e1n a juicio por jurado - Cuarteto en la Web\",\"isPartOf\":{\"@id\":\"http:\\\/\\\/cuartetoenlaweb.com.ar\\\/sitio\\\/#website\"},\"primaryImageOfPage\":{\"@id\":\"http:\\\/\\\/cuartetoenlaweb.com.ar\\\/sitio\\\/los-asesinos-de-un-menor-en-barrio-la-paz-iran-a-juicio-por-jurado\\\/#primaryimage\"},\"image\":{\"@id\":\"http:\\\/\\\/cuartetoenlaweb.com.ar\\\/sitio\\\/los-asesinos-de-un-menor-en-barrio-la-paz-iran-a-juicio-por-jurado\\\/#primaryimage\"},\"thumbnailUrl\":\"http:\\\/\\\/cuartetoenlaweb.com.ar\\\/sitio\\\/wp-content\\\/uploads\\\/2026\\\/03\\\/portadax-94.png\",\"datePublished\":\"2026-03-13T13:01:21+00:00\",\"breadcrumb\":{\"@id\":\"http:\\\/\\\/cuartetoenlaweb.com.ar\\\/sitio\\\/los-asesinos-de-un-menor-en-barrio-la-paz-iran-a-juicio-por-jurado\\\/#breadcrumb\"},\"inLanguage\":\"es\",\"potentialAction\":[{\"@type\":\"ReadAction\",\"target\":[\"http:\\\/\\\/cuartetoenlaweb.com.ar\\\/sitio\\\/los-asesinos-de-un-menor-en-barrio-la-paz-iran-a-juicio-por-jurado\\\/\"]}]},{\"@type\":\"ImageObject\",\"inLanguage\":\"es\",\"@id\":\"http:\\\/\\\/cuartetoenlaweb.com.ar\\\/sitio\\\/los-asesinos-de-un-menor-en-barrio-la-paz-iran-a-juicio-por-jurado\\\/#primaryimage\",\"url\":\"http:\\\/\\\/cuartetoenlaweb.com.ar\\\/sitio\\\/wp-content\\\/uploads\\\/2026\\\/03\\\/portadax-94.png\",\"contentUrl\":\"http:\\\/\\\/cuartetoenlaweb.com.ar\\\/sitio\\\/wp-content\\\/uploads\\\/2026\\\/03\\\/portadax-94.png\",\"width\":1366,\"height\":768},{\"@type\":\"BreadcrumbList\",\"@id\":\"http:\\\/\\\/cuartetoenlaweb.com.ar\\\/sitio\\\/los-asesinos-de-un-menor-en-barrio-la-paz-iran-a-juicio-por-jurado\\\/#breadcrumb\",\"itemListElement\":[{\"@type\":\"ListItem\",\"position\":1,\"name\":\"Portada\",\"item\":\"http:\\\/\\\/cuartetoenlaweb.com.ar\\\/sitio\\\/\"},{\"@type\":\"ListItem\",\"position\":2,\"name\":\"Los asesinos de un menor en barrio La Paz, ir\u00e1n a juicio por jurado\"}]},{\"@type\":\"WebSite\",\"@id\":\"http:\\\/\\\/cuartetoenlaweb.com.ar\\\/sitio\\\/#website\",\"url\":\"http:\\\/\\\/cuartetoenlaweb.com.ar\\\/sitio\\\/\",\"name\":\"Cuarteto en la Web\",\"description\":\"\",\"publisher\":{\"@id\":\"http:\\\/\\\/cuartetoenlaweb.com.ar\\\/sitio\\\/#organization\"},\"potentialAction\":[{\"@type\":\"SearchAction\",\"target\":{\"@type\":\"EntryPoint\",\"urlTemplate\":\"http:\\\/\\\/cuartetoenlaweb.com.ar\\\/sitio\\\/?s={search_term_string}\"},\"query-input\":{\"@type\":\"PropertyValueSpecification\",\"valueRequired\":true,\"valueName\":\"search_term_string\"}}],\"inLanguage\":\"es\"},{\"@type\":\"Organization\",\"@id\":\"http:\\\/\\\/cuartetoenlaweb.com.ar\\\/sitio\\\/#organization\",\"name\":\"Cuarteto en la Web\",\"url\":\"http:\\\/\\\/cuartetoenlaweb.com.ar\\\/sitio\\\/\",\"logo\":{\"@type\":\"ImageObject\",\"inLanguage\":\"es\",\"@id\":\"http:\\\/\\\/cuartetoenlaweb.com.ar\\\/sitio\\\/#\\\/schema\\\/logo\\\/image\\\/\",\"url\":\"http:\\\/\\\/cuartetoenlaweb.com.ar\\\/sitio\\\/wp-content\\\/uploads\\\/2025\\\/07\\\/cropped-cropped-logitoweb21.png\",\"contentUrl\":\"http:\\\/\\\/cuartetoenlaweb.com.ar\\\/sitio\\\/wp-content\\\/uploads\\\/2025\\\/07\\\/cropped-cropped-logitoweb21.png\",\"width\":199,\"height\":199,\"caption\":\"Cuarteto en la Web\"},\"image\":{\"@id\":\"http:\\\/\\\/cuartetoenlaweb.com.ar\\\/sitio\\\/#\\\/schema\\\/logo\\\/image\\\/\"}}]}<\/script>\n<!-- \/ Yoast SEO plugin. -->","yoast_head_json":{"title":"Los asesinos de un menor en barrio La Paz, ir\u00e1n a juicio por jurado - Cuarteto en la Web","robots":{"index":"index","follow":"follow","max-snippet":"max-snippet:-1","max-image-preview":"max-image-preview:large","max-video-preview":"max-video-preview:-1"},"canonical":"http:\/\/cuartetoenlaweb.com.ar\/sitio\/los-asesinos-de-un-menor-en-barrio-la-paz-iran-a-juicio-por-jurado\/","og_locale":"es_ES","og_type":"article","og_title":"Los asesinos de un menor en barrio La Paz, ir\u00e1n a juicio por jurado - Cuarteto en la Web","og_description":"Dos hermanos llegar\u00e1n a juicio acusados de homicidio agravado y","og_url":"http:\/\/cuartetoenlaweb.com.ar\/sitio\/los-asesinos-de-un-menor-en-barrio-la-paz-iran-a-juicio-por-jurado\/","og_site_name":"Cuarteto en la Web","article_published_time":"2026-03-13T13:01:21+00:00","og_image":[{"width":1366,"height":768,"url":"http:\/\/cuartetoenlaweb.com.ar\/sitio\/wp-content\/uploads\/2026\/03\/portadax-94.png","type":"image\/png"}],"twitter_card":"summary_large_image","twitter_misc":{"Tiempo de lectura":"2 minutos"},"schema":{"@context":"https:\/\/schema.org","@graph":[{"@type":"Article","@id":"http:\/\/cuartetoenlaweb.com.ar\/sitio\/los-asesinos-de-un-menor-en-barrio-la-paz-iran-a-juicio-por-jurado\/#article","isPartOf":{"@id":"http:\/\/cuartetoenlaweb.com.ar\/sitio\/los-asesinos-de-un-menor-en-barrio-la-paz-iran-a-juicio-por-jurado\/"},"author":{"name":"","@id":""},"headline":"Los asesinos de un menor en barrio La Paz, ir\u00e1n a juicio por jurado","datePublished":"2026-03-13T13:01:21+00:00","mainEntityOfPage":{"@id":"http:\/\/cuartetoenlaweb.com.ar\/sitio\/los-asesinos-de-un-menor-en-barrio-la-paz-iran-a-juicio-por-jurado\/"},"wordCount":467,"publisher":{"@id":"http:\/\/cuartetoenlaweb.com.ar\/sitio\/#organization"},"image":{"@id":"http:\/\/cuartetoenlaweb.com.ar\/sitio\/los-asesinos-de-un-menor-en-barrio-la-paz-iran-a-juicio-por-jurado\/#primaryimage"},"thumbnailUrl":"http:\/\/cuartetoenlaweb.com.ar\/sitio\/wp-content\/uploads\/2026\/03\/portadax-94.png","articleSection":["PAIS"],"inLanguage":"es"},{"@type":"WebPage","@id":"http:\/\/cuartetoenlaweb.com.ar\/sitio\/los-asesinos-de-un-menor-en-barrio-la-paz-iran-a-juicio-por-jurado\/","url":"http:\/\/cuartetoenlaweb.com.ar\/sitio\/los-asesinos-de-un-menor-en-barrio-la-paz-iran-a-juicio-por-jurado\/","name":"Los asesinos de un menor en barrio La Paz, ir\u00e1n a juicio por jurado - Cuarteto en la Web","isPartOf":{"@id":"http:\/\/cuartetoenlaweb.com.ar\/sitio\/#website"},"primaryImageOfPage":{"@id":"http:\/\/cuartetoenlaweb.com.ar\/sitio\/los-asesinos-de-un-menor-en-barrio-la-paz-iran-a-juicio-por-jurado\/#primaryimage"},"image":{"@id":"http:\/\/cuartetoenlaweb.com.ar\/sitio\/los-asesinos-de-un-menor-en-barrio-la-paz-iran-a-juicio-por-jurado\/#primaryimage"},"thumbnailUrl":"http:\/\/cuartetoenlaweb.com.ar\/sitio\/wp-content\/uploads\/2026\/03\/portadax-94.png","datePublished":"2026-03-13T13:01:21+00:00","breadcrumb":{"@id":"http:\/\/cuartetoenlaweb.com.ar\/sitio\/los-asesinos-de-un-menor-en-barrio-la-paz-iran-a-juicio-por-jurado\/#breadcrumb"},"inLanguage":"es","potentialAction":[{"@type":"ReadAction","target":["http:\/\/cuartetoenlaweb.com.ar\/sitio\/los-asesinos-de-un-menor-en-barrio-la-paz-iran-a-juicio-por-jurado\/"]}]},{"@type":"ImageObject","inLanguage":"es","@id":"http:\/\/cuartetoenlaweb.com.ar\/sitio\/los-asesinos-de-un-menor-en-barrio-la-paz-iran-a-juicio-por-jurado\/#primaryimage","url":"http:\/\/cuartetoenlaweb.com.ar\/sitio\/wp-content\/uploads\/2026\/03\/portadax-94.png","contentUrl":"http:\/\/cuartetoenlaweb.com.ar\/sitio\/wp-content\/uploads\/2026\/03\/portadax-94.png","width":1366,"height":768},{"@type":"BreadcrumbList","@id":"http:\/\/cuartetoenlaweb.com.ar\/sitio\/los-asesinos-de-un-menor-en-barrio-la-paz-iran-a-juicio-por-jurado\/#breadcrumb","itemListElement":[{"@type":"ListItem","position":1,"name":"Portada","item":"http:\/\/cuartetoenlaweb.com.ar\/sitio\/"},{"@type":"ListItem","position":2,"name":"Los asesinos de un menor en barrio La Paz, ir\u00e1n a juicio por jurado"}]},{"@type":"WebSite","@id":"http:\/\/cuartetoenlaweb.com.ar\/sitio\/#website","url":"http:\/\/cuartetoenlaweb.com.ar\/sitio\/","name":"Cuarteto en la Web","description":"","publisher":{"@id":"http:\/\/cuartetoenlaweb.com.ar\/sitio\/#organization"},"potentialAction":[{"@type":"SearchAction","target":{"@type":"EntryPoint","urlTemplate":"http:\/\/cuartetoenlaweb.com.ar\/sitio\/?s={search_term_string}"},"query-input":{"@type":"PropertyValueSpecification","valueRequired":true,"valueName":"search_term_string"}}],"inLanguage":"es"},{"@type":"Organization","@id":"http:\/\/cuartetoenlaweb.com.ar\/sitio\/#organization","name":"Cuarteto en la Web","url":"http:\/\/cuartetoenlaweb.com.ar\/sitio\/","logo":{"@type":"ImageObject","inLanguage":"es","@id":"http:\/\/cuartetoenlaweb.com.ar\/sitio\/#\/schema\/logo\/image\/","url":"http:\/\/cuartetoenlaweb.com.ar\/sitio\/wp-content\/uploads\/2025\/07\/cropped-cropped-logitoweb21.png","contentUrl":"http:\/\/cuartetoenlaweb.com.ar\/sitio\/wp-content\/uploads\/2025\/07\/cropped-cropped-logitoweb21.png","width":199,"height":199,"caption":"Cuarteto en la Web"},"image":{"@id":"http:\/\/cuartetoenlaweb.com.ar\/sitio\/#\/schema\/logo\/image\/"}}]}},"_links":{"self":[{"href":"http:\/\/cuartetoenlaweb.com.ar\/sitio\/wp-json\/wp\/v2\/posts\/14490","targetHints":{"allow":["GET"]}}],"collection":[{"href":"http:\/\/cuartetoenlaweb.com.ar\/sitio\/wp-json\/wp\/v2\/posts"}],"about":[{"href":"http:\/\/cuartetoenlaweb.com.ar\/sitio\/wp-json\/wp\/v2\/types\/post"}],"replies":[{"embeddable":true,"href":"http:\/\/cuartetoenlaweb.com.ar\/sitio\/wp-json\/wp\/v2\/comments?post=14490"}],"version-history":[{"count":0,"href":"http:\/\/cuartetoenlaweb.com.ar\/sitio\/wp-json\/wp\/v2\/posts\/14490\/revisions"}],"wp:featuredmedia":[{"embeddable":true,"href":"http:\/\/cuartetoenlaweb.com.ar\/sitio\/wp-json\/wp\/v2\/media\/14491"}],"wp:attachment":[{"href":"http:\/\/cuartetoenlaweb.com.ar\/sitio\/wp-json\/wp\/v2\/media?parent=14490"}],"wp:term":[{"taxonomy":"category","embeddable":true,"href":"http:\/\/cuartetoenlaweb.com.ar\/sitio\/wp-json\/wp\/v2\/categories?post=14490"},{"taxonomy":"post_tag","embeddable":true,"href":"http:\/\/cuartetoenlaweb.com.ar\/sitio\/wp-json\/wp\/v2\/tags?post=14490"}],"curies":[{"name":"wp","href":"https:\/\/api.w.org\/{rel}","templated":true}]}}