
{"id":14488,"date":"2026-03-13T10:01:18","date_gmt":"2026-03-13T13:01:18","guid":{"rendered":"https:\/\/cuartetoenlaweb.com.ar\/sitio\/cerrillos-lanzo-la-campana-de-vacunacion-antigripal\/"},"modified":"2026-03-13T10:01:18","modified_gmt":"2026-03-13T13:01:18","slug":"cerrillos-lanzo-la-campana-de-vacunacion-antigripal","status":"publish","type":"post","link":"http:\/\/cuartetoenlaweb.com.ar\/sitio\/cerrillos-lanzo-la-campana-de-vacunacion-antigripal\/","title":{"rendered":"Cerrillos lanz\u00f3 la campa\u00f1a de vacunaci\u00f3n antigripal"},"content":{"rendered":"<p>Esta semana comenz\u00f3 en<strong> Cerrillos<\/strong> la<strong> campa\u00f1a de vacunaci\u00f3n antigripal,<\/strong> una iniciativa destinada a <strong>prevenir enfermedades respiratorias en los grupos considerados de mayor riesgo<\/strong>. La primera jornada se llev\u00f3 a cabo en el <strong>Centro de Jubilados ubicado sobre calle Uruguay.<\/strong><\/p>\n<p>La actividad fue coordinada por el <strong>hospital Santa Teresita <\/strong>y cont\u00f3 con la colaboraci\u00f3n del <strong>\u00e1rea de Adultos Mayores de la Municipalidad.<\/strong> En esta primera etapa, la campa\u00f1a est\u00e1 dirigida principalmente a<strong> adultos mayores de 65 a\u00f1os y mujeres embarazadas.<\/strong><\/p>\n<p>Durante la jornada, la<strong> m\u00e9dica Mar\u00eda In\u00e9s P\u00e9rez<\/strong> explic\u00f3 la importancia de la vacunaci\u00f3n anual para <strong>reducir complicaciones derivadas de la gripe<\/strong>. \u201cEl objetivo es prevenir <strong>enfermedades virales y gripes<\/strong>, que son muy nocivas para los adultos mayores y embarazadas. Porque hay que tener algo bien claro, la gripe tambi\u00e9n mata\u201d, advirti\u00f3.<\/p>\n<p><img decoding=\"async\" src=\"https:\/\/uscdn.eltribuno.com\/032026\/1773397497920.jpg\" \/><\/p>\n<p>La profesional remarc\u00f3 adem\u00e1s que<strong> la inmunizaci\u00f3n permite disminuir los cuadros m\u00e1s graves de la enfermedad.<\/strong> <strong>\u201cLas vacunas evitan las formas graves de la enfermedad\u201d<\/strong>, se\u00f1al\u00f3.<\/p>\n<p>Antes del inicio de la<strong> vacunaci\u00f3n, P\u00e9rez <\/strong>brind\u00f3 una charla informativa en la que los asistentes pudieron plantear dudas y recibir recomendaciones sobre prevenci\u00f3n y cuidados de la salud durante la temporada de enfermedades respiratorias.<\/p>\n<p>La m\u00e9dica tambi\u00e9n explic\u00f3 que la aplicaci\u00f3n de la vacuna debe repetirse cada a\u00f1o. <strong>\u201cTodos los a\u00f1os hay que vacunarse por la mutaci\u00f3n de los virus, por eso las vacunas se modifican de alg\u00fan modo para adecuarse a las nuevas cepas\u201d<\/strong>, detall\u00f3.<\/p>\n<p>La jornada cont\u00f3 con la participaci\u00f3n del <strong>equipo de enfermer\u00eda del hospital Santa Teresita,<\/strong> que estuvo a cargo de la aplicaci\u00f3n de las dosis y del acompa\u00f1amiento a los vecinos que se acercaron al centro de jubilados para inmunizarse.<\/p>\n","protected":false},"excerpt":{"rendered":"<p>Esta semana comenz\u00f3 en Cerrillos la campa\u00f1a de vacunaci\u00f3n antigripal,<\/p>\n","protected":false},"author":0,"featured_media":14489,"comment_status":"","ping_status":"","sticky":false,"template":"","format":"standard","meta":{"footnotes":""},"categories":[65],"tags":[],"class_list":["post-14488","post","type-post","status-publish","format-standard","has-post-thumbnail","hentry","category-pais"],"yoast_head":"<!-- This site is optimized with the Yoast SEO plugin v27.5 - https:\/\/yoast.com\/product\/yoast-seo-wordpress\/ -->\n<title>Cerrillos lanz\u00f3 la campa\u00f1a de vacunaci\u00f3n antigripal - Cuarteto en la Web<\/title>\n<meta name=\"robots\" content=\"index, follow, max-snippet:-1, max-image-preview:large, max-video-preview:-1\" \/>\n<link rel=\"canonical\" href=\"https:\/\/cuartetoenlaweb.com.ar\/sitio\/cerrillos-lanzo-la-campana-de-vacunacion-antigripal\/\" \/>\n<meta property=\"og:locale\" content=\"es_ES\" \/>\n<meta property=\"og:type\" content=\"article\" \/>\n<meta property=\"og:title\" content=\"Cerrillos lanz\u00f3 la campa\u00f1a de vacunaci\u00f3n antigripal - Cuarteto en la Web\" \/>\n<meta property=\"og:description\" content=\"Esta semana comenz\u00f3 en Cerrillos la campa\u00f1a de vacunaci\u00f3n antigripal,\" \/>\n<meta property=\"og:url\" content=\"https:\/\/cuartetoenlaweb.com.ar\/sitio\/cerrillos-lanzo-la-campana-de-vacunacion-antigripal\/\" \/>\n<meta property=\"og:site_name\" content=\"Cuarteto en la Web\" \/>\n<meta property=\"article:published_time\" content=\"2026-03-13T13:01:18+00:00\" \/>\n<meta property=\"og:image\" content=\"https:\/\/cuartetoenlaweb.com.ar\/sitio\/wp-content\/uploads\/2026\/03\/1773397497920.jpg\" \/>\n\t<meta property=\"og:image:width\" content=\"1454\" \/>\n\t<meta property=\"og:image:height\" content=\"830\" \/>\n\t<meta property=\"og:image:type\" content=\"image\/jpeg\" \/>\n<meta name=\"twitter:card\" content=\"summary_large_image\" \/>\n<meta name=\"twitter:label1\" content=\"Tiempo de lectura\" \/>\n\t<meta name=\"twitter:data1\" content=\"2 minutos\" \/>\n<script type=\"application\/ld+json\" class=\"yoast-schema-graph\">{\"@context\":\"https:\\\/\\\/schema.org\",\"@graph\":[{\"@type\":\"Article\",\"@id\":\"https:\\\/\\\/cuartetoenlaweb.com.ar\\\/sitio\\\/cerrillos-lanzo-la-campana-de-vacunacion-antigripal\\\/#article\",\"isPartOf\":{\"@id\":\"https:\\\/\\\/cuartetoenlaweb.com.ar\\\/sitio\\\/cerrillos-lanzo-la-campana-de-vacunacion-antigripal\\\/\"},\"author\":{\"name\":\"\",\"@id\":\"\"},\"headline\":\"Cerrillos lanz\u00f3 la campa\u00f1a de vacunaci\u00f3n antigripal\",\"datePublished\":\"2026-03-13T13:01:18+00:00\",\"mainEntityOfPage\":{\"@id\":\"https:\\\/\\\/cuartetoenlaweb.com.ar\\\/sitio\\\/cerrillos-lanzo-la-campana-de-vacunacion-antigripal\\\/\"},\"wordCount\":311,\"publisher\":{\"@id\":\"http:\\\/\\\/cuartetoenlaweb.com.ar\\\/sitio\\\/#organization\"},\"image\":{\"@id\":\"https:\\\/\\\/cuartetoenlaweb.com.ar\\\/sitio\\\/cerrillos-lanzo-la-campana-de-vacunacion-antigripal\\\/#primaryimage\"},\"thumbnailUrl\":\"http:\\\/\\\/cuartetoenlaweb.com.ar\\\/sitio\\\/wp-content\\\/uploads\\\/2026\\\/03\\\/1773397497920.jpg\",\"articleSection\":[\"PAIS\"],\"inLanguage\":\"es\"},{\"@type\":\"WebPage\",\"@id\":\"https:\\\/\\\/cuartetoenlaweb.com.ar\\\/sitio\\\/cerrillos-lanzo-la-campana-de-vacunacion-antigripal\\\/\",\"url\":\"https:\\\/\\\/cuartetoenlaweb.com.ar\\\/sitio\\\/cerrillos-lanzo-la-campana-de-vacunacion-antigripal\\\/\",\"name\":\"Cerrillos lanz\u00f3 la campa\u00f1a de vacunaci\u00f3n antigripal - Cuarteto en la Web\",\"isPartOf\":{\"@id\":\"http:\\\/\\\/cuartetoenlaweb.com.ar\\\/sitio\\\/#website\"},\"primaryImageOfPage\":{\"@id\":\"https:\\\/\\\/cuartetoenlaweb.com.ar\\\/sitio\\\/cerrillos-lanzo-la-campana-de-vacunacion-antigripal\\\/#primaryimage\"},\"image\":{\"@id\":\"https:\\\/\\\/cuartetoenlaweb.com.ar\\\/sitio\\\/cerrillos-lanzo-la-campana-de-vacunacion-antigripal\\\/#primaryimage\"},\"thumbnailUrl\":\"http:\\\/\\\/cuartetoenlaweb.com.ar\\\/sitio\\\/wp-content\\\/uploads\\\/2026\\\/03\\\/1773397497920.jpg\",\"datePublished\":\"2026-03-13T13:01:18+00:00\",\"breadcrumb\":{\"@id\":\"https:\\\/\\\/cuartetoenlaweb.com.ar\\\/sitio\\\/cerrillos-lanzo-la-campana-de-vacunacion-antigripal\\\/#breadcrumb\"},\"inLanguage\":\"es\",\"potentialAction\":[{\"@type\":\"ReadAction\",\"target\":[\"https:\\\/\\\/cuartetoenlaweb.com.ar\\\/sitio\\\/cerrillos-lanzo-la-campana-de-vacunacion-antigripal\\\/\"]}]},{\"@type\":\"ImageObject\",\"inLanguage\":\"es\",\"@id\":\"https:\\\/\\\/cuartetoenlaweb.com.ar\\\/sitio\\\/cerrillos-lanzo-la-campana-de-vacunacion-antigripal\\\/#primaryimage\",\"url\":\"http:\\\/\\\/cuartetoenlaweb.com.ar\\\/sitio\\\/wp-content\\\/uploads\\\/2026\\\/03\\\/1773397497920.jpg\",\"contentUrl\":\"http:\\\/\\\/cuartetoenlaweb.com.ar\\\/sitio\\\/wp-content\\\/uploads\\\/2026\\\/03\\\/1773397497920.jpg\",\"width\":1454,\"height\":830},{\"@type\":\"BreadcrumbList\",\"@id\":\"https:\\\/\\\/cuartetoenlaweb.com.ar\\\/sitio\\\/cerrillos-lanzo-la-campana-de-vacunacion-antigripal\\\/#breadcrumb\",\"itemListElement\":[{\"@type\":\"ListItem\",\"position\":1,\"name\":\"Portada\",\"item\":\"http:\\\/\\\/cuartetoenlaweb.com.ar\\\/sitio\\\/\"},{\"@type\":\"ListItem\",\"position\":2,\"name\":\"Cerrillos lanz\u00f3 la campa\u00f1a de vacunaci\u00f3n antigripal\"}]},{\"@type\":\"WebSite\",\"@id\":\"http:\\\/\\\/cuartetoenlaweb.com.ar\\\/sitio\\\/#website\",\"url\":\"http:\\\/\\\/cuartetoenlaweb.com.ar\\\/sitio\\\/\",\"name\":\"Cuarteto en la Web\",\"description\":\"\",\"publisher\":{\"@id\":\"http:\\\/\\\/cuartetoenlaweb.com.ar\\\/sitio\\\/#organization\"},\"potentialAction\":[{\"@type\":\"SearchAction\",\"target\":{\"@type\":\"EntryPoint\",\"urlTemplate\":\"http:\\\/\\\/cuartetoenlaweb.com.ar\\\/sitio\\\/?s={search_term_string}\"},\"query-input\":{\"@type\":\"PropertyValueSpecification\",\"valueRequired\":true,\"valueName\":\"search_term_string\"}}],\"inLanguage\":\"es\"},{\"@type\":\"Organization\",\"@id\":\"http:\\\/\\\/cuartetoenlaweb.com.ar\\\/sitio\\\/#organization\",\"name\":\"Cuarteto en la Web\",\"url\":\"http:\\\/\\\/cuartetoenlaweb.com.ar\\\/sitio\\\/\",\"logo\":{\"@type\":\"ImageObject\",\"inLanguage\":\"es\",\"@id\":\"http:\\\/\\\/cuartetoenlaweb.com.ar\\\/sitio\\\/#\\\/schema\\\/logo\\\/image\\\/\",\"url\":\"http:\\\/\\\/cuartetoenlaweb.com.ar\\\/sitio\\\/wp-content\\\/uploads\\\/2025\\\/07\\\/cropped-cropped-logitoweb21.png\",\"contentUrl\":\"http:\\\/\\\/cuartetoenlaweb.com.ar\\\/sitio\\\/wp-content\\\/uploads\\\/2025\\\/07\\\/cropped-cropped-logitoweb21.png\",\"width\":199,\"height\":199,\"caption\":\"Cuarteto en la Web\"},\"image\":{\"@id\":\"http:\\\/\\\/cuartetoenlaweb.com.ar\\\/sitio\\\/#\\\/schema\\\/logo\\\/image\\\/\"}}]}<\/script>\n<!-- \/ Yoast SEO plugin. -->","yoast_head_json":{"title":"Cerrillos lanz\u00f3 la campa\u00f1a de vacunaci\u00f3n antigripal - Cuarteto en la Web","robots":{"index":"index","follow":"follow","max-snippet":"max-snippet:-1","max-image-preview":"max-image-preview:large","max-video-preview":"max-video-preview:-1"},"canonical":"https:\/\/cuartetoenlaweb.com.ar\/sitio\/cerrillos-lanzo-la-campana-de-vacunacion-antigripal\/","og_locale":"es_ES","og_type":"article","og_title":"Cerrillos lanz\u00f3 la campa\u00f1a de vacunaci\u00f3n antigripal - Cuarteto en la Web","og_description":"Esta semana comenz\u00f3 en Cerrillos la campa\u00f1a de vacunaci\u00f3n antigripal,","og_url":"https:\/\/cuartetoenlaweb.com.ar\/sitio\/cerrillos-lanzo-la-campana-de-vacunacion-antigripal\/","og_site_name":"Cuarteto en la Web","article_published_time":"2026-03-13T13:01:18+00:00","og_image":[{"width":1454,"height":830,"url":"https:\/\/cuartetoenlaweb.com.ar\/sitio\/wp-content\/uploads\/2026\/03\/1773397497920.jpg","type":"image\/jpeg"}],"twitter_card":"summary_large_image","twitter_misc":{"Tiempo de lectura":"2 minutos"},"schema":{"@context":"https:\/\/schema.org","@graph":[{"@type":"Article","@id":"https:\/\/cuartetoenlaweb.com.ar\/sitio\/cerrillos-lanzo-la-campana-de-vacunacion-antigripal\/#article","isPartOf":{"@id":"https:\/\/cuartetoenlaweb.com.ar\/sitio\/cerrillos-lanzo-la-campana-de-vacunacion-antigripal\/"},"author":{"name":"","@id":""},"headline":"Cerrillos lanz\u00f3 la campa\u00f1a de vacunaci\u00f3n antigripal","datePublished":"2026-03-13T13:01:18+00:00","mainEntityOfPage":{"@id":"https:\/\/cuartetoenlaweb.com.ar\/sitio\/cerrillos-lanzo-la-campana-de-vacunacion-antigripal\/"},"wordCount":311,"publisher":{"@id":"http:\/\/cuartetoenlaweb.com.ar\/sitio\/#organization"},"image":{"@id":"https:\/\/cuartetoenlaweb.com.ar\/sitio\/cerrillos-lanzo-la-campana-de-vacunacion-antigripal\/#primaryimage"},"thumbnailUrl":"http:\/\/cuartetoenlaweb.com.ar\/sitio\/wp-content\/uploads\/2026\/03\/1773397497920.jpg","articleSection":["PAIS"],"inLanguage":"es"},{"@type":"WebPage","@id":"https:\/\/cuartetoenlaweb.com.ar\/sitio\/cerrillos-lanzo-la-campana-de-vacunacion-antigripal\/","url":"https:\/\/cuartetoenlaweb.com.ar\/sitio\/cerrillos-lanzo-la-campana-de-vacunacion-antigripal\/","name":"Cerrillos lanz\u00f3 la campa\u00f1a de vacunaci\u00f3n antigripal - Cuarteto en la Web","isPartOf":{"@id":"http:\/\/cuartetoenlaweb.com.ar\/sitio\/#website"},"primaryImageOfPage":{"@id":"https:\/\/cuartetoenlaweb.com.ar\/sitio\/cerrillos-lanzo-la-campana-de-vacunacion-antigripal\/#primaryimage"},"image":{"@id":"https:\/\/cuartetoenlaweb.com.ar\/sitio\/cerrillos-lanzo-la-campana-de-vacunacion-antigripal\/#primaryimage"},"thumbnailUrl":"http:\/\/cuartetoenlaweb.com.ar\/sitio\/wp-content\/uploads\/2026\/03\/1773397497920.jpg","datePublished":"2026-03-13T13:01:18+00:00","breadcrumb":{"@id":"https:\/\/cuartetoenlaweb.com.ar\/sitio\/cerrillos-lanzo-la-campana-de-vacunacion-antigripal\/#breadcrumb"},"inLanguage":"es","potentialAction":[{"@type":"ReadAction","target":["https:\/\/cuartetoenlaweb.com.ar\/sitio\/cerrillos-lanzo-la-campana-de-vacunacion-antigripal\/"]}]},{"@type":"ImageObject","inLanguage":"es","@id":"https:\/\/cuartetoenlaweb.com.ar\/sitio\/cerrillos-lanzo-la-campana-de-vacunacion-antigripal\/#primaryimage","url":"http:\/\/cuartetoenlaweb.com.ar\/sitio\/wp-content\/uploads\/2026\/03\/1773397497920.jpg","contentUrl":"http:\/\/cuartetoenlaweb.com.ar\/sitio\/wp-content\/uploads\/2026\/03\/1773397497920.jpg","width":1454,"height":830},{"@type":"BreadcrumbList","@id":"https:\/\/cuartetoenlaweb.com.ar\/sitio\/cerrillos-lanzo-la-campana-de-vacunacion-antigripal\/#breadcrumb","itemListElement":[{"@type":"ListItem","position":1,"name":"Portada","item":"http:\/\/cuartetoenlaweb.com.ar\/sitio\/"},{"@type":"ListItem","position":2,"name":"Cerrillos lanz\u00f3 la campa\u00f1a de vacunaci\u00f3n antigripal"}]},{"@type":"WebSite","@id":"http:\/\/cuartetoenlaweb.com.ar\/sitio\/#website","url":"http:\/\/cuartetoenlaweb.com.ar\/sitio\/","name":"Cuarteto en la Web","description":"","publisher":{"@id":"http:\/\/cuartetoenlaweb.com.ar\/sitio\/#organization"},"potentialAction":[{"@type":"SearchAction","target":{"@type":"EntryPoint","urlTemplate":"http:\/\/cuartetoenlaweb.com.ar\/sitio\/?s={search_term_string}"},"query-input":{"@type":"PropertyValueSpecification","valueRequired":true,"valueName":"search_term_string"}}],"inLanguage":"es"},{"@type":"Organization","@id":"http:\/\/cuartetoenlaweb.com.ar\/sitio\/#organization","name":"Cuarteto en la Web","url":"http:\/\/cuartetoenlaweb.com.ar\/sitio\/","logo":{"@type":"ImageObject","inLanguage":"es","@id":"http:\/\/cuartetoenlaweb.com.ar\/sitio\/#\/schema\/logo\/image\/","url":"http:\/\/cuartetoenlaweb.com.ar\/sitio\/wp-content\/uploads\/2025\/07\/cropped-cropped-logitoweb21.png","contentUrl":"http:\/\/cuartetoenlaweb.com.ar\/sitio\/wp-content\/uploads\/2025\/07\/cropped-cropped-logitoweb21.png","width":199,"height":199,"caption":"Cuarteto en la Web"},"image":{"@id":"http:\/\/cuartetoenlaweb.com.ar\/sitio\/#\/schema\/logo\/image\/"}}]}},"_links":{"self":[{"href":"http:\/\/cuartetoenlaweb.com.ar\/sitio\/wp-json\/wp\/v2\/posts\/14488","targetHints":{"allow":["GET"]}}],"collection":[{"href":"http:\/\/cuartetoenlaweb.com.ar\/sitio\/wp-json\/wp\/v2\/posts"}],"about":[{"href":"http:\/\/cuartetoenlaweb.com.ar\/sitio\/wp-json\/wp\/v2\/types\/post"}],"replies":[{"embeddable":true,"href":"http:\/\/cuartetoenlaweb.com.ar\/sitio\/wp-json\/wp\/v2\/comments?post=14488"}],"version-history":[{"count":0,"href":"http:\/\/cuartetoenlaweb.com.ar\/sitio\/wp-json\/wp\/v2\/posts\/14488\/revisions"}],"wp:featuredmedia":[{"embeddable":true,"href":"http:\/\/cuartetoenlaweb.com.ar\/sitio\/wp-json\/wp\/v2\/media\/14489"}],"wp:attachment":[{"href":"http:\/\/cuartetoenlaweb.com.ar\/sitio\/wp-json\/wp\/v2\/media?parent=14488"}],"wp:term":[{"taxonomy":"category","embeddable":true,"href":"http:\/\/cuartetoenlaweb.com.ar\/sitio\/wp-json\/wp\/v2\/categories?post=14488"},{"taxonomy":"post_tag","embeddable":true,"href":"http:\/\/cuartetoenlaweb.com.ar\/sitio\/wp-json\/wp\/v2\/tags?post=14488"}],"curies":[{"name":"wp","href":"https:\/\/api.w.org\/{rel}","templated":true}]}}