
{"id":14484,"date":"2026-03-13T10:01:11","date_gmt":"2026-03-13T13:01:11","guid":{"rendered":"https:\/\/cuartetoenlaweb.com.ar\/sitio\/vuelco-en-la-ruta-nacional-9-34-un-automovil-termino-con-las-ruedas-hacia-arriba\/"},"modified":"2026-03-13T10:01:11","modified_gmt":"2026-03-13T13:01:11","slug":"vuelco-en-la-ruta-nacional-9-34-un-automovil-termino-con-las-ruedas-hacia-arriba","status":"publish","type":"post","link":"http:\/\/cuartetoenlaweb.com.ar\/sitio\/vuelco-en-la-ruta-nacional-9-34-un-automovil-termino-con-las-ruedas-hacia-arriba\/","title":{"rendered":"Vuelco en la ruta nacional 9\/34: un autom\u00f3vil termin\u00f3 con las ruedas hacia arriba"},"content":{"rendered":"<p>Un espectacular vuelco se registr\u00f3 ayer sobre la<strong> Ruta Nacional 9\/34, a la altura del kil\u00f3metro 1442,<\/strong> y dej\u00f3 como saldo importantes da\u00f1os materiales en el veh\u00edculo involucrado.<\/p>\n<p>De acuerdo con el parte oficial, el hecho ocurri\u00f3 cerca de las 18 cuando el conductor de un autom\u00f3vil que se dirig\u00eda desde Mendoza hacia la provincia de Salta realiz\u00f3 una maniobra evasiva en plena ruta. En esas circunstancias perdi\u00f3 el control del rodado, que termin\u00f3 volcando y quedando con las ruedas hacia arriba a un costado de la banquina.<\/p>\n<p><strong>A pesar de la magnitud del siniestro, el conductor logr\u00f3 salir por sus propios medios y no present\u00f3 lesiones de gravedad. Personal que intervino en el procedimiento realiz\u00f3 el test de alcoholemia correspondiente, el cual arroj\u00f3 resultado negativo, con 0.00 gramos de alcohol por litro de sangre.<\/strong><\/p>\n<p>El veh\u00edculo, en tanto, sufri\u00f3 da\u00f1os totales a ra\u00edz del vuelco y debi\u00f3 ser retirado posteriormente del lugar.<\/p>\n<p><strong>Ante las condiciones clim\u00e1ticas que se registran en la zona, las autoridades reiteraron el pedido de circular con precauci\u00f3n, mantener la distancia entre veh\u00edculos y reducir la velocidad, especialmente en tramos donde la calzada puede encontrarse resbaladiza o con visibilidad reducida.<\/strong><\/p>\n","protected":false},"excerpt":{"rendered":"<p>Un espectacular vuelco se registr\u00f3 ayer sobre la Ruta Nacional<\/p>\n","protected":false},"author":0,"featured_media":14485,"comment_status":"","ping_status":"","sticky":false,"template":"","format":"standard","meta":{"footnotes":""},"categories":[65],"tags":[],"class_list":["post-14484","post","type-post","status-publish","format-standard","has-post-thumbnail","hentry","category-pais"],"yoast_head":"<!-- This site is optimized with the Yoast SEO plugin v27.5 - https:\/\/yoast.com\/product\/yoast-seo-wordpress\/ -->\n<title>Vuelco en la ruta nacional 9\/34: un autom\u00f3vil termin\u00f3 con las ruedas hacia arriba - Cuarteto en la Web<\/title>\n<meta name=\"robots\" content=\"index, follow, max-snippet:-1, max-image-preview:large, max-video-preview:-1\" \/>\n<link rel=\"canonical\" href=\"https:\/\/cuartetoenlaweb.com.ar\/sitio\/vuelco-en-la-ruta-nacional-9-34-un-automovil-termino-con-las-ruedas-hacia-arriba\/\" \/>\n<meta property=\"og:locale\" content=\"es_ES\" \/>\n<meta property=\"og:type\" content=\"article\" \/>\n<meta property=\"og:title\" content=\"Vuelco en la ruta nacional 9\/34: un autom\u00f3vil termin\u00f3 con las ruedas hacia arriba - Cuarteto en la Web\" \/>\n<meta property=\"og:description\" content=\"Un espectacular vuelco se registr\u00f3 ayer sobre la Ruta Nacional\" \/>\n<meta property=\"og:url\" content=\"https:\/\/cuartetoenlaweb.com.ar\/sitio\/vuelco-en-la-ruta-nacional-9-34-un-automovil-termino-con-las-ruedas-hacia-arriba\/\" \/>\n<meta property=\"og:site_name\" content=\"Cuarteto en la Web\" \/>\n<meta property=\"article:published_time\" content=\"2026-03-13T13:01:11+00:00\" \/>\n<meta property=\"og:image\" content=\"https:\/\/cuartetoenlaweb.com.ar\/sitio\/wp-content\/uploads\/2026\/03\/portadax-92.png\" \/>\n\t<meta property=\"og:image:width\" content=\"1366\" \/>\n\t<meta property=\"og:image:height\" content=\"768\" \/>\n\t<meta property=\"og:image:type\" content=\"image\/png\" \/>\n<meta name=\"twitter:card\" content=\"summary_large_image\" \/>\n<meta name=\"twitter:label1\" content=\"Tiempo de lectura\" \/>\n\t<meta name=\"twitter:data1\" content=\"1 minuto\" \/>\n<script type=\"application\/ld+json\" class=\"yoast-schema-graph\">{\"@context\":\"https:\\\/\\\/schema.org\",\"@graph\":[{\"@type\":\"Article\",\"@id\":\"https:\\\/\\\/cuartetoenlaweb.com.ar\\\/sitio\\\/vuelco-en-la-ruta-nacional-9-34-un-automovil-termino-con-las-ruedas-hacia-arriba\\\/#article\",\"isPartOf\":{\"@id\":\"https:\\\/\\\/cuartetoenlaweb.com.ar\\\/sitio\\\/vuelco-en-la-ruta-nacional-9-34-un-automovil-termino-con-las-ruedas-hacia-arriba\\\/\"},\"author\":{\"name\":\"\",\"@id\":\"\"},\"headline\":\"Vuelco en la ruta nacional 9\\\/34: un autom\u00f3vil termin\u00f3 con las ruedas hacia arriba\",\"datePublished\":\"2026-03-13T13:01:11+00:00\",\"mainEntityOfPage\":{\"@id\":\"https:\\\/\\\/cuartetoenlaweb.com.ar\\\/sitio\\\/vuelco-en-la-ruta-nacional-9-34-un-automovil-termino-con-las-ruedas-hacia-arriba\\\/\"},\"wordCount\":215,\"publisher\":{\"@id\":\"http:\\\/\\\/cuartetoenlaweb.com.ar\\\/sitio\\\/#organization\"},\"image\":{\"@id\":\"https:\\\/\\\/cuartetoenlaweb.com.ar\\\/sitio\\\/vuelco-en-la-ruta-nacional-9-34-un-automovil-termino-con-las-ruedas-hacia-arriba\\\/#primaryimage\"},\"thumbnailUrl\":\"http:\\\/\\\/cuartetoenlaweb.com.ar\\\/sitio\\\/wp-content\\\/uploads\\\/2026\\\/03\\\/portadax-92.png\",\"articleSection\":[\"PAIS\"],\"inLanguage\":\"es\"},{\"@type\":\"WebPage\",\"@id\":\"https:\\\/\\\/cuartetoenlaweb.com.ar\\\/sitio\\\/vuelco-en-la-ruta-nacional-9-34-un-automovil-termino-con-las-ruedas-hacia-arriba\\\/\",\"url\":\"https:\\\/\\\/cuartetoenlaweb.com.ar\\\/sitio\\\/vuelco-en-la-ruta-nacional-9-34-un-automovil-termino-con-las-ruedas-hacia-arriba\\\/\",\"name\":\"Vuelco en la ruta nacional 9\\\/34: un autom\u00f3vil termin\u00f3 con las ruedas hacia arriba - Cuarteto en la Web\",\"isPartOf\":{\"@id\":\"http:\\\/\\\/cuartetoenlaweb.com.ar\\\/sitio\\\/#website\"},\"primaryImageOfPage\":{\"@id\":\"https:\\\/\\\/cuartetoenlaweb.com.ar\\\/sitio\\\/vuelco-en-la-ruta-nacional-9-34-un-automovil-termino-con-las-ruedas-hacia-arriba\\\/#primaryimage\"},\"image\":{\"@id\":\"https:\\\/\\\/cuartetoenlaweb.com.ar\\\/sitio\\\/vuelco-en-la-ruta-nacional-9-34-un-automovil-termino-con-las-ruedas-hacia-arriba\\\/#primaryimage\"},\"thumbnailUrl\":\"http:\\\/\\\/cuartetoenlaweb.com.ar\\\/sitio\\\/wp-content\\\/uploads\\\/2026\\\/03\\\/portadax-92.png\",\"datePublished\":\"2026-03-13T13:01:11+00:00\",\"breadcrumb\":{\"@id\":\"https:\\\/\\\/cuartetoenlaweb.com.ar\\\/sitio\\\/vuelco-en-la-ruta-nacional-9-34-un-automovil-termino-con-las-ruedas-hacia-arriba\\\/#breadcrumb\"},\"inLanguage\":\"es\",\"potentialAction\":[{\"@type\":\"ReadAction\",\"target\":[\"https:\\\/\\\/cuartetoenlaweb.com.ar\\\/sitio\\\/vuelco-en-la-ruta-nacional-9-34-un-automovil-termino-con-las-ruedas-hacia-arriba\\\/\"]}]},{\"@type\":\"ImageObject\",\"inLanguage\":\"es\",\"@id\":\"https:\\\/\\\/cuartetoenlaweb.com.ar\\\/sitio\\\/vuelco-en-la-ruta-nacional-9-34-un-automovil-termino-con-las-ruedas-hacia-arriba\\\/#primaryimage\",\"url\":\"http:\\\/\\\/cuartetoenlaweb.com.ar\\\/sitio\\\/wp-content\\\/uploads\\\/2026\\\/03\\\/portadax-92.png\",\"contentUrl\":\"http:\\\/\\\/cuartetoenlaweb.com.ar\\\/sitio\\\/wp-content\\\/uploads\\\/2026\\\/03\\\/portadax-92.png\",\"width\":1366,\"height\":768},{\"@type\":\"BreadcrumbList\",\"@id\":\"https:\\\/\\\/cuartetoenlaweb.com.ar\\\/sitio\\\/vuelco-en-la-ruta-nacional-9-34-un-automovil-termino-con-las-ruedas-hacia-arriba\\\/#breadcrumb\",\"itemListElement\":[{\"@type\":\"ListItem\",\"position\":1,\"name\":\"Portada\",\"item\":\"http:\\\/\\\/cuartetoenlaweb.com.ar\\\/sitio\\\/\"},{\"@type\":\"ListItem\",\"position\":2,\"name\":\"Vuelco en la ruta nacional 9\\\/34: un autom\u00f3vil termin\u00f3 con las ruedas hacia arriba\"}]},{\"@type\":\"WebSite\",\"@id\":\"http:\\\/\\\/cuartetoenlaweb.com.ar\\\/sitio\\\/#website\",\"url\":\"http:\\\/\\\/cuartetoenlaweb.com.ar\\\/sitio\\\/\",\"name\":\"Cuarteto en la Web\",\"description\":\"\",\"publisher\":{\"@id\":\"http:\\\/\\\/cuartetoenlaweb.com.ar\\\/sitio\\\/#organization\"},\"potentialAction\":[{\"@type\":\"SearchAction\",\"target\":{\"@type\":\"EntryPoint\",\"urlTemplate\":\"http:\\\/\\\/cuartetoenlaweb.com.ar\\\/sitio\\\/?s={search_term_string}\"},\"query-input\":{\"@type\":\"PropertyValueSpecification\",\"valueRequired\":true,\"valueName\":\"search_term_string\"}}],\"inLanguage\":\"es\"},{\"@type\":\"Organization\",\"@id\":\"http:\\\/\\\/cuartetoenlaweb.com.ar\\\/sitio\\\/#organization\",\"name\":\"Cuarteto en la Web\",\"url\":\"http:\\\/\\\/cuartetoenlaweb.com.ar\\\/sitio\\\/\",\"logo\":{\"@type\":\"ImageObject\",\"inLanguage\":\"es\",\"@id\":\"http:\\\/\\\/cuartetoenlaweb.com.ar\\\/sitio\\\/#\\\/schema\\\/logo\\\/image\\\/\",\"url\":\"http:\\\/\\\/cuartetoenlaweb.com.ar\\\/sitio\\\/wp-content\\\/uploads\\\/2025\\\/07\\\/cropped-cropped-logitoweb21.png\",\"contentUrl\":\"http:\\\/\\\/cuartetoenlaweb.com.ar\\\/sitio\\\/wp-content\\\/uploads\\\/2025\\\/07\\\/cropped-cropped-logitoweb21.png\",\"width\":199,\"height\":199,\"caption\":\"Cuarteto en la Web\"},\"image\":{\"@id\":\"http:\\\/\\\/cuartetoenlaweb.com.ar\\\/sitio\\\/#\\\/schema\\\/logo\\\/image\\\/\"}}]}<\/script>\n<!-- \/ Yoast SEO plugin. -->","yoast_head_json":{"title":"Vuelco en la ruta nacional 9\/34: un autom\u00f3vil termin\u00f3 con las ruedas hacia arriba - Cuarteto en la Web","robots":{"index":"index","follow":"follow","max-snippet":"max-snippet:-1","max-image-preview":"max-image-preview:large","max-video-preview":"max-video-preview:-1"},"canonical":"https:\/\/cuartetoenlaweb.com.ar\/sitio\/vuelco-en-la-ruta-nacional-9-34-un-automovil-termino-con-las-ruedas-hacia-arriba\/","og_locale":"es_ES","og_type":"article","og_title":"Vuelco en la ruta nacional 9\/34: un autom\u00f3vil termin\u00f3 con las ruedas hacia arriba - Cuarteto en la Web","og_description":"Un espectacular vuelco se registr\u00f3 ayer sobre la Ruta Nacional","og_url":"https:\/\/cuartetoenlaweb.com.ar\/sitio\/vuelco-en-la-ruta-nacional-9-34-un-automovil-termino-con-las-ruedas-hacia-arriba\/","og_site_name":"Cuarteto en la Web","article_published_time":"2026-03-13T13:01:11+00:00","og_image":[{"width":1366,"height":768,"url":"https:\/\/cuartetoenlaweb.com.ar\/sitio\/wp-content\/uploads\/2026\/03\/portadax-92.png","type":"image\/png"}],"twitter_card":"summary_large_image","twitter_misc":{"Tiempo de lectura":"1 minuto"},"schema":{"@context":"https:\/\/schema.org","@graph":[{"@type":"Article","@id":"https:\/\/cuartetoenlaweb.com.ar\/sitio\/vuelco-en-la-ruta-nacional-9-34-un-automovil-termino-con-las-ruedas-hacia-arriba\/#article","isPartOf":{"@id":"https:\/\/cuartetoenlaweb.com.ar\/sitio\/vuelco-en-la-ruta-nacional-9-34-un-automovil-termino-con-las-ruedas-hacia-arriba\/"},"author":{"name":"","@id":""},"headline":"Vuelco en la ruta nacional 9\/34: un autom\u00f3vil termin\u00f3 con las ruedas hacia arriba","datePublished":"2026-03-13T13:01:11+00:00","mainEntityOfPage":{"@id":"https:\/\/cuartetoenlaweb.com.ar\/sitio\/vuelco-en-la-ruta-nacional-9-34-un-automovil-termino-con-las-ruedas-hacia-arriba\/"},"wordCount":215,"publisher":{"@id":"http:\/\/cuartetoenlaweb.com.ar\/sitio\/#organization"},"image":{"@id":"https:\/\/cuartetoenlaweb.com.ar\/sitio\/vuelco-en-la-ruta-nacional-9-34-un-automovil-termino-con-las-ruedas-hacia-arriba\/#primaryimage"},"thumbnailUrl":"http:\/\/cuartetoenlaweb.com.ar\/sitio\/wp-content\/uploads\/2026\/03\/portadax-92.png","articleSection":["PAIS"],"inLanguage":"es"},{"@type":"WebPage","@id":"https:\/\/cuartetoenlaweb.com.ar\/sitio\/vuelco-en-la-ruta-nacional-9-34-un-automovil-termino-con-las-ruedas-hacia-arriba\/","url":"https:\/\/cuartetoenlaweb.com.ar\/sitio\/vuelco-en-la-ruta-nacional-9-34-un-automovil-termino-con-las-ruedas-hacia-arriba\/","name":"Vuelco en la ruta nacional 9\/34: un autom\u00f3vil termin\u00f3 con las ruedas hacia arriba - Cuarteto en la Web","isPartOf":{"@id":"http:\/\/cuartetoenlaweb.com.ar\/sitio\/#website"},"primaryImageOfPage":{"@id":"https:\/\/cuartetoenlaweb.com.ar\/sitio\/vuelco-en-la-ruta-nacional-9-34-un-automovil-termino-con-las-ruedas-hacia-arriba\/#primaryimage"},"image":{"@id":"https:\/\/cuartetoenlaweb.com.ar\/sitio\/vuelco-en-la-ruta-nacional-9-34-un-automovil-termino-con-las-ruedas-hacia-arriba\/#primaryimage"},"thumbnailUrl":"http:\/\/cuartetoenlaweb.com.ar\/sitio\/wp-content\/uploads\/2026\/03\/portadax-92.png","datePublished":"2026-03-13T13:01:11+00:00","breadcrumb":{"@id":"https:\/\/cuartetoenlaweb.com.ar\/sitio\/vuelco-en-la-ruta-nacional-9-34-un-automovil-termino-con-las-ruedas-hacia-arriba\/#breadcrumb"},"inLanguage":"es","potentialAction":[{"@type":"ReadAction","target":["https:\/\/cuartetoenlaweb.com.ar\/sitio\/vuelco-en-la-ruta-nacional-9-34-un-automovil-termino-con-las-ruedas-hacia-arriba\/"]}]},{"@type":"ImageObject","inLanguage":"es","@id":"https:\/\/cuartetoenlaweb.com.ar\/sitio\/vuelco-en-la-ruta-nacional-9-34-un-automovil-termino-con-las-ruedas-hacia-arriba\/#primaryimage","url":"http:\/\/cuartetoenlaweb.com.ar\/sitio\/wp-content\/uploads\/2026\/03\/portadax-92.png","contentUrl":"http:\/\/cuartetoenlaweb.com.ar\/sitio\/wp-content\/uploads\/2026\/03\/portadax-92.png","width":1366,"height":768},{"@type":"BreadcrumbList","@id":"https:\/\/cuartetoenlaweb.com.ar\/sitio\/vuelco-en-la-ruta-nacional-9-34-un-automovil-termino-con-las-ruedas-hacia-arriba\/#breadcrumb","itemListElement":[{"@type":"ListItem","position":1,"name":"Portada","item":"http:\/\/cuartetoenlaweb.com.ar\/sitio\/"},{"@type":"ListItem","position":2,"name":"Vuelco en la ruta nacional 9\/34: un autom\u00f3vil termin\u00f3 con las ruedas hacia arriba"}]},{"@type":"WebSite","@id":"http:\/\/cuartetoenlaweb.com.ar\/sitio\/#website","url":"http:\/\/cuartetoenlaweb.com.ar\/sitio\/","name":"Cuarteto en la Web","description":"","publisher":{"@id":"http:\/\/cuartetoenlaweb.com.ar\/sitio\/#organization"},"potentialAction":[{"@type":"SearchAction","target":{"@type":"EntryPoint","urlTemplate":"http:\/\/cuartetoenlaweb.com.ar\/sitio\/?s={search_term_string}"},"query-input":{"@type":"PropertyValueSpecification","valueRequired":true,"valueName":"search_term_string"}}],"inLanguage":"es"},{"@type":"Organization","@id":"http:\/\/cuartetoenlaweb.com.ar\/sitio\/#organization","name":"Cuarteto en la Web","url":"http:\/\/cuartetoenlaweb.com.ar\/sitio\/","logo":{"@type":"ImageObject","inLanguage":"es","@id":"http:\/\/cuartetoenlaweb.com.ar\/sitio\/#\/schema\/logo\/image\/","url":"http:\/\/cuartetoenlaweb.com.ar\/sitio\/wp-content\/uploads\/2025\/07\/cropped-cropped-logitoweb21.png","contentUrl":"http:\/\/cuartetoenlaweb.com.ar\/sitio\/wp-content\/uploads\/2025\/07\/cropped-cropped-logitoweb21.png","width":199,"height":199,"caption":"Cuarteto en la Web"},"image":{"@id":"http:\/\/cuartetoenlaweb.com.ar\/sitio\/#\/schema\/logo\/image\/"}}]}},"_links":{"self":[{"href":"http:\/\/cuartetoenlaweb.com.ar\/sitio\/wp-json\/wp\/v2\/posts\/14484","targetHints":{"allow":["GET"]}}],"collection":[{"href":"http:\/\/cuartetoenlaweb.com.ar\/sitio\/wp-json\/wp\/v2\/posts"}],"about":[{"href":"http:\/\/cuartetoenlaweb.com.ar\/sitio\/wp-json\/wp\/v2\/types\/post"}],"replies":[{"embeddable":true,"href":"http:\/\/cuartetoenlaweb.com.ar\/sitio\/wp-json\/wp\/v2\/comments?post=14484"}],"version-history":[{"count":0,"href":"http:\/\/cuartetoenlaweb.com.ar\/sitio\/wp-json\/wp\/v2\/posts\/14484\/revisions"}],"wp:featuredmedia":[{"embeddable":true,"href":"http:\/\/cuartetoenlaweb.com.ar\/sitio\/wp-json\/wp\/v2\/media\/14485"}],"wp:attachment":[{"href":"http:\/\/cuartetoenlaweb.com.ar\/sitio\/wp-json\/wp\/v2\/media?parent=14484"}],"wp:term":[{"taxonomy":"category","embeddable":true,"href":"http:\/\/cuartetoenlaweb.com.ar\/sitio\/wp-json\/wp\/v2\/categories?post=14484"},{"taxonomy":"post_tag","embeddable":true,"href":"http:\/\/cuartetoenlaweb.com.ar\/sitio\/wp-json\/wp\/v2\/tags?post=14484"}],"curies":[{"name":"wp","href":"https:\/\/api.w.org\/{rel}","templated":true}]}}