
{"id":14472,"date":"2026-03-13T10:00:52","date_gmt":"2026-03-13T13:00:52","guid":{"rendered":"https:\/\/cuartetoenlaweb.com.ar\/sitio\/adorni-se-quedo-de-vacaciones-en-nueva-york-bombazo-de-manu-jove-y-nacho-ortelli\/"},"modified":"2026-03-13T10:00:52","modified_gmt":"2026-03-13T13:00:52","slug":"adorni-se-quedo-de-vacaciones-en-nueva-york-bombazo-de-manu-jove-y-nacho-ortelli","status":"publish","type":"post","link":"http:\/\/cuartetoenlaweb.com.ar\/sitio\/adorni-se-quedo-de-vacaciones-en-nueva-york-bombazo-de-manu-jove-y-nacho-ortelli\/","title":{"rendered":"\u201c\u00bfAdorni se qued\u00f3 de vacaciones en Nueva York?\u201d: bombazo de Manu Jove y Nacho Ortelli"},"content":{"rendered":"<p>El esc\u00e1ndalo por los viajes de Manuel Adorni, crece d\u00eda a d\u00eda. Por el que realiz\u00f3 a Nueva York con su esposa incluida en el avi\u00f3n presidencial, y por el que hizo a Punta del Este durante el feriado de carnaval. <\/p>\n<p>Las cr\u00edticas se multiplican -ver Baby Etchecopar asegur\u00f3 que \u201cAdorni ya est\u00e1 echado\u201d  y Cristina P\u00e9rez lo fulmin\u00f3 en su editoral- aunque el gobierno hable de fake news y lo defienda. <\/p>\n<p>En A24 revelaron que Manolito sigue de vacaciones. \u00a1S\u00ed! \u201cArgentina Week termin\u00f3 hoy y Adorni tiene regreso el s\u00e1bado a \u00faltima hora\u201d, confirm\u00f3 Manu Jove. <\/p>\n<p>Y Nacho Ortelli se sorprendi\u00f3: \u201cNo, Manu. Es imposible que despu\u00e9s de este esc\u00e1ndalo se haya quedado de vacaciones\u201d. <\/p>\n<p>Jove cerr\u00f3: \u201cMe cuentan que no ser\u00e1 en un vuelo comercial para que no viva ninguna incomodidad\u201d.<\/p>\n","protected":false},"excerpt":{"rendered":"<p>El esc\u00e1ndalo por los viajes de Manuel Adorni, crece d\u00eda<\/p>\n","protected":false},"author":0,"featured_media":14473,"comment_status":"","ping_status":"","sticky":false,"template":"","format":"standard","meta":{"footnotes":""},"categories":[65],"tags":[],"class_list":["post-14472","post","type-post","status-publish","format-standard","has-post-thumbnail","hentry","category-pais"],"yoast_head":"<!-- This site is optimized with the Yoast SEO plugin v27.5 - https:\/\/yoast.com\/product\/yoast-seo-wordpress\/ -->\n<title>\u201c\u00bfAdorni se qued\u00f3 de vacaciones en Nueva York?\u201d: bombazo de Manu Jove y Nacho Ortelli - Cuarteto en la Web<\/title>\n<meta name=\"robots\" content=\"index, follow, max-snippet:-1, max-image-preview:large, max-video-preview:-1\" \/>\n<link rel=\"canonical\" href=\"https:\/\/cuartetoenlaweb.com.ar\/sitio\/adorni-se-quedo-de-vacaciones-en-nueva-york-bombazo-de-manu-jove-y-nacho-ortelli\/\" \/>\n<meta property=\"og:locale\" content=\"es_ES\" \/>\n<meta property=\"og:type\" content=\"article\" \/>\n<meta property=\"og:title\" content=\"\u201c\u00bfAdorni se qued\u00f3 de vacaciones en Nueva York?\u201d: bombazo de Manu Jove y Nacho Ortelli - Cuarteto en la Web\" \/>\n<meta property=\"og:description\" content=\"El esc\u00e1ndalo por los viajes de Manuel Adorni, crece d\u00eda\" \/>\n<meta property=\"og:url\" content=\"https:\/\/cuartetoenlaweb.com.ar\/sitio\/adorni-se-quedo-de-vacaciones-en-nueva-york-bombazo-de-manu-jove-y-nacho-ortelli\/\" \/>\n<meta property=\"og:site_name\" content=\"Cuarteto en la Web\" \/>\n<meta property=\"article:published_time\" content=\"2026-03-13T13:00:52+00:00\" \/>\n<meta property=\"og:image\" content=\"https:\/\/cuartetoenlaweb.com.ar\/sitio\/wp-content\/uploads\/2026\/03\/720-273.jpeg\" \/>\n\t<meta property=\"og:image:width\" content=\"1163\" \/>\n\t<meta property=\"og:image:height\" content=\"720\" \/>\n\t<meta property=\"og:image:type\" content=\"image\/jpeg\" \/>\n<meta name=\"twitter:card\" content=\"summary_large_image\" \/>\n<meta name=\"twitter:label1\" content=\"Tiempo de lectura\" \/>\n\t<meta name=\"twitter:data1\" content=\"1 minuto\" \/>\n<script type=\"application\/ld+json\" class=\"yoast-schema-graph\">{\"@context\":\"https:\\\/\\\/schema.org\",\"@graph\":[{\"@type\":\"Article\",\"@id\":\"https:\\\/\\\/cuartetoenlaweb.com.ar\\\/sitio\\\/adorni-se-quedo-de-vacaciones-en-nueva-york-bombazo-de-manu-jove-y-nacho-ortelli\\\/#article\",\"isPartOf\":{\"@id\":\"https:\\\/\\\/cuartetoenlaweb.com.ar\\\/sitio\\\/adorni-se-quedo-de-vacaciones-en-nueva-york-bombazo-de-manu-jove-y-nacho-ortelli\\\/\"},\"author\":{\"name\":\"\",\"@id\":\"\"},\"headline\":\"\u201c\u00bfAdorni se qued\u00f3 de vacaciones en Nueva York?\u201d: bombazo de Manu Jove y Nacho Ortelli\",\"datePublished\":\"2026-03-13T13:00:52+00:00\",\"mainEntityOfPage\":{\"@id\":\"https:\\\/\\\/cuartetoenlaweb.com.ar\\\/sitio\\\/adorni-se-quedo-de-vacaciones-en-nueva-york-bombazo-de-manu-jove-y-nacho-ortelli\\\/\"},\"wordCount\":157,\"publisher\":{\"@id\":\"http:\\\/\\\/cuartetoenlaweb.com.ar\\\/sitio\\\/#organization\"},\"image\":{\"@id\":\"https:\\\/\\\/cuartetoenlaweb.com.ar\\\/sitio\\\/adorni-se-quedo-de-vacaciones-en-nueva-york-bombazo-de-manu-jove-y-nacho-ortelli\\\/#primaryimage\"},\"thumbnailUrl\":\"http:\\\/\\\/cuartetoenlaweb.com.ar\\\/sitio\\\/wp-content\\\/uploads\\\/2026\\\/03\\\/720-273.jpeg\",\"articleSection\":[\"PAIS\"],\"inLanguage\":\"es\"},{\"@type\":\"WebPage\",\"@id\":\"https:\\\/\\\/cuartetoenlaweb.com.ar\\\/sitio\\\/adorni-se-quedo-de-vacaciones-en-nueva-york-bombazo-de-manu-jove-y-nacho-ortelli\\\/\",\"url\":\"https:\\\/\\\/cuartetoenlaweb.com.ar\\\/sitio\\\/adorni-se-quedo-de-vacaciones-en-nueva-york-bombazo-de-manu-jove-y-nacho-ortelli\\\/\",\"name\":\"\u201c\u00bfAdorni se qued\u00f3 de vacaciones en Nueva York?\u201d: bombazo de Manu Jove y Nacho Ortelli - Cuarteto en la Web\",\"isPartOf\":{\"@id\":\"http:\\\/\\\/cuartetoenlaweb.com.ar\\\/sitio\\\/#website\"},\"primaryImageOfPage\":{\"@id\":\"https:\\\/\\\/cuartetoenlaweb.com.ar\\\/sitio\\\/adorni-se-quedo-de-vacaciones-en-nueva-york-bombazo-de-manu-jove-y-nacho-ortelli\\\/#primaryimage\"},\"image\":{\"@id\":\"https:\\\/\\\/cuartetoenlaweb.com.ar\\\/sitio\\\/adorni-se-quedo-de-vacaciones-en-nueva-york-bombazo-de-manu-jove-y-nacho-ortelli\\\/#primaryimage\"},\"thumbnailUrl\":\"http:\\\/\\\/cuartetoenlaweb.com.ar\\\/sitio\\\/wp-content\\\/uploads\\\/2026\\\/03\\\/720-273.jpeg\",\"datePublished\":\"2026-03-13T13:00:52+00:00\",\"breadcrumb\":{\"@id\":\"https:\\\/\\\/cuartetoenlaweb.com.ar\\\/sitio\\\/adorni-se-quedo-de-vacaciones-en-nueva-york-bombazo-de-manu-jove-y-nacho-ortelli\\\/#breadcrumb\"},\"inLanguage\":\"es\",\"potentialAction\":[{\"@type\":\"ReadAction\",\"target\":[\"https:\\\/\\\/cuartetoenlaweb.com.ar\\\/sitio\\\/adorni-se-quedo-de-vacaciones-en-nueva-york-bombazo-de-manu-jove-y-nacho-ortelli\\\/\"]}]},{\"@type\":\"ImageObject\",\"inLanguage\":\"es\",\"@id\":\"https:\\\/\\\/cuartetoenlaweb.com.ar\\\/sitio\\\/adorni-se-quedo-de-vacaciones-en-nueva-york-bombazo-de-manu-jove-y-nacho-ortelli\\\/#primaryimage\",\"url\":\"http:\\\/\\\/cuartetoenlaweb.com.ar\\\/sitio\\\/wp-content\\\/uploads\\\/2026\\\/03\\\/720-273.jpeg\",\"contentUrl\":\"http:\\\/\\\/cuartetoenlaweb.com.ar\\\/sitio\\\/wp-content\\\/uploads\\\/2026\\\/03\\\/720-273.jpeg\",\"width\":1163,\"height\":720},{\"@type\":\"BreadcrumbList\",\"@id\":\"https:\\\/\\\/cuartetoenlaweb.com.ar\\\/sitio\\\/adorni-se-quedo-de-vacaciones-en-nueva-york-bombazo-de-manu-jove-y-nacho-ortelli\\\/#breadcrumb\",\"itemListElement\":[{\"@type\":\"ListItem\",\"position\":1,\"name\":\"Portada\",\"item\":\"http:\\\/\\\/cuartetoenlaweb.com.ar\\\/sitio\\\/\"},{\"@type\":\"ListItem\",\"position\":2,\"name\":\"\u201c\u00bfAdorni se qued\u00f3 de vacaciones en Nueva York?\u201d: bombazo de Manu Jove y Nacho Ortelli\"}]},{\"@type\":\"WebSite\",\"@id\":\"http:\\\/\\\/cuartetoenlaweb.com.ar\\\/sitio\\\/#website\",\"url\":\"http:\\\/\\\/cuartetoenlaweb.com.ar\\\/sitio\\\/\",\"name\":\"Cuarteto en la Web\",\"description\":\"\",\"publisher\":{\"@id\":\"http:\\\/\\\/cuartetoenlaweb.com.ar\\\/sitio\\\/#organization\"},\"potentialAction\":[{\"@type\":\"SearchAction\",\"target\":{\"@type\":\"EntryPoint\",\"urlTemplate\":\"http:\\\/\\\/cuartetoenlaweb.com.ar\\\/sitio\\\/?s={search_term_string}\"},\"query-input\":{\"@type\":\"PropertyValueSpecification\",\"valueRequired\":true,\"valueName\":\"search_term_string\"}}],\"inLanguage\":\"es\"},{\"@type\":\"Organization\",\"@id\":\"http:\\\/\\\/cuartetoenlaweb.com.ar\\\/sitio\\\/#organization\",\"name\":\"Cuarteto en la Web\",\"url\":\"http:\\\/\\\/cuartetoenlaweb.com.ar\\\/sitio\\\/\",\"logo\":{\"@type\":\"ImageObject\",\"inLanguage\":\"es\",\"@id\":\"http:\\\/\\\/cuartetoenlaweb.com.ar\\\/sitio\\\/#\\\/schema\\\/logo\\\/image\\\/\",\"url\":\"http:\\\/\\\/cuartetoenlaweb.com.ar\\\/sitio\\\/wp-content\\\/uploads\\\/2025\\\/07\\\/cropped-cropped-logitoweb21.png\",\"contentUrl\":\"http:\\\/\\\/cuartetoenlaweb.com.ar\\\/sitio\\\/wp-content\\\/uploads\\\/2025\\\/07\\\/cropped-cropped-logitoweb21.png\",\"width\":199,\"height\":199,\"caption\":\"Cuarteto en la Web\"},\"image\":{\"@id\":\"http:\\\/\\\/cuartetoenlaweb.com.ar\\\/sitio\\\/#\\\/schema\\\/logo\\\/image\\\/\"}}]}<\/script>\n<!-- \/ Yoast SEO plugin. -->","yoast_head_json":{"title":"\u201c\u00bfAdorni se qued\u00f3 de vacaciones en Nueva York?\u201d: bombazo de Manu Jove y Nacho Ortelli - Cuarteto en la Web","robots":{"index":"index","follow":"follow","max-snippet":"max-snippet:-1","max-image-preview":"max-image-preview:large","max-video-preview":"max-video-preview:-1"},"canonical":"https:\/\/cuartetoenlaweb.com.ar\/sitio\/adorni-se-quedo-de-vacaciones-en-nueva-york-bombazo-de-manu-jove-y-nacho-ortelli\/","og_locale":"es_ES","og_type":"article","og_title":"\u201c\u00bfAdorni se qued\u00f3 de vacaciones en Nueva York?\u201d: bombazo de Manu Jove y Nacho Ortelli - Cuarteto en la Web","og_description":"El esc\u00e1ndalo por los viajes de Manuel Adorni, crece d\u00eda","og_url":"https:\/\/cuartetoenlaweb.com.ar\/sitio\/adorni-se-quedo-de-vacaciones-en-nueva-york-bombazo-de-manu-jove-y-nacho-ortelli\/","og_site_name":"Cuarteto en la Web","article_published_time":"2026-03-13T13:00:52+00:00","og_image":[{"width":1163,"height":720,"url":"https:\/\/cuartetoenlaweb.com.ar\/sitio\/wp-content\/uploads\/2026\/03\/720-273.jpeg","type":"image\/jpeg"}],"twitter_card":"summary_large_image","twitter_misc":{"Tiempo de lectura":"1 minuto"},"schema":{"@context":"https:\/\/schema.org","@graph":[{"@type":"Article","@id":"https:\/\/cuartetoenlaweb.com.ar\/sitio\/adorni-se-quedo-de-vacaciones-en-nueva-york-bombazo-de-manu-jove-y-nacho-ortelli\/#article","isPartOf":{"@id":"https:\/\/cuartetoenlaweb.com.ar\/sitio\/adorni-se-quedo-de-vacaciones-en-nueva-york-bombazo-de-manu-jove-y-nacho-ortelli\/"},"author":{"name":"","@id":""},"headline":"\u201c\u00bfAdorni se qued\u00f3 de vacaciones en Nueva York?\u201d: bombazo de Manu Jove y Nacho Ortelli","datePublished":"2026-03-13T13:00:52+00:00","mainEntityOfPage":{"@id":"https:\/\/cuartetoenlaweb.com.ar\/sitio\/adorni-se-quedo-de-vacaciones-en-nueva-york-bombazo-de-manu-jove-y-nacho-ortelli\/"},"wordCount":157,"publisher":{"@id":"http:\/\/cuartetoenlaweb.com.ar\/sitio\/#organization"},"image":{"@id":"https:\/\/cuartetoenlaweb.com.ar\/sitio\/adorni-se-quedo-de-vacaciones-en-nueva-york-bombazo-de-manu-jove-y-nacho-ortelli\/#primaryimage"},"thumbnailUrl":"http:\/\/cuartetoenlaweb.com.ar\/sitio\/wp-content\/uploads\/2026\/03\/720-273.jpeg","articleSection":["PAIS"],"inLanguage":"es"},{"@type":"WebPage","@id":"https:\/\/cuartetoenlaweb.com.ar\/sitio\/adorni-se-quedo-de-vacaciones-en-nueva-york-bombazo-de-manu-jove-y-nacho-ortelli\/","url":"https:\/\/cuartetoenlaweb.com.ar\/sitio\/adorni-se-quedo-de-vacaciones-en-nueva-york-bombazo-de-manu-jove-y-nacho-ortelli\/","name":"\u201c\u00bfAdorni se qued\u00f3 de vacaciones en Nueva York?\u201d: bombazo de Manu Jove y Nacho Ortelli - Cuarteto en la Web","isPartOf":{"@id":"http:\/\/cuartetoenlaweb.com.ar\/sitio\/#website"},"primaryImageOfPage":{"@id":"https:\/\/cuartetoenlaweb.com.ar\/sitio\/adorni-se-quedo-de-vacaciones-en-nueva-york-bombazo-de-manu-jove-y-nacho-ortelli\/#primaryimage"},"image":{"@id":"https:\/\/cuartetoenlaweb.com.ar\/sitio\/adorni-se-quedo-de-vacaciones-en-nueva-york-bombazo-de-manu-jove-y-nacho-ortelli\/#primaryimage"},"thumbnailUrl":"http:\/\/cuartetoenlaweb.com.ar\/sitio\/wp-content\/uploads\/2026\/03\/720-273.jpeg","datePublished":"2026-03-13T13:00:52+00:00","breadcrumb":{"@id":"https:\/\/cuartetoenlaweb.com.ar\/sitio\/adorni-se-quedo-de-vacaciones-en-nueva-york-bombazo-de-manu-jove-y-nacho-ortelli\/#breadcrumb"},"inLanguage":"es","potentialAction":[{"@type":"ReadAction","target":["https:\/\/cuartetoenlaweb.com.ar\/sitio\/adorni-se-quedo-de-vacaciones-en-nueva-york-bombazo-de-manu-jove-y-nacho-ortelli\/"]}]},{"@type":"ImageObject","inLanguage":"es","@id":"https:\/\/cuartetoenlaweb.com.ar\/sitio\/adorni-se-quedo-de-vacaciones-en-nueva-york-bombazo-de-manu-jove-y-nacho-ortelli\/#primaryimage","url":"http:\/\/cuartetoenlaweb.com.ar\/sitio\/wp-content\/uploads\/2026\/03\/720-273.jpeg","contentUrl":"http:\/\/cuartetoenlaweb.com.ar\/sitio\/wp-content\/uploads\/2026\/03\/720-273.jpeg","width":1163,"height":720},{"@type":"BreadcrumbList","@id":"https:\/\/cuartetoenlaweb.com.ar\/sitio\/adorni-se-quedo-de-vacaciones-en-nueva-york-bombazo-de-manu-jove-y-nacho-ortelli\/#breadcrumb","itemListElement":[{"@type":"ListItem","position":1,"name":"Portada","item":"http:\/\/cuartetoenlaweb.com.ar\/sitio\/"},{"@type":"ListItem","position":2,"name":"\u201c\u00bfAdorni se qued\u00f3 de vacaciones en Nueva York?\u201d: bombazo de Manu Jove y Nacho Ortelli"}]},{"@type":"WebSite","@id":"http:\/\/cuartetoenlaweb.com.ar\/sitio\/#website","url":"http:\/\/cuartetoenlaweb.com.ar\/sitio\/","name":"Cuarteto en la Web","description":"","publisher":{"@id":"http:\/\/cuartetoenlaweb.com.ar\/sitio\/#organization"},"potentialAction":[{"@type":"SearchAction","target":{"@type":"EntryPoint","urlTemplate":"http:\/\/cuartetoenlaweb.com.ar\/sitio\/?s={search_term_string}"},"query-input":{"@type":"PropertyValueSpecification","valueRequired":true,"valueName":"search_term_string"}}],"inLanguage":"es"},{"@type":"Organization","@id":"http:\/\/cuartetoenlaweb.com.ar\/sitio\/#organization","name":"Cuarteto en la Web","url":"http:\/\/cuartetoenlaweb.com.ar\/sitio\/","logo":{"@type":"ImageObject","inLanguage":"es","@id":"http:\/\/cuartetoenlaweb.com.ar\/sitio\/#\/schema\/logo\/image\/","url":"http:\/\/cuartetoenlaweb.com.ar\/sitio\/wp-content\/uploads\/2025\/07\/cropped-cropped-logitoweb21.png","contentUrl":"http:\/\/cuartetoenlaweb.com.ar\/sitio\/wp-content\/uploads\/2025\/07\/cropped-cropped-logitoweb21.png","width":199,"height":199,"caption":"Cuarteto en la Web"},"image":{"@id":"http:\/\/cuartetoenlaweb.com.ar\/sitio\/#\/schema\/logo\/image\/"}}]}},"_links":{"self":[{"href":"http:\/\/cuartetoenlaweb.com.ar\/sitio\/wp-json\/wp\/v2\/posts\/14472","targetHints":{"allow":["GET"]}}],"collection":[{"href":"http:\/\/cuartetoenlaweb.com.ar\/sitio\/wp-json\/wp\/v2\/posts"}],"about":[{"href":"http:\/\/cuartetoenlaweb.com.ar\/sitio\/wp-json\/wp\/v2\/types\/post"}],"replies":[{"embeddable":true,"href":"http:\/\/cuartetoenlaweb.com.ar\/sitio\/wp-json\/wp\/v2\/comments?post=14472"}],"version-history":[{"count":0,"href":"http:\/\/cuartetoenlaweb.com.ar\/sitio\/wp-json\/wp\/v2\/posts\/14472\/revisions"}],"wp:featuredmedia":[{"embeddable":true,"href":"http:\/\/cuartetoenlaweb.com.ar\/sitio\/wp-json\/wp\/v2\/media\/14473"}],"wp:attachment":[{"href":"http:\/\/cuartetoenlaweb.com.ar\/sitio\/wp-json\/wp\/v2\/media?parent=14472"}],"wp:term":[{"taxonomy":"category","embeddable":true,"href":"http:\/\/cuartetoenlaweb.com.ar\/sitio\/wp-json\/wp\/v2\/categories?post=14472"},{"taxonomy":"post_tag","embeddable":true,"href":"http:\/\/cuartetoenlaweb.com.ar\/sitio\/wp-json\/wp\/v2\/tags?post=14472"}],"curies":[{"name":"wp","href":"https:\/\/api.w.org\/{rel}","templated":true}]}}