
{"id":14462,"date":"2026-03-13T10:00:32","date_gmt":"2026-03-13T13:00:32","guid":{"rendered":"https:\/\/cuartetoenlaweb.com.ar\/sitio\/asesinato-del-policia-en-cordoba-imputacion-por-homicidio-agravado-y-secuestro-de-armas\/"},"modified":"2026-03-13T10:00:32","modified_gmt":"2026-03-13T13:00:32","slug":"asesinato-del-policia-en-cordoba-imputacion-por-homicidio-agravado-y-secuestro-de-armas","status":"publish","type":"post","link":"http:\/\/cuartetoenlaweb.com.ar\/sitio\/asesinato-del-policia-en-cordoba-imputacion-por-homicidio-agravado-y-secuestro-de-armas\/","title":{"rendered":"Asesinato del polic\u00eda en C\u00f3rdoba: imputaci\u00f3n por homicidio agravado y secuestro de armas"},"content":{"rendered":"<p>La Fiscal\u00eda de Instrucci\u00f3n del Distrito 4 Turno 6 y la Unidad Judicial Homicidios, en relaci\u00f3n a la muerte del efectivo policial Luis Alejandro Azabal, dispusieron: la detenci\u00f3n del supuesto autor (masculino de 39 a\u00f1os), quien qued\u00f3 imputado por el delito de homicidio agravado y tenencia ilegal de arma de guerra; el secuestro de 3 armas de fuego (dos de pu\u00f1o y una escopeta) en el domicilio del imputado, y el secuestro del arma del personal policial fallecido. Asimismo se dispuso se practique la autopsia correspondiente; finalmente se solicit\u00f3 al imputado que proponga abogado defensor, bajo apercibimiento de designar de oficio al Asesor Letrado. La Fiscal\u00eda actuante contin\u00faa adoptando todas las medidas correspondientes para la instrucci\u00f3n de la causa.<\/p>\n","protected":false},"excerpt":{"rendered":"<p>La Fiscal\u00eda de Instrucci\u00f3n del Distrito 4 Turno 6 y<\/p>\n","protected":false},"author":0,"featured_media":14463,"comment_status":"","ping_status":"","sticky":false,"template":"","format":"standard","meta":{"footnotes":""},"categories":[65],"tags":[],"class_list":["post-14462","post","type-post","status-publish","format-standard","has-post-thumbnail","hentry","category-pais"],"yoast_head":"<!-- This site is optimized with the Yoast SEO plugin v27.5 - https:\/\/yoast.com\/product\/yoast-seo-wordpress\/ -->\n<title>Asesinato del polic\u00eda en C\u00f3rdoba: imputaci\u00f3n por homicidio agravado y secuestro de armas - Cuarteto en la Web<\/title>\n<meta name=\"robots\" content=\"index, follow, max-snippet:-1, max-image-preview:large, max-video-preview:-1\" \/>\n<link rel=\"canonical\" href=\"http:\/\/cuartetoenlaweb.com.ar\/sitio\/asesinato-del-policia-en-cordoba-imputacion-por-homicidio-agravado-y-secuestro-de-armas\/\" \/>\n<meta property=\"og:locale\" content=\"es_ES\" \/>\n<meta property=\"og:type\" content=\"article\" \/>\n<meta property=\"og:title\" content=\"Asesinato del polic\u00eda en C\u00f3rdoba: imputaci\u00f3n por homicidio agravado y secuestro de armas - Cuarteto en la Web\" \/>\n<meta property=\"og:description\" content=\"La Fiscal\u00eda de Instrucci\u00f3n del Distrito 4 Turno 6 y\" \/>\n<meta property=\"og:url\" content=\"http:\/\/cuartetoenlaweb.com.ar\/sitio\/asesinato-del-policia-en-cordoba-imputacion-por-homicidio-agravado-y-secuestro-de-armas\/\" \/>\n<meta property=\"og:site_name\" content=\"Cuarteto en la Web\" \/>\n<meta property=\"article:published_time\" content=\"2026-03-13T13:00:32+00:00\" \/>\n<meta property=\"og:image\" content=\"http:\/\/cuartetoenlaweb.com.ar\/sitio\/wp-content\/uploads\/2026\/03\/portadax-91.png\" \/>\n\t<meta property=\"og:image:width\" content=\"1366\" \/>\n\t<meta property=\"og:image:height\" content=\"768\" \/>\n\t<meta property=\"og:image:type\" content=\"image\/png\" \/>\n<meta name=\"twitter:card\" content=\"summary_large_image\" \/>\n<meta name=\"twitter:label1\" content=\"Tiempo de lectura\" \/>\n\t<meta name=\"twitter:data1\" content=\"1 minuto\" \/>\n<script type=\"application\/ld+json\" class=\"yoast-schema-graph\">{\"@context\":\"https:\\\/\\\/schema.org\",\"@graph\":[{\"@type\":\"Article\",\"@id\":\"http:\\\/\\\/cuartetoenlaweb.com.ar\\\/sitio\\\/asesinato-del-policia-en-cordoba-imputacion-por-homicidio-agravado-y-secuestro-de-armas\\\/#article\",\"isPartOf\":{\"@id\":\"http:\\\/\\\/cuartetoenlaweb.com.ar\\\/sitio\\\/asesinato-del-policia-en-cordoba-imputacion-por-homicidio-agravado-y-secuestro-de-armas\\\/\"},\"author\":{\"name\":\"\",\"@id\":\"\"},\"headline\":\"Asesinato del polic\u00eda en C\u00f3rdoba: imputaci\u00f3n por homicidio agravado y secuestro de armas\",\"datePublished\":\"2026-03-13T13:00:32+00:00\",\"mainEntityOfPage\":{\"@id\":\"http:\\\/\\\/cuartetoenlaweb.com.ar\\\/sitio\\\/asesinato-del-policia-en-cordoba-imputacion-por-homicidio-agravado-y-secuestro-de-armas\\\/\"},\"wordCount\":140,\"publisher\":{\"@id\":\"http:\\\/\\\/cuartetoenlaweb.com.ar\\\/sitio\\\/#organization\"},\"image\":{\"@id\":\"http:\\\/\\\/cuartetoenlaweb.com.ar\\\/sitio\\\/asesinato-del-policia-en-cordoba-imputacion-por-homicidio-agravado-y-secuestro-de-armas\\\/#primaryimage\"},\"thumbnailUrl\":\"http:\\\/\\\/cuartetoenlaweb.com.ar\\\/sitio\\\/wp-content\\\/uploads\\\/2026\\\/03\\\/portadax-91.png\",\"articleSection\":[\"PAIS\"],\"inLanguage\":\"es\"},{\"@type\":\"WebPage\",\"@id\":\"http:\\\/\\\/cuartetoenlaweb.com.ar\\\/sitio\\\/asesinato-del-policia-en-cordoba-imputacion-por-homicidio-agravado-y-secuestro-de-armas\\\/\",\"url\":\"http:\\\/\\\/cuartetoenlaweb.com.ar\\\/sitio\\\/asesinato-del-policia-en-cordoba-imputacion-por-homicidio-agravado-y-secuestro-de-armas\\\/\",\"name\":\"Asesinato del polic\u00eda en C\u00f3rdoba: imputaci\u00f3n por homicidio agravado y secuestro de armas - Cuarteto en la Web\",\"isPartOf\":{\"@id\":\"http:\\\/\\\/cuartetoenlaweb.com.ar\\\/sitio\\\/#website\"},\"primaryImageOfPage\":{\"@id\":\"http:\\\/\\\/cuartetoenlaweb.com.ar\\\/sitio\\\/asesinato-del-policia-en-cordoba-imputacion-por-homicidio-agravado-y-secuestro-de-armas\\\/#primaryimage\"},\"image\":{\"@id\":\"http:\\\/\\\/cuartetoenlaweb.com.ar\\\/sitio\\\/asesinato-del-policia-en-cordoba-imputacion-por-homicidio-agravado-y-secuestro-de-armas\\\/#primaryimage\"},\"thumbnailUrl\":\"http:\\\/\\\/cuartetoenlaweb.com.ar\\\/sitio\\\/wp-content\\\/uploads\\\/2026\\\/03\\\/portadax-91.png\",\"datePublished\":\"2026-03-13T13:00:32+00:00\",\"breadcrumb\":{\"@id\":\"http:\\\/\\\/cuartetoenlaweb.com.ar\\\/sitio\\\/asesinato-del-policia-en-cordoba-imputacion-por-homicidio-agravado-y-secuestro-de-armas\\\/#breadcrumb\"},\"inLanguage\":\"es\",\"potentialAction\":[{\"@type\":\"ReadAction\",\"target\":[\"http:\\\/\\\/cuartetoenlaweb.com.ar\\\/sitio\\\/asesinato-del-policia-en-cordoba-imputacion-por-homicidio-agravado-y-secuestro-de-armas\\\/\"]}]},{\"@type\":\"ImageObject\",\"inLanguage\":\"es\",\"@id\":\"http:\\\/\\\/cuartetoenlaweb.com.ar\\\/sitio\\\/asesinato-del-policia-en-cordoba-imputacion-por-homicidio-agravado-y-secuestro-de-armas\\\/#primaryimage\",\"url\":\"http:\\\/\\\/cuartetoenlaweb.com.ar\\\/sitio\\\/wp-content\\\/uploads\\\/2026\\\/03\\\/portadax-91.png\",\"contentUrl\":\"http:\\\/\\\/cuartetoenlaweb.com.ar\\\/sitio\\\/wp-content\\\/uploads\\\/2026\\\/03\\\/portadax-91.png\",\"width\":1366,\"height\":768},{\"@type\":\"BreadcrumbList\",\"@id\":\"http:\\\/\\\/cuartetoenlaweb.com.ar\\\/sitio\\\/asesinato-del-policia-en-cordoba-imputacion-por-homicidio-agravado-y-secuestro-de-armas\\\/#breadcrumb\",\"itemListElement\":[{\"@type\":\"ListItem\",\"position\":1,\"name\":\"Portada\",\"item\":\"http:\\\/\\\/cuartetoenlaweb.com.ar\\\/sitio\\\/\"},{\"@type\":\"ListItem\",\"position\":2,\"name\":\"Asesinato del polic\u00eda en C\u00f3rdoba: imputaci\u00f3n por homicidio agravado y secuestro de armas\"}]},{\"@type\":\"WebSite\",\"@id\":\"http:\\\/\\\/cuartetoenlaweb.com.ar\\\/sitio\\\/#website\",\"url\":\"http:\\\/\\\/cuartetoenlaweb.com.ar\\\/sitio\\\/\",\"name\":\"Cuarteto en la Web\",\"description\":\"\",\"publisher\":{\"@id\":\"http:\\\/\\\/cuartetoenlaweb.com.ar\\\/sitio\\\/#organization\"},\"potentialAction\":[{\"@type\":\"SearchAction\",\"target\":{\"@type\":\"EntryPoint\",\"urlTemplate\":\"http:\\\/\\\/cuartetoenlaweb.com.ar\\\/sitio\\\/?s={search_term_string}\"},\"query-input\":{\"@type\":\"PropertyValueSpecification\",\"valueRequired\":true,\"valueName\":\"search_term_string\"}}],\"inLanguage\":\"es\"},{\"@type\":\"Organization\",\"@id\":\"http:\\\/\\\/cuartetoenlaweb.com.ar\\\/sitio\\\/#organization\",\"name\":\"Cuarteto en la Web\",\"url\":\"http:\\\/\\\/cuartetoenlaweb.com.ar\\\/sitio\\\/\",\"logo\":{\"@type\":\"ImageObject\",\"inLanguage\":\"es\",\"@id\":\"http:\\\/\\\/cuartetoenlaweb.com.ar\\\/sitio\\\/#\\\/schema\\\/logo\\\/image\\\/\",\"url\":\"http:\\\/\\\/cuartetoenlaweb.com.ar\\\/sitio\\\/wp-content\\\/uploads\\\/2025\\\/07\\\/cropped-cropped-logitoweb21.png\",\"contentUrl\":\"http:\\\/\\\/cuartetoenlaweb.com.ar\\\/sitio\\\/wp-content\\\/uploads\\\/2025\\\/07\\\/cropped-cropped-logitoweb21.png\",\"width\":199,\"height\":199,\"caption\":\"Cuarteto en la Web\"},\"image\":{\"@id\":\"http:\\\/\\\/cuartetoenlaweb.com.ar\\\/sitio\\\/#\\\/schema\\\/logo\\\/image\\\/\"}}]}<\/script>\n<!-- \/ Yoast SEO plugin. -->","yoast_head_json":{"title":"Asesinato del polic\u00eda en C\u00f3rdoba: imputaci\u00f3n por homicidio agravado y secuestro de armas - Cuarteto en la Web","robots":{"index":"index","follow":"follow","max-snippet":"max-snippet:-1","max-image-preview":"max-image-preview:large","max-video-preview":"max-video-preview:-1"},"canonical":"http:\/\/cuartetoenlaweb.com.ar\/sitio\/asesinato-del-policia-en-cordoba-imputacion-por-homicidio-agravado-y-secuestro-de-armas\/","og_locale":"es_ES","og_type":"article","og_title":"Asesinato del polic\u00eda en C\u00f3rdoba: imputaci\u00f3n por homicidio agravado y secuestro de armas - Cuarteto en la Web","og_description":"La Fiscal\u00eda de Instrucci\u00f3n del Distrito 4 Turno 6 y","og_url":"http:\/\/cuartetoenlaweb.com.ar\/sitio\/asesinato-del-policia-en-cordoba-imputacion-por-homicidio-agravado-y-secuestro-de-armas\/","og_site_name":"Cuarteto en la Web","article_published_time":"2026-03-13T13:00:32+00:00","og_image":[{"width":1366,"height":768,"url":"http:\/\/cuartetoenlaweb.com.ar\/sitio\/wp-content\/uploads\/2026\/03\/portadax-91.png","type":"image\/png"}],"twitter_card":"summary_large_image","twitter_misc":{"Tiempo de lectura":"1 minuto"},"schema":{"@context":"https:\/\/schema.org","@graph":[{"@type":"Article","@id":"http:\/\/cuartetoenlaweb.com.ar\/sitio\/asesinato-del-policia-en-cordoba-imputacion-por-homicidio-agravado-y-secuestro-de-armas\/#article","isPartOf":{"@id":"http:\/\/cuartetoenlaweb.com.ar\/sitio\/asesinato-del-policia-en-cordoba-imputacion-por-homicidio-agravado-y-secuestro-de-armas\/"},"author":{"name":"","@id":""},"headline":"Asesinato del polic\u00eda en C\u00f3rdoba: imputaci\u00f3n por homicidio agravado y secuestro de armas","datePublished":"2026-03-13T13:00:32+00:00","mainEntityOfPage":{"@id":"http:\/\/cuartetoenlaweb.com.ar\/sitio\/asesinato-del-policia-en-cordoba-imputacion-por-homicidio-agravado-y-secuestro-de-armas\/"},"wordCount":140,"publisher":{"@id":"http:\/\/cuartetoenlaweb.com.ar\/sitio\/#organization"},"image":{"@id":"http:\/\/cuartetoenlaweb.com.ar\/sitio\/asesinato-del-policia-en-cordoba-imputacion-por-homicidio-agravado-y-secuestro-de-armas\/#primaryimage"},"thumbnailUrl":"http:\/\/cuartetoenlaweb.com.ar\/sitio\/wp-content\/uploads\/2026\/03\/portadax-91.png","articleSection":["PAIS"],"inLanguage":"es"},{"@type":"WebPage","@id":"http:\/\/cuartetoenlaweb.com.ar\/sitio\/asesinato-del-policia-en-cordoba-imputacion-por-homicidio-agravado-y-secuestro-de-armas\/","url":"http:\/\/cuartetoenlaweb.com.ar\/sitio\/asesinato-del-policia-en-cordoba-imputacion-por-homicidio-agravado-y-secuestro-de-armas\/","name":"Asesinato del polic\u00eda en C\u00f3rdoba: imputaci\u00f3n por homicidio agravado y secuestro de armas - Cuarteto en la Web","isPartOf":{"@id":"http:\/\/cuartetoenlaweb.com.ar\/sitio\/#website"},"primaryImageOfPage":{"@id":"http:\/\/cuartetoenlaweb.com.ar\/sitio\/asesinato-del-policia-en-cordoba-imputacion-por-homicidio-agravado-y-secuestro-de-armas\/#primaryimage"},"image":{"@id":"http:\/\/cuartetoenlaweb.com.ar\/sitio\/asesinato-del-policia-en-cordoba-imputacion-por-homicidio-agravado-y-secuestro-de-armas\/#primaryimage"},"thumbnailUrl":"http:\/\/cuartetoenlaweb.com.ar\/sitio\/wp-content\/uploads\/2026\/03\/portadax-91.png","datePublished":"2026-03-13T13:00:32+00:00","breadcrumb":{"@id":"http:\/\/cuartetoenlaweb.com.ar\/sitio\/asesinato-del-policia-en-cordoba-imputacion-por-homicidio-agravado-y-secuestro-de-armas\/#breadcrumb"},"inLanguage":"es","potentialAction":[{"@type":"ReadAction","target":["http:\/\/cuartetoenlaweb.com.ar\/sitio\/asesinato-del-policia-en-cordoba-imputacion-por-homicidio-agravado-y-secuestro-de-armas\/"]}]},{"@type":"ImageObject","inLanguage":"es","@id":"http:\/\/cuartetoenlaweb.com.ar\/sitio\/asesinato-del-policia-en-cordoba-imputacion-por-homicidio-agravado-y-secuestro-de-armas\/#primaryimage","url":"http:\/\/cuartetoenlaweb.com.ar\/sitio\/wp-content\/uploads\/2026\/03\/portadax-91.png","contentUrl":"http:\/\/cuartetoenlaweb.com.ar\/sitio\/wp-content\/uploads\/2026\/03\/portadax-91.png","width":1366,"height":768},{"@type":"BreadcrumbList","@id":"http:\/\/cuartetoenlaweb.com.ar\/sitio\/asesinato-del-policia-en-cordoba-imputacion-por-homicidio-agravado-y-secuestro-de-armas\/#breadcrumb","itemListElement":[{"@type":"ListItem","position":1,"name":"Portada","item":"http:\/\/cuartetoenlaweb.com.ar\/sitio\/"},{"@type":"ListItem","position":2,"name":"Asesinato del polic\u00eda en C\u00f3rdoba: imputaci\u00f3n por homicidio agravado y secuestro de armas"}]},{"@type":"WebSite","@id":"http:\/\/cuartetoenlaweb.com.ar\/sitio\/#website","url":"http:\/\/cuartetoenlaweb.com.ar\/sitio\/","name":"Cuarteto en la Web","description":"","publisher":{"@id":"http:\/\/cuartetoenlaweb.com.ar\/sitio\/#organization"},"potentialAction":[{"@type":"SearchAction","target":{"@type":"EntryPoint","urlTemplate":"http:\/\/cuartetoenlaweb.com.ar\/sitio\/?s={search_term_string}"},"query-input":{"@type":"PropertyValueSpecification","valueRequired":true,"valueName":"search_term_string"}}],"inLanguage":"es"},{"@type":"Organization","@id":"http:\/\/cuartetoenlaweb.com.ar\/sitio\/#organization","name":"Cuarteto en la Web","url":"http:\/\/cuartetoenlaweb.com.ar\/sitio\/","logo":{"@type":"ImageObject","inLanguage":"es","@id":"http:\/\/cuartetoenlaweb.com.ar\/sitio\/#\/schema\/logo\/image\/","url":"http:\/\/cuartetoenlaweb.com.ar\/sitio\/wp-content\/uploads\/2025\/07\/cropped-cropped-logitoweb21.png","contentUrl":"http:\/\/cuartetoenlaweb.com.ar\/sitio\/wp-content\/uploads\/2025\/07\/cropped-cropped-logitoweb21.png","width":199,"height":199,"caption":"Cuarteto en la Web"},"image":{"@id":"http:\/\/cuartetoenlaweb.com.ar\/sitio\/#\/schema\/logo\/image\/"}}]}},"_links":{"self":[{"href":"http:\/\/cuartetoenlaweb.com.ar\/sitio\/wp-json\/wp\/v2\/posts\/14462","targetHints":{"allow":["GET"]}}],"collection":[{"href":"http:\/\/cuartetoenlaweb.com.ar\/sitio\/wp-json\/wp\/v2\/posts"}],"about":[{"href":"http:\/\/cuartetoenlaweb.com.ar\/sitio\/wp-json\/wp\/v2\/types\/post"}],"replies":[{"embeddable":true,"href":"http:\/\/cuartetoenlaweb.com.ar\/sitio\/wp-json\/wp\/v2\/comments?post=14462"}],"version-history":[{"count":0,"href":"http:\/\/cuartetoenlaweb.com.ar\/sitio\/wp-json\/wp\/v2\/posts\/14462\/revisions"}],"wp:featuredmedia":[{"embeddable":true,"href":"http:\/\/cuartetoenlaweb.com.ar\/sitio\/wp-json\/wp\/v2\/media\/14463"}],"wp:attachment":[{"href":"http:\/\/cuartetoenlaweb.com.ar\/sitio\/wp-json\/wp\/v2\/media?parent=14462"}],"wp:term":[{"taxonomy":"category","embeddable":true,"href":"http:\/\/cuartetoenlaweb.com.ar\/sitio\/wp-json\/wp\/v2\/categories?post=14462"},{"taxonomy":"post_tag","embeddable":true,"href":"http:\/\/cuartetoenlaweb.com.ar\/sitio\/wp-json\/wp\/v2\/tags?post=14462"}],"curies":[{"name":"wp","href":"https:\/\/api.w.org\/{rel}","templated":true}]}}