
{"id":14460,"date":"2026-03-13T10:00:27","date_gmt":"2026-03-13T13:00:27","guid":{"rendered":"https:\/\/cuartetoenlaweb.com.ar\/sitio\/cuba-confirmo-contactos-con-estados-unidos-para-abrir-vias-de-dialogo-ante-la-crisis-energetica\/"},"modified":"2026-03-13T10:00:27","modified_gmt":"2026-03-13T13:00:27","slug":"cuba-confirmo-contactos-con-estados-unidos-para-abrir-vias-de-dialogo-ante-la-crisis-energetica","status":"publish","type":"post","link":"http:\/\/cuartetoenlaweb.com.ar\/sitio\/cuba-confirmo-contactos-con-estados-unidos-para-abrir-vias-de-dialogo-ante-la-crisis-energetica\/","title":{"rendered":"Cuba confirm\u00f3 contactos con Estados Unidos para abrir v\u00edas de di\u00e1logo ante la crisis energ\u00e9tica"},"content":{"rendered":"<p>Buenos Aires, 13 marzo (NA) \u2014 El presidente de Cuba, Miguel D\u00edaz-Canel, confirm\u00f3 este viernes que su Gobierno mantiene contactos con funcionarios de la administraci\u00f3n de los Estados Unidos para alentar las v\u00edas de di\u00e1logo, en medio de la arremetida de Washington contra la isla, seg\u00fan informaron medios internacionales.<\/p>\n<p>Los intercambios, supervisadas por \u00e9l mismo y por el l\u00edder revolucionario Ra\u00fal Castro, \u201chan estado orientados a buscar soluciones por la v\u00eda del di\u00e1logo\u201d a las diferencias bilaterales entre las dos naciones, explic\u00f3 el mandatario cubano.<\/p>\n<p>Asimismo, los contactos \u201chan sido favorecidos por los socios internacionales\u201d, seg\u00fan el sitio Actualidad RT, que fue consultado por la Agencia Noticias Argentinas.<\/p>\n<p>\u201cNo es la primera vez que Cuba entra en este tipo de negociaciones\u201d, sostuvo el presidente cubano en una intervenci\u00f3n televisada.<\/p>\n<p>D\u00edaz-Canel hizo referencia a la dura situaci\u00f3n actual de la isla con \u201cel bloqueo energ\u00e9tico y la escasez\u201d. \u201cHace m\u00e1s de tres meses que no entra ning\u00fan barco de combustible a nuestro pa\u00eds\u201d, ha se\u00f1alado, para afirmar a continuaci\u00f3n que se est\u00e1 trabajando \u201cen condiciones muy adversas que tienen un impacto\u201d.<\/p>\n<p>RUSIA HAB\u00cdA FORMULADO UNA ADVERTENCIA<\/p>\n<p>Antes de que se conociera el anuncio de D\u00edaz-Canel, el ministro de Asuntos Exteriores de Rusia, Sergey Lavrov, hab\u00eda reafirmado la posici\u00f3n de principios de Mosc\u00fa sobre la inaceptabilidad de la presi\u00f3n econ\u00f3mica y pol\u00edtica de Estados Unidos sobre Cuba.<\/p>\n<p>Lavrov pronunci\u00f3 esta afirmaci\u00f3n tras una conversaci\u00f3n telef\u00f3nica sostenida con su hom\u00f3logo cubano Bruno Rodr\u00edguez Parrilla, public\u00f3 Xinhua.<\/p>\n<p>As\u00ed consta en un comunicado del Ministerio de Asuntos Exteriores ruso, seg\u00fan el cual Lavrov tambi\u00e9n expres\u00f3 su firme apoyo al fraterno pueblo cubano en sus esfuerzos por defender la soberan\u00eda del Estado y el derecho a elegir su propio camino de desarrollo.<\/p>\n<p>Durante la conversaci\u00f3n, discutieron temas clave de la cooperaci\u00f3n bilateral y la agenda internacional, as\u00ed como la pr\u00f3xima 23\u00aa reuni\u00f3n de la Comisi\u00f3n Intergubernamental Rusia-Cuba sobre Cooperaci\u00f3n Comercial, Econ\u00f3mica, Cient\u00edfica y T\u00e9cnica. <\/p>\n<p>#AgenciaNA<\/p>\n","protected":false},"excerpt":{"rendered":"<p>Buenos Aires, 13 marzo (NA) \u2014 El presidente de Cuba,<\/p>\n","protected":false},"author":0,"featured_media":14461,"comment_status":"","ping_status":"","sticky":false,"template":"","format":"standard","meta":{"footnotes":""},"categories":[65],"tags":[],"class_list":["post-14460","post","type-post","status-publish","format-standard","has-post-thumbnail","hentry","category-pais"],"yoast_head":"<!-- This site is optimized with the Yoast SEO plugin v27.5 - https:\/\/yoast.com\/product\/yoast-seo-wordpress\/ -->\n<title>Cuba confirm\u00f3 contactos con Estados Unidos para abrir v\u00edas de di\u00e1logo ante la crisis energ\u00e9tica - Cuarteto en la Web<\/title>\n<meta name=\"robots\" content=\"index, follow, max-snippet:-1, max-image-preview:large, max-video-preview:-1\" \/>\n<link rel=\"canonical\" href=\"http:\/\/cuartetoenlaweb.com.ar\/sitio\/cuba-confirmo-contactos-con-estados-unidos-para-abrir-vias-de-dialogo-ante-la-crisis-energetica\/\" \/>\n<meta property=\"og:locale\" content=\"es_ES\" \/>\n<meta property=\"og:type\" content=\"article\" \/>\n<meta property=\"og:title\" content=\"Cuba confirm\u00f3 contactos con Estados Unidos para abrir v\u00edas de di\u00e1logo ante la crisis energ\u00e9tica - Cuarteto en la Web\" \/>\n<meta property=\"og:description\" content=\"Buenos Aires, 13 marzo (NA) \u2014 El presidente de Cuba,\" \/>\n<meta property=\"og:url\" content=\"http:\/\/cuartetoenlaweb.com.ar\/sitio\/cuba-confirmo-contactos-con-estados-unidos-para-abrir-vias-de-dialogo-ante-la-crisis-energetica\/\" \/>\n<meta property=\"og:site_name\" content=\"Cuarteto en la Web\" \/>\n<meta property=\"article:published_time\" content=\"2026-03-13T13:00:27+00:00\" \/>\n<meta property=\"og:image\" content=\"http:\/\/cuartetoenlaweb.com.ar\/sitio\/wp-content\/uploads\/2026\/03\/720-271.jpeg\" \/>\n\t<meta property=\"og:image:width\" content=\"1081\" \/>\n\t<meta property=\"og:image:height\" content=\"720\" \/>\n\t<meta property=\"og:image:type\" content=\"image\/jpeg\" \/>\n<meta name=\"twitter:card\" content=\"summary_large_image\" \/>\n<meta name=\"twitter:label1\" content=\"Tiempo de lectura\" \/>\n\t<meta name=\"twitter:data1\" content=\"2 minutos\" \/>\n<script type=\"application\/ld+json\" class=\"yoast-schema-graph\">{\"@context\":\"https:\\\/\\\/schema.org\",\"@graph\":[{\"@type\":\"Article\",\"@id\":\"http:\\\/\\\/cuartetoenlaweb.com.ar\\\/sitio\\\/cuba-confirmo-contactos-con-estados-unidos-para-abrir-vias-de-dialogo-ante-la-crisis-energetica\\\/#article\",\"isPartOf\":{\"@id\":\"http:\\\/\\\/cuartetoenlaweb.com.ar\\\/sitio\\\/cuba-confirmo-contactos-con-estados-unidos-para-abrir-vias-de-dialogo-ante-la-crisis-energetica\\\/\"},\"author\":{\"name\":\"\",\"@id\":\"\"},\"headline\":\"Cuba confirm\u00f3 contactos con Estados Unidos para abrir v\u00edas de di\u00e1logo ante la crisis energ\u00e9tica\",\"datePublished\":\"2026-03-13T13:00:27+00:00\",\"mainEntityOfPage\":{\"@id\":\"http:\\\/\\\/cuartetoenlaweb.com.ar\\\/sitio\\\/cuba-confirmo-contactos-con-estados-unidos-para-abrir-vias-de-dialogo-ante-la-crisis-energetica\\\/\"},\"wordCount\":377,\"publisher\":{\"@id\":\"http:\\\/\\\/cuartetoenlaweb.com.ar\\\/sitio\\\/#organization\"},\"image\":{\"@id\":\"http:\\\/\\\/cuartetoenlaweb.com.ar\\\/sitio\\\/cuba-confirmo-contactos-con-estados-unidos-para-abrir-vias-de-dialogo-ante-la-crisis-energetica\\\/#primaryimage\"},\"thumbnailUrl\":\"http:\\\/\\\/cuartetoenlaweb.com.ar\\\/sitio\\\/wp-content\\\/uploads\\\/2026\\\/03\\\/720-271.jpeg\",\"articleSection\":[\"PAIS\"],\"inLanguage\":\"es\"},{\"@type\":\"WebPage\",\"@id\":\"http:\\\/\\\/cuartetoenlaweb.com.ar\\\/sitio\\\/cuba-confirmo-contactos-con-estados-unidos-para-abrir-vias-de-dialogo-ante-la-crisis-energetica\\\/\",\"url\":\"http:\\\/\\\/cuartetoenlaweb.com.ar\\\/sitio\\\/cuba-confirmo-contactos-con-estados-unidos-para-abrir-vias-de-dialogo-ante-la-crisis-energetica\\\/\",\"name\":\"Cuba confirm\u00f3 contactos con Estados Unidos para abrir v\u00edas de di\u00e1logo ante la crisis energ\u00e9tica - Cuarteto en la Web\",\"isPartOf\":{\"@id\":\"http:\\\/\\\/cuartetoenlaweb.com.ar\\\/sitio\\\/#website\"},\"primaryImageOfPage\":{\"@id\":\"http:\\\/\\\/cuartetoenlaweb.com.ar\\\/sitio\\\/cuba-confirmo-contactos-con-estados-unidos-para-abrir-vias-de-dialogo-ante-la-crisis-energetica\\\/#primaryimage\"},\"image\":{\"@id\":\"http:\\\/\\\/cuartetoenlaweb.com.ar\\\/sitio\\\/cuba-confirmo-contactos-con-estados-unidos-para-abrir-vias-de-dialogo-ante-la-crisis-energetica\\\/#primaryimage\"},\"thumbnailUrl\":\"http:\\\/\\\/cuartetoenlaweb.com.ar\\\/sitio\\\/wp-content\\\/uploads\\\/2026\\\/03\\\/720-271.jpeg\",\"datePublished\":\"2026-03-13T13:00:27+00:00\",\"breadcrumb\":{\"@id\":\"http:\\\/\\\/cuartetoenlaweb.com.ar\\\/sitio\\\/cuba-confirmo-contactos-con-estados-unidos-para-abrir-vias-de-dialogo-ante-la-crisis-energetica\\\/#breadcrumb\"},\"inLanguage\":\"es\",\"potentialAction\":[{\"@type\":\"ReadAction\",\"target\":[\"http:\\\/\\\/cuartetoenlaweb.com.ar\\\/sitio\\\/cuba-confirmo-contactos-con-estados-unidos-para-abrir-vias-de-dialogo-ante-la-crisis-energetica\\\/\"]}]},{\"@type\":\"ImageObject\",\"inLanguage\":\"es\",\"@id\":\"http:\\\/\\\/cuartetoenlaweb.com.ar\\\/sitio\\\/cuba-confirmo-contactos-con-estados-unidos-para-abrir-vias-de-dialogo-ante-la-crisis-energetica\\\/#primaryimage\",\"url\":\"http:\\\/\\\/cuartetoenlaweb.com.ar\\\/sitio\\\/wp-content\\\/uploads\\\/2026\\\/03\\\/720-271.jpeg\",\"contentUrl\":\"http:\\\/\\\/cuartetoenlaweb.com.ar\\\/sitio\\\/wp-content\\\/uploads\\\/2026\\\/03\\\/720-271.jpeg\",\"width\":1081,\"height\":720},{\"@type\":\"BreadcrumbList\",\"@id\":\"http:\\\/\\\/cuartetoenlaweb.com.ar\\\/sitio\\\/cuba-confirmo-contactos-con-estados-unidos-para-abrir-vias-de-dialogo-ante-la-crisis-energetica\\\/#breadcrumb\",\"itemListElement\":[{\"@type\":\"ListItem\",\"position\":1,\"name\":\"Portada\",\"item\":\"http:\\\/\\\/cuartetoenlaweb.com.ar\\\/sitio\\\/\"},{\"@type\":\"ListItem\",\"position\":2,\"name\":\"Cuba confirm\u00f3 contactos con Estados Unidos para abrir v\u00edas de di\u00e1logo ante la crisis energ\u00e9tica\"}]},{\"@type\":\"WebSite\",\"@id\":\"http:\\\/\\\/cuartetoenlaweb.com.ar\\\/sitio\\\/#website\",\"url\":\"http:\\\/\\\/cuartetoenlaweb.com.ar\\\/sitio\\\/\",\"name\":\"Cuarteto en la Web\",\"description\":\"\",\"publisher\":{\"@id\":\"http:\\\/\\\/cuartetoenlaweb.com.ar\\\/sitio\\\/#organization\"},\"potentialAction\":[{\"@type\":\"SearchAction\",\"target\":{\"@type\":\"EntryPoint\",\"urlTemplate\":\"http:\\\/\\\/cuartetoenlaweb.com.ar\\\/sitio\\\/?s={search_term_string}\"},\"query-input\":{\"@type\":\"PropertyValueSpecification\",\"valueRequired\":true,\"valueName\":\"search_term_string\"}}],\"inLanguage\":\"es\"},{\"@type\":\"Organization\",\"@id\":\"http:\\\/\\\/cuartetoenlaweb.com.ar\\\/sitio\\\/#organization\",\"name\":\"Cuarteto en la Web\",\"url\":\"http:\\\/\\\/cuartetoenlaweb.com.ar\\\/sitio\\\/\",\"logo\":{\"@type\":\"ImageObject\",\"inLanguage\":\"es\",\"@id\":\"http:\\\/\\\/cuartetoenlaweb.com.ar\\\/sitio\\\/#\\\/schema\\\/logo\\\/image\\\/\",\"url\":\"http:\\\/\\\/cuartetoenlaweb.com.ar\\\/sitio\\\/wp-content\\\/uploads\\\/2025\\\/07\\\/cropped-cropped-logitoweb21.png\",\"contentUrl\":\"http:\\\/\\\/cuartetoenlaweb.com.ar\\\/sitio\\\/wp-content\\\/uploads\\\/2025\\\/07\\\/cropped-cropped-logitoweb21.png\",\"width\":199,\"height\":199,\"caption\":\"Cuarteto en la Web\"},\"image\":{\"@id\":\"http:\\\/\\\/cuartetoenlaweb.com.ar\\\/sitio\\\/#\\\/schema\\\/logo\\\/image\\\/\"}}]}<\/script>\n<!-- \/ Yoast SEO plugin. -->","yoast_head_json":{"title":"Cuba confirm\u00f3 contactos con Estados Unidos para abrir v\u00edas de di\u00e1logo ante la crisis energ\u00e9tica - Cuarteto en la Web","robots":{"index":"index","follow":"follow","max-snippet":"max-snippet:-1","max-image-preview":"max-image-preview:large","max-video-preview":"max-video-preview:-1"},"canonical":"http:\/\/cuartetoenlaweb.com.ar\/sitio\/cuba-confirmo-contactos-con-estados-unidos-para-abrir-vias-de-dialogo-ante-la-crisis-energetica\/","og_locale":"es_ES","og_type":"article","og_title":"Cuba confirm\u00f3 contactos con Estados Unidos para abrir v\u00edas de di\u00e1logo ante la crisis energ\u00e9tica - Cuarteto en la Web","og_description":"Buenos Aires, 13 marzo (NA) \u2014 El presidente de Cuba,","og_url":"http:\/\/cuartetoenlaweb.com.ar\/sitio\/cuba-confirmo-contactos-con-estados-unidos-para-abrir-vias-de-dialogo-ante-la-crisis-energetica\/","og_site_name":"Cuarteto en la Web","article_published_time":"2026-03-13T13:00:27+00:00","og_image":[{"width":1081,"height":720,"url":"http:\/\/cuartetoenlaweb.com.ar\/sitio\/wp-content\/uploads\/2026\/03\/720-271.jpeg","type":"image\/jpeg"}],"twitter_card":"summary_large_image","twitter_misc":{"Tiempo de lectura":"2 minutos"},"schema":{"@context":"https:\/\/schema.org","@graph":[{"@type":"Article","@id":"http:\/\/cuartetoenlaweb.com.ar\/sitio\/cuba-confirmo-contactos-con-estados-unidos-para-abrir-vias-de-dialogo-ante-la-crisis-energetica\/#article","isPartOf":{"@id":"http:\/\/cuartetoenlaweb.com.ar\/sitio\/cuba-confirmo-contactos-con-estados-unidos-para-abrir-vias-de-dialogo-ante-la-crisis-energetica\/"},"author":{"name":"","@id":""},"headline":"Cuba confirm\u00f3 contactos con Estados Unidos para abrir v\u00edas de di\u00e1logo ante la crisis energ\u00e9tica","datePublished":"2026-03-13T13:00:27+00:00","mainEntityOfPage":{"@id":"http:\/\/cuartetoenlaweb.com.ar\/sitio\/cuba-confirmo-contactos-con-estados-unidos-para-abrir-vias-de-dialogo-ante-la-crisis-energetica\/"},"wordCount":377,"publisher":{"@id":"http:\/\/cuartetoenlaweb.com.ar\/sitio\/#organization"},"image":{"@id":"http:\/\/cuartetoenlaweb.com.ar\/sitio\/cuba-confirmo-contactos-con-estados-unidos-para-abrir-vias-de-dialogo-ante-la-crisis-energetica\/#primaryimage"},"thumbnailUrl":"http:\/\/cuartetoenlaweb.com.ar\/sitio\/wp-content\/uploads\/2026\/03\/720-271.jpeg","articleSection":["PAIS"],"inLanguage":"es"},{"@type":"WebPage","@id":"http:\/\/cuartetoenlaweb.com.ar\/sitio\/cuba-confirmo-contactos-con-estados-unidos-para-abrir-vias-de-dialogo-ante-la-crisis-energetica\/","url":"http:\/\/cuartetoenlaweb.com.ar\/sitio\/cuba-confirmo-contactos-con-estados-unidos-para-abrir-vias-de-dialogo-ante-la-crisis-energetica\/","name":"Cuba confirm\u00f3 contactos con Estados Unidos para abrir v\u00edas de di\u00e1logo ante la crisis energ\u00e9tica - Cuarteto en la Web","isPartOf":{"@id":"http:\/\/cuartetoenlaweb.com.ar\/sitio\/#website"},"primaryImageOfPage":{"@id":"http:\/\/cuartetoenlaweb.com.ar\/sitio\/cuba-confirmo-contactos-con-estados-unidos-para-abrir-vias-de-dialogo-ante-la-crisis-energetica\/#primaryimage"},"image":{"@id":"http:\/\/cuartetoenlaweb.com.ar\/sitio\/cuba-confirmo-contactos-con-estados-unidos-para-abrir-vias-de-dialogo-ante-la-crisis-energetica\/#primaryimage"},"thumbnailUrl":"http:\/\/cuartetoenlaweb.com.ar\/sitio\/wp-content\/uploads\/2026\/03\/720-271.jpeg","datePublished":"2026-03-13T13:00:27+00:00","breadcrumb":{"@id":"http:\/\/cuartetoenlaweb.com.ar\/sitio\/cuba-confirmo-contactos-con-estados-unidos-para-abrir-vias-de-dialogo-ante-la-crisis-energetica\/#breadcrumb"},"inLanguage":"es","potentialAction":[{"@type":"ReadAction","target":["http:\/\/cuartetoenlaweb.com.ar\/sitio\/cuba-confirmo-contactos-con-estados-unidos-para-abrir-vias-de-dialogo-ante-la-crisis-energetica\/"]}]},{"@type":"ImageObject","inLanguage":"es","@id":"http:\/\/cuartetoenlaweb.com.ar\/sitio\/cuba-confirmo-contactos-con-estados-unidos-para-abrir-vias-de-dialogo-ante-la-crisis-energetica\/#primaryimage","url":"http:\/\/cuartetoenlaweb.com.ar\/sitio\/wp-content\/uploads\/2026\/03\/720-271.jpeg","contentUrl":"http:\/\/cuartetoenlaweb.com.ar\/sitio\/wp-content\/uploads\/2026\/03\/720-271.jpeg","width":1081,"height":720},{"@type":"BreadcrumbList","@id":"http:\/\/cuartetoenlaweb.com.ar\/sitio\/cuba-confirmo-contactos-con-estados-unidos-para-abrir-vias-de-dialogo-ante-la-crisis-energetica\/#breadcrumb","itemListElement":[{"@type":"ListItem","position":1,"name":"Portada","item":"http:\/\/cuartetoenlaweb.com.ar\/sitio\/"},{"@type":"ListItem","position":2,"name":"Cuba confirm\u00f3 contactos con Estados Unidos para abrir v\u00edas de di\u00e1logo ante la crisis energ\u00e9tica"}]},{"@type":"WebSite","@id":"http:\/\/cuartetoenlaweb.com.ar\/sitio\/#website","url":"http:\/\/cuartetoenlaweb.com.ar\/sitio\/","name":"Cuarteto en la Web","description":"","publisher":{"@id":"http:\/\/cuartetoenlaweb.com.ar\/sitio\/#organization"},"potentialAction":[{"@type":"SearchAction","target":{"@type":"EntryPoint","urlTemplate":"http:\/\/cuartetoenlaweb.com.ar\/sitio\/?s={search_term_string}"},"query-input":{"@type":"PropertyValueSpecification","valueRequired":true,"valueName":"search_term_string"}}],"inLanguage":"es"},{"@type":"Organization","@id":"http:\/\/cuartetoenlaweb.com.ar\/sitio\/#organization","name":"Cuarteto en la Web","url":"http:\/\/cuartetoenlaweb.com.ar\/sitio\/","logo":{"@type":"ImageObject","inLanguage":"es","@id":"http:\/\/cuartetoenlaweb.com.ar\/sitio\/#\/schema\/logo\/image\/","url":"http:\/\/cuartetoenlaweb.com.ar\/sitio\/wp-content\/uploads\/2025\/07\/cropped-cropped-logitoweb21.png","contentUrl":"http:\/\/cuartetoenlaweb.com.ar\/sitio\/wp-content\/uploads\/2025\/07\/cropped-cropped-logitoweb21.png","width":199,"height":199,"caption":"Cuarteto en la Web"},"image":{"@id":"http:\/\/cuartetoenlaweb.com.ar\/sitio\/#\/schema\/logo\/image\/"}}]}},"_links":{"self":[{"href":"http:\/\/cuartetoenlaweb.com.ar\/sitio\/wp-json\/wp\/v2\/posts\/14460","targetHints":{"allow":["GET"]}}],"collection":[{"href":"http:\/\/cuartetoenlaweb.com.ar\/sitio\/wp-json\/wp\/v2\/posts"}],"about":[{"href":"http:\/\/cuartetoenlaweb.com.ar\/sitio\/wp-json\/wp\/v2\/types\/post"}],"replies":[{"embeddable":true,"href":"http:\/\/cuartetoenlaweb.com.ar\/sitio\/wp-json\/wp\/v2\/comments?post=14460"}],"version-history":[{"count":0,"href":"http:\/\/cuartetoenlaweb.com.ar\/sitio\/wp-json\/wp\/v2\/posts\/14460\/revisions"}],"wp:featuredmedia":[{"embeddable":true,"href":"http:\/\/cuartetoenlaweb.com.ar\/sitio\/wp-json\/wp\/v2\/media\/14461"}],"wp:attachment":[{"href":"http:\/\/cuartetoenlaweb.com.ar\/sitio\/wp-json\/wp\/v2\/media?parent=14460"}],"wp:term":[{"taxonomy":"category","embeddable":true,"href":"http:\/\/cuartetoenlaweb.com.ar\/sitio\/wp-json\/wp\/v2\/categories?post=14460"},{"taxonomy":"post_tag","embeddable":true,"href":"http:\/\/cuartetoenlaweb.com.ar\/sitio\/wp-json\/wp\/v2\/tags?post=14460"}],"curies":[{"name":"wp","href":"https:\/\/api.w.org\/{rel}","templated":true}]}}