
{"id":14456,"date":"2026-03-13T10:00:22","date_gmt":"2026-03-13T13:00:22","guid":{"rendered":"https:\/\/cuartetoenlaweb.com.ar\/sitio\/mataron-a-un-policia-de-cordoba-sospechan-que-lo-confundieron-con-un-delincuente\/"},"modified":"2026-03-13T10:00:22","modified_gmt":"2026-03-13T13:00:22","slug":"mataron-a-un-policia-de-cordoba-sospechan-que-lo-confundieron-con-un-delincuente","status":"publish","type":"post","link":"http:\/\/cuartetoenlaweb.com.ar\/sitio\/mataron-a-un-policia-de-cordoba-sospechan-que-lo-confundieron-con-un-delincuente\/","title":{"rendered":"Mataron a un polic\u00eda de C\u00f3rdoba: sospechan que lo confundieron con un delincuente"},"content":{"rendered":"<p>Buenos Aires, 13 marzo (NA) \u2013 Un polic\u00eda de la provincia de C\u00f3rdoba fue asesinado y la principal hip\u00f3tesis que se baraja en la causa es que lo habr\u00edan confundido con un delincuente cuando fue hasta una vivienda en el barrio Villa Belgrano por un presunto robo.<\/p>\n<p>El hecho ocurri\u00f3 este jueves por la noche en la calle Neper al 5900, en C\u00f3rdoba, cuando el Suboficial Principal Luis Alejandro Azabal se present\u00f3, junto con otros colegas, en la vivienda de un hombre que hab\u00eda dado aviso a las autoridades por ladrones que merodeaban la zona, supo la Agencia Noticias Argentinas.<\/p>\n<p>Aun as\u00ed, lo curioso del caso, es que cuando los efectivos arribaron a la casa encontraron la puerta abierta. Al asomarse para ver si hab\u00eda ocurrido algo dentro, el due\u00f1o del domicilio le dispar\u00f3 a Azabal y la principal conjetura es que se confundi\u00f3 al creer que era uno de los delincuentes.<\/p>\n<p>Luego de que se confirme el fallecimiento del agente, el hombre, de 39 a\u00f1os, qued\u00f3 detenido acusado del delito de homicidio agravado y tenencia ilegal de arma de guerra, informaron desde el Ministerio P\u00fablico Fiscal.<\/p>\n<p>En la vivienda secuestraron tres armas de fuego (dos de pu\u00f1o y una escopeta) y tambi\u00e9n del personal policial fallecido.<\/p>\n<p>\u201cLa instituci\u00f3n despide con especial reconocimiento al suboficial principal Luis Alejandro Azabal, perteneciente al CAP 24, quien perdi\u00f3 la vida en cumplimiento del deber\u201d, destaca el comunicado de la Polic\u00eda provincial.<\/p>\n<p>A su vez, quien tambi\u00e9n se hizo eco de la noticia, fue Juan Pablo Quinteros, actual ministro de Seguridad de C\u00f3rdoba: \u201cCon profunda consternaci\u00f3n me toca despedir al Suboficial Principal Luis Alejandro Azabal, quien perdi\u00f3 la vida cumpliendo con su deber mientras trabajaba para proteger a los cordobeses\u201d.<\/p>\n<p>\u201cEn este momento de enorme tristeza y dolor quiero acompa\u00f1ar, con el mayor respeto, a su familia, especialmente a sus dos hijas, a sus compa\u00f1eros de la Polic\u00eda de C\u00f3rdoba y a todos sus seres queridos\u201d, contin\u00faa el escrito. #AgenciaNA<\/p>\n","protected":false},"excerpt":{"rendered":"<p>Buenos Aires, 13 marzo (NA) \u2013 Un polic\u00eda de la<\/p>\n","protected":false},"author":0,"featured_media":14457,"comment_status":"","ping_status":"","sticky":false,"template":"","format":"standard","meta":{"footnotes":""},"categories":[65],"tags":[],"class_list":["post-14456","post","type-post","status-publish","format-standard","has-post-thumbnail","hentry","category-pais"],"yoast_head":"<!-- This site is optimized with the Yoast SEO plugin v27.5 - https:\/\/yoast.com\/product\/yoast-seo-wordpress\/ -->\n<title>Mataron a un polic\u00eda de C\u00f3rdoba: sospechan que lo confundieron con un delincuente - Cuarteto en la Web<\/title>\n<meta name=\"robots\" content=\"index, follow, max-snippet:-1, max-image-preview:large, max-video-preview:-1\" \/>\n<link rel=\"canonical\" href=\"https:\/\/cuartetoenlaweb.com.ar\/sitio\/mataron-a-un-policia-de-cordoba-sospechan-que-lo-confundieron-con-un-delincuente\/\" \/>\n<meta property=\"og:locale\" content=\"es_ES\" \/>\n<meta property=\"og:type\" content=\"article\" \/>\n<meta property=\"og:title\" content=\"Mataron a un polic\u00eda de C\u00f3rdoba: sospechan que lo confundieron con un delincuente - Cuarteto en la Web\" \/>\n<meta property=\"og:description\" content=\"Buenos Aires, 13 marzo (NA) \u2013 Un polic\u00eda de la\" \/>\n<meta property=\"og:url\" content=\"https:\/\/cuartetoenlaweb.com.ar\/sitio\/mataron-a-un-policia-de-cordoba-sospechan-que-lo-confundieron-con-un-delincuente\/\" \/>\n<meta property=\"og:site_name\" content=\"Cuarteto en la Web\" \/>\n<meta property=\"article:published_time\" content=\"2026-03-13T13:00:22+00:00\" \/>\n<meta property=\"og:image\" content=\"https:\/\/cuartetoenlaweb.com.ar\/sitio\/wp-content\/uploads\/2026\/03\/720-269.jpeg\" \/>\n\t<meta property=\"og:image:width\" content=\"1168\" \/>\n\t<meta property=\"og:image:height\" content=\"720\" \/>\n\t<meta property=\"og:image:type\" content=\"image\/jpeg\" \/>\n<meta name=\"twitter:card\" content=\"summary_large_image\" \/>\n<meta name=\"twitter:label1\" content=\"Tiempo de lectura\" \/>\n\t<meta name=\"twitter:data1\" content=\"2 minutos\" \/>\n<script type=\"application\/ld+json\" class=\"yoast-schema-graph\">{\"@context\":\"https:\\\/\\\/schema.org\",\"@graph\":[{\"@type\":\"Article\",\"@id\":\"https:\\\/\\\/cuartetoenlaweb.com.ar\\\/sitio\\\/mataron-a-un-policia-de-cordoba-sospechan-que-lo-confundieron-con-un-delincuente\\\/#article\",\"isPartOf\":{\"@id\":\"https:\\\/\\\/cuartetoenlaweb.com.ar\\\/sitio\\\/mataron-a-un-policia-de-cordoba-sospechan-que-lo-confundieron-con-un-delincuente\\\/\"},\"author\":{\"name\":\"\",\"@id\":\"\"},\"headline\":\"Mataron a un polic\u00eda de C\u00f3rdoba: sospechan que lo confundieron con un delincuente\",\"datePublished\":\"2026-03-13T13:00:22+00:00\",\"mainEntityOfPage\":{\"@id\":\"https:\\\/\\\/cuartetoenlaweb.com.ar\\\/sitio\\\/mataron-a-un-policia-de-cordoba-sospechan-que-lo-confundieron-con-un-delincuente\\\/\"},\"wordCount\":358,\"publisher\":{\"@id\":\"http:\\\/\\\/cuartetoenlaweb.com.ar\\\/sitio\\\/#organization\"},\"image\":{\"@id\":\"https:\\\/\\\/cuartetoenlaweb.com.ar\\\/sitio\\\/mataron-a-un-policia-de-cordoba-sospechan-que-lo-confundieron-con-un-delincuente\\\/#primaryimage\"},\"thumbnailUrl\":\"http:\\\/\\\/cuartetoenlaweb.com.ar\\\/sitio\\\/wp-content\\\/uploads\\\/2026\\\/03\\\/720-269.jpeg\",\"articleSection\":[\"PAIS\"],\"inLanguage\":\"es\"},{\"@type\":\"WebPage\",\"@id\":\"https:\\\/\\\/cuartetoenlaweb.com.ar\\\/sitio\\\/mataron-a-un-policia-de-cordoba-sospechan-que-lo-confundieron-con-un-delincuente\\\/\",\"url\":\"https:\\\/\\\/cuartetoenlaweb.com.ar\\\/sitio\\\/mataron-a-un-policia-de-cordoba-sospechan-que-lo-confundieron-con-un-delincuente\\\/\",\"name\":\"Mataron a un polic\u00eda de C\u00f3rdoba: sospechan que lo confundieron con un delincuente - Cuarteto en la Web\",\"isPartOf\":{\"@id\":\"http:\\\/\\\/cuartetoenlaweb.com.ar\\\/sitio\\\/#website\"},\"primaryImageOfPage\":{\"@id\":\"https:\\\/\\\/cuartetoenlaweb.com.ar\\\/sitio\\\/mataron-a-un-policia-de-cordoba-sospechan-que-lo-confundieron-con-un-delincuente\\\/#primaryimage\"},\"image\":{\"@id\":\"https:\\\/\\\/cuartetoenlaweb.com.ar\\\/sitio\\\/mataron-a-un-policia-de-cordoba-sospechan-que-lo-confundieron-con-un-delincuente\\\/#primaryimage\"},\"thumbnailUrl\":\"http:\\\/\\\/cuartetoenlaweb.com.ar\\\/sitio\\\/wp-content\\\/uploads\\\/2026\\\/03\\\/720-269.jpeg\",\"datePublished\":\"2026-03-13T13:00:22+00:00\",\"breadcrumb\":{\"@id\":\"https:\\\/\\\/cuartetoenlaweb.com.ar\\\/sitio\\\/mataron-a-un-policia-de-cordoba-sospechan-que-lo-confundieron-con-un-delincuente\\\/#breadcrumb\"},\"inLanguage\":\"es\",\"potentialAction\":[{\"@type\":\"ReadAction\",\"target\":[\"https:\\\/\\\/cuartetoenlaweb.com.ar\\\/sitio\\\/mataron-a-un-policia-de-cordoba-sospechan-que-lo-confundieron-con-un-delincuente\\\/\"]}]},{\"@type\":\"ImageObject\",\"inLanguage\":\"es\",\"@id\":\"https:\\\/\\\/cuartetoenlaweb.com.ar\\\/sitio\\\/mataron-a-un-policia-de-cordoba-sospechan-que-lo-confundieron-con-un-delincuente\\\/#primaryimage\",\"url\":\"http:\\\/\\\/cuartetoenlaweb.com.ar\\\/sitio\\\/wp-content\\\/uploads\\\/2026\\\/03\\\/720-269.jpeg\",\"contentUrl\":\"http:\\\/\\\/cuartetoenlaweb.com.ar\\\/sitio\\\/wp-content\\\/uploads\\\/2026\\\/03\\\/720-269.jpeg\",\"width\":1168,\"height\":720},{\"@type\":\"BreadcrumbList\",\"@id\":\"https:\\\/\\\/cuartetoenlaweb.com.ar\\\/sitio\\\/mataron-a-un-policia-de-cordoba-sospechan-que-lo-confundieron-con-un-delincuente\\\/#breadcrumb\",\"itemListElement\":[{\"@type\":\"ListItem\",\"position\":1,\"name\":\"Portada\",\"item\":\"http:\\\/\\\/cuartetoenlaweb.com.ar\\\/sitio\\\/\"},{\"@type\":\"ListItem\",\"position\":2,\"name\":\"Mataron a un polic\u00eda de C\u00f3rdoba: sospechan que lo confundieron con un delincuente\"}]},{\"@type\":\"WebSite\",\"@id\":\"http:\\\/\\\/cuartetoenlaweb.com.ar\\\/sitio\\\/#website\",\"url\":\"http:\\\/\\\/cuartetoenlaweb.com.ar\\\/sitio\\\/\",\"name\":\"Cuarteto en la Web\",\"description\":\"\",\"publisher\":{\"@id\":\"http:\\\/\\\/cuartetoenlaweb.com.ar\\\/sitio\\\/#organization\"},\"potentialAction\":[{\"@type\":\"SearchAction\",\"target\":{\"@type\":\"EntryPoint\",\"urlTemplate\":\"http:\\\/\\\/cuartetoenlaweb.com.ar\\\/sitio\\\/?s={search_term_string}\"},\"query-input\":{\"@type\":\"PropertyValueSpecification\",\"valueRequired\":true,\"valueName\":\"search_term_string\"}}],\"inLanguage\":\"es\"},{\"@type\":\"Organization\",\"@id\":\"http:\\\/\\\/cuartetoenlaweb.com.ar\\\/sitio\\\/#organization\",\"name\":\"Cuarteto en la Web\",\"url\":\"http:\\\/\\\/cuartetoenlaweb.com.ar\\\/sitio\\\/\",\"logo\":{\"@type\":\"ImageObject\",\"inLanguage\":\"es\",\"@id\":\"http:\\\/\\\/cuartetoenlaweb.com.ar\\\/sitio\\\/#\\\/schema\\\/logo\\\/image\\\/\",\"url\":\"http:\\\/\\\/cuartetoenlaweb.com.ar\\\/sitio\\\/wp-content\\\/uploads\\\/2025\\\/07\\\/cropped-cropped-logitoweb21.png\",\"contentUrl\":\"http:\\\/\\\/cuartetoenlaweb.com.ar\\\/sitio\\\/wp-content\\\/uploads\\\/2025\\\/07\\\/cropped-cropped-logitoweb21.png\",\"width\":199,\"height\":199,\"caption\":\"Cuarteto en la Web\"},\"image\":{\"@id\":\"http:\\\/\\\/cuartetoenlaweb.com.ar\\\/sitio\\\/#\\\/schema\\\/logo\\\/image\\\/\"}}]}<\/script>\n<!-- \/ Yoast SEO plugin. -->","yoast_head_json":{"title":"Mataron a un polic\u00eda de C\u00f3rdoba: sospechan que lo confundieron con un delincuente - Cuarteto en la Web","robots":{"index":"index","follow":"follow","max-snippet":"max-snippet:-1","max-image-preview":"max-image-preview:large","max-video-preview":"max-video-preview:-1"},"canonical":"https:\/\/cuartetoenlaweb.com.ar\/sitio\/mataron-a-un-policia-de-cordoba-sospechan-que-lo-confundieron-con-un-delincuente\/","og_locale":"es_ES","og_type":"article","og_title":"Mataron a un polic\u00eda de C\u00f3rdoba: sospechan que lo confundieron con un delincuente - Cuarteto en la Web","og_description":"Buenos Aires, 13 marzo (NA) \u2013 Un polic\u00eda de la","og_url":"https:\/\/cuartetoenlaweb.com.ar\/sitio\/mataron-a-un-policia-de-cordoba-sospechan-que-lo-confundieron-con-un-delincuente\/","og_site_name":"Cuarteto en la Web","article_published_time":"2026-03-13T13:00:22+00:00","og_image":[{"width":1168,"height":720,"url":"https:\/\/cuartetoenlaweb.com.ar\/sitio\/wp-content\/uploads\/2026\/03\/720-269.jpeg","type":"image\/jpeg"}],"twitter_card":"summary_large_image","twitter_misc":{"Tiempo de lectura":"2 minutos"},"schema":{"@context":"https:\/\/schema.org","@graph":[{"@type":"Article","@id":"https:\/\/cuartetoenlaweb.com.ar\/sitio\/mataron-a-un-policia-de-cordoba-sospechan-que-lo-confundieron-con-un-delincuente\/#article","isPartOf":{"@id":"https:\/\/cuartetoenlaweb.com.ar\/sitio\/mataron-a-un-policia-de-cordoba-sospechan-que-lo-confundieron-con-un-delincuente\/"},"author":{"name":"","@id":""},"headline":"Mataron a un polic\u00eda de C\u00f3rdoba: sospechan que lo confundieron con un delincuente","datePublished":"2026-03-13T13:00:22+00:00","mainEntityOfPage":{"@id":"https:\/\/cuartetoenlaweb.com.ar\/sitio\/mataron-a-un-policia-de-cordoba-sospechan-que-lo-confundieron-con-un-delincuente\/"},"wordCount":358,"publisher":{"@id":"http:\/\/cuartetoenlaweb.com.ar\/sitio\/#organization"},"image":{"@id":"https:\/\/cuartetoenlaweb.com.ar\/sitio\/mataron-a-un-policia-de-cordoba-sospechan-que-lo-confundieron-con-un-delincuente\/#primaryimage"},"thumbnailUrl":"http:\/\/cuartetoenlaweb.com.ar\/sitio\/wp-content\/uploads\/2026\/03\/720-269.jpeg","articleSection":["PAIS"],"inLanguage":"es"},{"@type":"WebPage","@id":"https:\/\/cuartetoenlaweb.com.ar\/sitio\/mataron-a-un-policia-de-cordoba-sospechan-que-lo-confundieron-con-un-delincuente\/","url":"https:\/\/cuartetoenlaweb.com.ar\/sitio\/mataron-a-un-policia-de-cordoba-sospechan-que-lo-confundieron-con-un-delincuente\/","name":"Mataron a un polic\u00eda de C\u00f3rdoba: sospechan que lo confundieron con un delincuente - Cuarteto en la Web","isPartOf":{"@id":"http:\/\/cuartetoenlaweb.com.ar\/sitio\/#website"},"primaryImageOfPage":{"@id":"https:\/\/cuartetoenlaweb.com.ar\/sitio\/mataron-a-un-policia-de-cordoba-sospechan-que-lo-confundieron-con-un-delincuente\/#primaryimage"},"image":{"@id":"https:\/\/cuartetoenlaweb.com.ar\/sitio\/mataron-a-un-policia-de-cordoba-sospechan-que-lo-confundieron-con-un-delincuente\/#primaryimage"},"thumbnailUrl":"http:\/\/cuartetoenlaweb.com.ar\/sitio\/wp-content\/uploads\/2026\/03\/720-269.jpeg","datePublished":"2026-03-13T13:00:22+00:00","breadcrumb":{"@id":"https:\/\/cuartetoenlaweb.com.ar\/sitio\/mataron-a-un-policia-de-cordoba-sospechan-que-lo-confundieron-con-un-delincuente\/#breadcrumb"},"inLanguage":"es","potentialAction":[{"@type":"ReadAction","target":["https:\/\/cuartetoenlaweb.com.ar\/sitio\/mataron-a-un-policia-de-cordoba-sospechan-que-lo-confundieron-con-un-delincuente\/"]}]},{"@type":"ImageObject","inLanguage":"es","@id":"https:\/\/cuartetoenlaweb.com.ar\/sitio\/mataron-a-un-policia-de-cordoba-sospechan-que-lo-confundieron-con-un-delincuente\/#primaryimage","url":"http:\/\/cuartetoenlaweb.com.ar\/sitio\/wp-content\/uploads\/2026\/03\/720-269.jpeg","contentUrl":"http:\/\/cuartetoenlaweb.com.ar\/sitio\/wp-content\/uploads\/2026\/03\/720-269.jpeg","width":1168,"height":720},{"@type":"BreadcrumbList","@id":"https:\/\/cuartetoenlaweb.com.ar\/sitio\/mataron-a-un-policia-de-cordoba-sospechan-que-lo-confundieron-con-un-delincuente\/#breadcrumb","itemListElement":[{"@type":"ListItem","position":1,"name":"Portada","item":"http:\/\/cuartetoenlaweb.com.ar\/sitio\/"},{"@type":"ListItem","position":2,"name":"Mataron a un polic\u00eda de C\u00f3rdoba: sospechan que lo confundieron con un delincuente"}]},{"@type":"WebSite","@id":"http:\/\/cuartetoenlaweb.com.ar\/sitio\/#website","url":"http:\/\/cuartetoenlaweb.com.ar\/sitio\/","name":"Cuarteto en la Web","description":"","publisher":{"@id":"http:\/\/cuartetoenlaweb.com.ar\/sitio\/#organization"},"potentialAction":[{"@type":"SearchAction","target":{"@type":"EntryPoint","urlTemplate":"http:\/\/cuartetoenlaweb.com.ar\/sitio\/?s={search_term_string}"},"query-input":{"@type":"PropertyValueSpecification","valueRequired":true,"valueName":"search_term_string"}}],"inLanguage":"es"},{"@type":"Organization","@id":"http:\/\/cuartetoenlaweb.com.ar\/sitio\/#organization","name":"Cuarteto en la Web","url":"http:\/\/cuartetoenlaweb.com.ar\/sitio\/","logo":{"@type":"ImageObject","inLanguage":"es","@id":"http:\/\/cuartetoenlaweb.com.ar\/sitio\/#\/schema\/logo\/image\/","url":"http:\/\/cuartetoenlaweb.com.ar\/sitio\/wp-content\/uploads\/2025\/07\/cropped-cropped-logitoweb21.png","contentUrl":"http:\/\/cuartetoenlaweb.com.ar\/sitio\/wp-content\/uploads\/2025\/07\/cropped-cropped-logitoweb21.png","width":199,"height":199,"caption":"Cuarteto en la Web"},"image":{"@id":"http:\/\/cuartetoenlaweb.com.ar\/sitio\/#\/schema\/logo\/image\/"}}]}},"_links":{"self":[{"href":"http:\/\/cuartetoenlaweb.com.ar\/sitio\/wp-json\/wp\/v2\/posts\/14456","targetHints":{"allow":["GET"]}}],"collection":[{"href":"http:\/\/cuartetoenlaweb.com.ar\/sitio\/wp-json\/wp\/v2\/posts"}],"about":[{"href":"http:\/\/cuartetoenlaweb.com.ar\/sitio\/wp-json\/wp\/v2\/types\/post"}],"replies":[{"embeddable":true,"href":"http:\/\/cuartetoenlaweb.com.ar\/sitio\/wp-json\/wp\/v2\/comments?post=14456"}],"version-history":[{"count":0,"href":"http:\/\/cuartetoenlaweb.com.ar\/sitio\/wp-json\/wp\/v2\/posts\/14456\/revisions"}],"wp:featuredmedia":[{"embeddable":true,"href":"http:\/\/cuartetoenlaweb.com.ar\/sitio\/wp-json\/wp\/v2\/media\/14457"}],"wp:attachment":[{"href":"http:\/\/cuartetoenlaweb.com.ar\/sitio\/wp-json\/wp\/v2\/media?parent=14456"}],"wp:term":[{"taxonomy":"category","embeddable":true,"href":"http:\/\/cuartetoenlaweb.com.ar\/sitio\/wp-json\/wp\/v2\/categories?post=14456"},{"taxonomy":"post_tag","embeddable":true,"href":"http:\/\/cuartetoenlaweb.com.ar\/sitio\/wp-json\/wp\/v2\/tags?post=14456"}],"curies":[{"name":"wp","href":"https:\/\/api.w.org\/{rel}","templated":true}]}}