
{"id":14454,"date":"2026-03-13T10:00:20","date_gmt":"2026-03-13T13:00:20","guid":{"rendered":"https:\/\/cuartetoenlaweb.com.ar\/sitio\/ni-milei-ni-ministros-atendieron-a-gobernadores-en-nueva-york\/"},"modified":"2026-03-13T10:00:20","modified_gmt":"2026-03-13T13:00:20","slug":"ni-milei-ni-ministros-atendieron-a-gobernadores-en-nueva-york","status":"publish","type":"post","link":"http:\/\/cuartetoenlaweb.com.ar\/sitio\/ni-milei-ni-ministros-atendieron-a-gobernadores-en-nueva-york\/","title":{"rendered":"Ni Milei ni ministros atendieron a gobernadores en Nueva York"},"content":{"rendered":"<p>Buenos Aires, 13 marzo (NA) \u2013 A pocas horas de la finalizaci\u00f3n de la Argentina Week en la ciudad de Nueva York, Estados Unidos, un grupo de gobernadores que participaron de las jornadas invitados por el Gobierno manifestaron su malestar por el trato oficialista. <\/p>\n<p>Principalmente lo hicieron aquellos mandatarios provinciales que no fueron invitados a la foto con el presidente Javier Milei ni que tuvieron trato preferencial como otros que no solo tuvieron el saludo del mandatario, sino que fueron recibidos por el jefe de Gabinete, Manuel Adorni. <\/p>\n<p>Milei solo se fotografi\u00f3 con cinco gobernadores al t\u00e9rmino de su discurso de apertura: Gustavo S\u00e1enz (Salta), Marcelo Orrego (San Juan), Carlos Sadir (Jujuy), Alfredo Cornejo (Mendoza) y Juan Pablo Vald\u00e9s (Corrientes).<\/p>\n<p>La comitiva fue integrada por otros que no salieron en la foto ni que tuvieron encuentros por afuera de la agenda oficial con integrantes del Gabinete como s\u00ed lo hicieron Ignacio Torres (Chubut) y Alberto Weretilneck (R\u00edo Negro). <\/p>\n<p>No obstante, varios de ellos reconocen la labor en el viaje del ministro de Econom\u00eda, Luis Caputo, quien conoce la Gran Manzana como pocos y tiene aceitados v\u00ednculos por su paso en el sector financiero, y tambi\u00e9n destacaron las invitaciones a los paneles. #AgenciaNA<\/p>\n","protected":false},"excerpt":{"rendered":"<p>Buenos Aires, 13 marzo (NA) \u2013 A pocas horas de<\/p>\n","protected":false},"author":0,"featured_media":14455,"comment_status":"","ping_status":"","sticky":false,"template":"","format":"standard","meta":{"footnotes":""},"categories":[65],"tags":[],"class_list":["post-14454","post","type-post","status-publish","format-standard","has-post-thumbnail","hentry","category-pais"],"yoast_head":"<!-- This site is optimized with the Yoast SEO plugin v27.5 - https:\/\/yoast.com\/product\/yoast-seo-wordpress\/ -->\n<title>Ni Milei ni ministros atendieron a gobernadores en Nueva York - Cuarteto en la Web<\/title>\n<meta name=\"robots\" content=\"index, follow, max-snippet:-1, max-image-preview:large, max-video-preview:-1\" \/>\n<link rel=\"canonical\" href=\"http:\/\/cuartetoenlaweb.com.ar\/sitio\/ni-milei-ni-ministros-atendieron-a-gobernadores-en-nueva-york\/\" \/>\n<meta property=\"og:locale\" content=\"es_ES\" \/>\n<meta property=\"og:type\" content=\"article\" \/>\n<meta property=\"og:title\" content=\"Ni Milei ni ministros atendieron a gobernadores en Nueva York - Cuarteto en la Web\" \/>\n<meta property=\"og:description\" content=\"Buenos Aires, 13 marzo (NA) \u2013 A pocas horas de\" \/>\n<meta property=\"og:url\" content=\"http:\/\/cuartetoenlaweb.com.ar\/sitio\/ni-milei-ni-ministros-atendieron-a-gobernadores-en-nueva-york\/\" \/>\n<meta property=\"og:site_name\" content=\"Cuarteto en la Web\" \/>\n<meta property=\"article:published_time\" content=\"2026-03-13T13:00:20+00:00\" \/>\n<meta property=\"og:image\" content=\"http:\/\/cuartetoenlaweb.com.ar\/sitio\/wp-content\/uploads\/2026\/03\/720-268.jpeg\" \/>\n\t<meta property=\"og:image:width\" content=\"961\" \/>\n\t<meta property=\"og:image:height\" content=\"720\" \/>\n\t<meta property=\"og:image:type\" content=\"image\/jpeg\" \/>\n<meta name=\"twitter:card\" content=\"summary_large_image\" \/>\n<meta name=\"twitter:label1\" content=\"Tiempo de lectura\" \/>\n\t<meta name=\"twitter:data1\" content=\"1 minuto\" \/>\n<script type=\"application\/ld+json\" class=\"yoast-schema-graph\">{\"@context\":\"https:\\\/\\\/schema.org\",\"@graph\":[{\"@type\":\"Article\",\"@id\":\"http:\\\/\\\/cuartetoenlaweb.com.ar\\\/sitio\\\/ni-milei-ni-ministros-atendieron-a-gobernadores-en-nueva-york\\\/#article\",\"isPartOf\":{\"@id\":\"http:\\\/\\\/cuartetoenlaweb.com.ar\\\/sitio\\\/ni-milei-ni-ministros-atendieron-a-gobernadores-en-nueva-york\\\/\"},\"author\":{\"name\":\"\",\"@id\":\"\"},\"headline\":\"Ni Milei ni ministros atendieron a gobernadores en Nueva York\",\"datePublished\":\"2026-03-13T13:00:20+00:00\",\"mainEntityOfPage\":{\"@id\":\"http:\\\/\\\/cuartetoenlaweb.com.ar\\\/sitio\\\/ni-milei-ni-ministros-atendieron-a-gobernadores-en-nueva-york\\\/\"},\"wordCount\":218,\"publisher\":{\"@id\":\"https:\\\/\\\/cuartetoenlaweb.com.ar\\\/sitio\\\/#organization\"},\"image\":{\"@id\":\"http:\\\/\\\/cuartetoenlaweb.com.ar\\\/sitio\\\/ni-milei-ni-ministros-atendieron-a-gobernadores-en-nueva-york\\\/#primaryimage\"},\"thumbnailUrl\":\"http:\\\/\\\/cuartetoenlaweb.com.ar\\\/sitio\\\/wp-content\\\/uploads\\\/2026\\\/03\\\/720-268.jpeg\",\"articleSection\":[\"PAIS\"],\"inLanguage\":\"es\"},{\"@type\":\"WebPage\",\"@id\":\"http:\\\/\\\/cuartetoenlaweb.com.ar\\\/sitio\\\/ni-milei-ni-ministros-atendieron-a-gobernadores-en-nueva-york\\\/\",\"url\":\"http:\\\/\\\/cuartetoenlaweb.com.ar\\\/sitio\\\/ni-milei-ni-ministros-atendieron-a-gobernadores-en-nueva-york\\\/\",\"name\":\"Ni Milei ni ministros atendieron a gobernadores en Nueva York - Cuarteto en la Web\",\"isPartOf\":{\"@id\":\"https:\\\/\\\/cuartetoenlaweb.com.ar\\\/sitio\\\/#website\"},\"primaryImageOfPage\":{\"@id\":\"http:\\\/\\\/cuartetoenlaweb.com.ar\\\/sitio\\\/ni-milei-ni-ministros-atendieron-a-gobernadores-en-nueva-york\\\/#primaryimage\"},\"image\":{\"@id\":\"http:\\\/\\\/cuartetoenlaweb.com.ar\\\/sitio\\\/ni-milei-ni-ministros-atendieron-a-gobernadores-en-nueva-york\\\/#primaryimage\"},\"thumbnailUrl\":\"http:\\\/\\\/cuartetoenlaweb.com.ar\\\/sitio\\\/wp-content\\\/uploads\\\/2026\\\/03\\\/720-268.jpeg\",\"datePublished\":\"2026-03-13T13:00:20+00:00\",\"breadcrumb\":{\"@id\":\"http:\\\/\\\/cuartetoenlaweb.com.ar\\\/sitio\\\/ni-milei-ni-ministros-atendieron-a-gobernadores-en-nueva-york\\\/#breadcrumb\"},\"inLanguage\":\"es\",\"potentialAction\":[{\"@type\":\"ReadAction\",\"target\":[\"http:\\\/\\\/cuartetoenlaweb.com.ar\\\/sitio\\\/ni-milei-ni-ministros-atendieron-a-gobernadores-en-nueva-york\\\/\"]}]},{\"@type\":\"ImageObject\",\"inLanguage\":\"es\",\"@id\":\"http:\\\/\\\/cuartetoenlaweb.com.ar\\\/sitio\\\/ni-milei-ni-ministros-atendieron-a-gobernadores-en-nueva-york\\\/#primaryimage\",\"url\":\"http:\\\/\\\/cuartetoenlaweb.com.ar\\\/sitio\\\/wp-content\\\/uploads\\\/2026\\\/03\\\/720-268.jpeg\",\"contentUrl\":\"http:\\\/\\\/cuartetoenlaweb.com.ar\\\/sitio\\\/wp-content\\\/uploads\\\/2026\\\/03\\\/720-268.jpeg\",\"width\":961,\"height\":720},{\"@type\":\"BreadcrumbList\",\"@id\":\"http:\\\/\\\/cuartetoenlaweb.com.ar\\\/sitio\\\/ni-milei-ni-ministros-atendieron-a-gobernadores-en-nueva-york\\\/#breadcrumb\",\"itemListElement\":[{\"@type\":\"ListItem\",\"position\":1,\"name\":\"Portada\",\"item\":\"https:\\\/\\\/cuartetoenlaweb.com.ar\\\/sitio\\\/\"},{\"@type\":\"ListItem\",\"position\":2,\"name\":\"Ni Milei ni ministros atendieron a gobernadores en Nueva York\"}]},{\"@type\":\"WebSite\",\"@id\":\"https:\\\/\\\/cuartetoenlaweb.com.ar\\\/sitio\\\/#website\",\"url\":\"https:\\\/\\\/cuartetoenlaweb.com.ar\\\/sitio\\\/\",\"name\":\"Cuarteto en la Web\",\"description\":\"\",\"publisher\":{\"@id\":\"https:\\\/\\\/cuartetoenlaweb.com.ar\\\/sitio\\\/#organization\"},\"potentialAction\":[{\"@type\":\"SearchAction\",\"target\":{\"@type\":\"EntryPoint\",\"urlTemplate\":\"https:\\\/\\\/cuartetoenlaweb.com.ar\\\/sitio\\\/?s={search_term_string}\"},\"query-input\":{\"@type\":\"PropertyValueSpecification\",\"valueRequired\":true,\"valueName\":\"search_term_string\"}}],\"inLanguage\":\"es\"},{\"@type\":\"Organization\",\"@id\":\"https:\\\/\\\/cuartetoenlaweb.com.ar\\\/sitio\\\/#organization\",\"name\":\"Cuarteto en la Web\",\"url\":\"https:\\\/\\\/cuartetoenlaweb.com.ar\\\/sitio\\\/\",\"logo\":{\"@type\":\"ImageObject\",\"inLanguage\":\"es\",\"@id\":\"https:\\\/\\\/cuartetoenlaweb.com.ar\\\/sitio\\\/#\\\/schema\\\/logo\\\/image\\\/\",\"url\":\"http:\\\/\\\/cuartetoenlaweb.com.ar\\\/sitio\\\/wp-content\\\/uploads\\\/2025\\\/07\\\/cropped-cropped-logitoweb21.png\",\"contentUrl\":\"http:\\\/\\\/cuartetoenlaweb.com.ar\\\/sitio\\\/wp-content\\\/uploads\\\/2025\\\/07\\\/cropped-cropped-logitoweb21.png\",\"width\":199,\"height\":199,\"caption\":\"Cuarteto en la Web\"},\"image\":{\"@id\":\"https:\\\/\\\/cuartetoenlaweb.com.ar\\\/sitio\\\/#\\\/schema\\\/logo\\\/image\\\/\"}}]}<\/script>\n<!-- \/ Yoast SEO plugin. -->","yoast_head_json":{"title":"Ni Milei ni ministros atendieron a gobernadores en Nueva York - Cuarteto en la Web","robots":{"index":"index","follow":"follow","max-snippet":"max-snippet:-1","max-image-preview":"max-image-preview:large","max-video-preview":"max-video-preview:-1"},"canonical":"http:\/\/cuartetoenlaweb.com.ar\/sitio\/ni-milei-ni-ministros-atendieron-a-gobernadores-en-nueva-york\/","og_locale":"es_ES","og_type":"article","og_title":"Ni Milei ni ministros atendieron a gobernadores en Nueva York - Cuarteto en la Web","og_description":"Buenos Aires, 13 marzo (NA) \u2013 A pocas horas de","og_url":"http:\/\/cuartetoenlaweb.com.ar\/sitio\/ni-milei-ni-ministros-atendieron-a-gobernadores-en-nueva-york\/","og_site_name":"Cuarteto en la Web","article_published_time":"2026-03-13T13:00:20+00:00","og_image":[{"width":961,"height":720,"url":"http:\/\/cuartetoenlaweb.com.ar\/sitio\/wp-content\/uploads\/2026\/03\/720-268.jpeg","type":"image\/jpeg"}],"twitter_card":"summary_large_image","twitter_misc":{"Tiempo de lectura":"1 minuto"},"schema":{"@context":"https:\/\/schema.org","@graph":[{"@type":"Article","@id":"http:\/\/cuartetoenlaweb.com.ar\/sitio\/ni-milei-ni-ministros-atendieron-a-gobernadores-en-nueva-york\/#article","isPartOf":{"@id":"http:\/\/cuartetoenlaweb.com.ar\/sitio\/ni-milei-ni-ministros-atendieron-a-gobernadores-en-nueva-york\/"},"author":{"name":"","@id":""},"headline":"Ni Milei ni ministros atendieron a gobernadores en Nueva York","datePublished":"2026-03-13T13:00:20+00:00","mainEntityOfPage":{"@id":"http:\/\/cuartetoenlaweb.com.ar\/sitio\/ni-milei-ni-ministros-atendieron-a-gobernadores-en-nueva-york\/"},"wordCount":218,"publisher":{"@id":"https:\/\/cuartetoenlaweb.com.ar\/sitio\/#organization"},"image":{"@id":"http:\/\/cuartetoenlaweb.com.ar\/sitio\/ni-milei-ni-ministros-atendieron-a-gobernadores-en-nueva-york\/#primaryimage"},"thumbnailUrl":"http:\/\/cuartetoenlaweb.com.ar\/sitio\/wp-content\/uploads\/2026\/03\/720-268.jpeg","articleSection":["PAIS"],"inLanguage":"es"},{"@type":"WebPage","@id":"http:\/\/cuartetoenlaweb.com.ar\/sitio\/ni-milei-ni-ministros-atendieron-a-gobernadores-en-nueva-york\/","url":"http:\/\/cuartetoenlaweb.com.ar\/sitio\/ni-milei-ni-ministros-atendieron-a-gobernadores-en-nueva-york\/","name":"Ni Milei ni ministros atendieron a gobernadores en Nueva York - Cuarteto en la Web","isPartOf":{"@id":"https:\/\/cuartetoenlaweb.com.ar\/sitio\/#website"},"primaryImageOfPage":{"@id":"http:\/\/cuartetoenlaweb.com.ar\/sitio\/ni-milei-ni-ministros-atendieron-a-gobernadores-en-nueva-york\/#primaryimage"},"image":{"@id":"http:\/\/cuartetoenlaweb.com.ar\/sitio\/ni-milei-ni-ministros-atendieron-a-gobernadores-en-nueva-york\/#primaryimage"},"thumbnailUrl":"http:\/\/cuartetoenlaweb.com.ar\/sitio\/wp-content\/uploads\/2026\/03\/720-268.jpeg","datePublished":"2026-03-13T13:00:20+00:00","breadcrumb":{"@id":"http:\/\/cuartetoenlaweb.com.ar\/sitio\/ni-milei-ni-ministros-atendieron-a-gobernadores-en-nueva-york\/#breadcrumb"},"inLanguage":"es","potentialAction":[{"@type":"ReadAction","target":["http:\/\/cuartetoenlaweb.com.ar\/sitio\/ni-milei-ni-ministros-atendieron-a-gobernadores-en-nueva-york\/"]}]},{"@type":"ImageObject","inLanguage":"es","@id":"http:\/\/cuartetoenlaweb.com.ar\/sitio\/ni-milei-ni-ministros-atendieron-a-gobernadores-en-nueva-york\/#primaryimage","url":"http:\/\/cuartetoenlaweb.com.ar\/sitio\/wp-content\/uploads\/2026\/03\/720-268.jpeg","contentUrl":"http:\/\/cuartetoenlaweb.com.ar\/sitio\/wp-content\/uploads\/2026\/03\/720-268.jpeg","width":961,"height":720},{"@type":"BreadcrumbList","@id":"http:\/\/cuartetoenlaweb.com.ar\/sitio\/ni-milei-ni-ministros-atendieron-a-gobernadores-en-nueva-york\/#breadcrumb","itemListElement":[{"@type":"ListItem","position":1,"name":"Portada","item":"https:\/\/cuartetoenlaweb.com.ar\/sitio\/"},{"@type":"ListItem","position":2,"name":"Ni Milei ni ministros atendieron a gobernadores en Nueva York"}]},{"@type":"WebSite","@id":"https:\/\/cuartetoenlaweb.com.ar\/sitio\/#website","url":"https:\/\/cuartetoenlaweb.com.ar\/sitio\/","name":"Cuarteto en la Web","description":"","publisher":{"@id":"https:\/\/cuartetoenlaweb.com.ar\/sitio\/#organization"},"potentialAction":[{"@type":"SearchAction","target":{"@type":"EntryPoint","urlTemplate":"https:\/\/cuartetoenlaweb.com.ar\/sitio\/?s={search_term_string}"},"query-input":{"@type":"PropertyValueSpecification","valueRequired":true,"valueName":"search_term_string"}}],"inLanguage":"es"},{"@type":"Organization","@id":"https:\/\/cuartetoenlaweb.com.ar\/sitio\/#organization","name":"Cuarteto en la Web","url":"https:\/\/cuartetoenlaweb.com.ar\/sitio\/","logo":{"@type":"ImageObject","inLanguage":"es","@id":"https:\/\/cuartetoenlaweb.com.ar\/sitio\/#\/schema\/logo\/image\/","url":"http:\/\/cuartetoenlaweb.com.ar\/sitio\/wp-content\/uploads\/2025\/07\/cropped-cropped-logitoweb21.png","contentUrl":"http:\/\/cuartetoenlaweb.com.ar\/sitio\/wp-content\/uploads\/2025\/07\/cropped-cropped-logitoweb21.png","width":199,"height":199,"caption":"Cuarteto en la Web"},"image":{"@id":"https:\/\/cuartetoenlaweb.com.ar\/sitio\/#\/schema\/logo\/image\/"}}]}},"_links":{"self":[{"href":"http:\/\/cuartetoenlaweb.com.ar\/sitio\/wp-json\/wp\/v2\/posts\/14454","targetHints":{"allow":["GET"]}}],"collection":[{"href":"http:\/\/cuartetoenlaweb.com.ar\/sitio\/wp-json\/wp\/v2\/posts"}],"about":[{"href":"http:\/\/cuartetoenlaweb.com.ar\/sitio\/wp-json\/wp\/v2\/types\/post"}],"replies":[{"embeddable":true,"href":"http:\/\/cuartetoenlaweb.com.ar\/sitio\/wp-json\/wp\/v2\/comments?post=14454"}],"version-history":[{"count":0,"href":"http:\/\/cuartetoenlaweb.com.ar\/sitio\/wp-json\/wp\/v2\/posts\/14454\/revisions"}],"wp:featuredmedia":[{"embeddable":true,"href":"http:\/\/cuartetoenlaweb.com.ar\/sitio\/wp-json\/wp\/v2\/media\/14455"}],"wp:attachment":[{"href":"http:\/\/cuartetoenlaweb.com.ar\/sitio\/wp-json\/wp\/v2\/media?parent=14454"}],"wp:term":[{"taxonomy":"category","embeddable":true,"href":"http:\/\/cuartetoenlaweb.com.ar\/sitio\/wp-json\/wp\/v2\/categories?post=14454"},{"taxonomy":"post_tag","embeddable":true,"href":"http:\/\/cuartetoenlaweb.com.ar\/sitio\/wp-json\/wp\/v2\/tags?post=14454"}],"curies":[{"name":"wp","href":"https:\/\/api.w.org\/{rel}","templated":true}]}}