
{"id":14429,"date":"2026-03-12T22:00:45","date_gmt":"2026-03-13T01:00:45","guid":{"rendered":"https:\/\/cuartetoenlaweb.com.ar\/sitio\/inaudito-claudio-tapia-propondra-al-monumental-para-alojar-la-finalissima-en-un-dia-en-el-que-no-estara-disponible\/"},"modified":"2026-03-12T22:00:45","modified_gmt":"2026-03-13T01:00:45","slug":"inaudito-claudio-tapia-propondra-al-monumental-para-alojar-la-finalissima-en-un-dia-en-el-que-no-estara-disponible","status":"publish","type":"post","link":"http:\/\/cuartetoenlaweb.com.ar\/sitio\/inaudito-claudio-tapia-propondra-al-monumental-para-alojar-la-finalissima-en-un-dia-en-el-que-no-estara-disponible\/","title":{"rendered":"Inaudito: Claudio Tapia propondr\u00e1 al Monumental para alojar la Finalissima en un d\u00eda en el que no estar\u00e1 disponible"},"content":{"rendered":"<p><img decoding=\"async\" src=\"https:\/\/alpha-assets.tadevel-cdn.com\/69b34a5ac331fb25189b2478\/720.jpeg\" \/><\/p>\n<p>Buenos Aires, 12 marzo (NA) \u2013 El presidente de la Asociaci\u00f3n del F\u00fatbol Argentino (AFA), Claudio \u201cChiqui\u201d Tapia, planea proponer la disputa de la Finalissima en el estadio Monumental, de River, aunque el mismo no estar\u00e1 disponible durante toda esa semana.<\/p>\n<p>Seg\u00fan supo la Agencia Noticias Argentinas, la final a disputarse entre el seleccionado argentino y el espa\u00f1ol estaba programada para disputarse el 27 de marzo en Doha, Qatar, aunque debi\u00f3 ser reubicada por la guerra que transcurre actualmente en Medio Oriente, con Estados Unidos, Israel e Ir\u00e1n como principales protagonistas.<\/p>\n<p>Con esa fecha, y a menos que se modifique, la propuesta de Tapia ser\u00eda in\u00fatil, debido a que en el Monumental se desarrollar\u00e1n tres recitales de la banda brit\u00e1nica-australiana AC\/DC.<\/p>\n<p>Claudio Tapia se reunir\u00e1 esta noche con Alejandro Dom\u00ednguez, m\u00e1ximo mandatario de Conmebol, con la idea de que la Finalissima se dispute en la Argentina, m\u00e1s precisamente en el estadio Monumental.<\/p>\n<p>Seg\u00fan lo comunic\u00f3 en una publicaci\u00f3n de su cuenta personal de X (anteriormente llamada Twitter), la decisi\u00f3n es en conjunto entre AFA y la mencionada confederaci\u00f3n sudamericana, siendo que ambas entidades creen que se trata del \u201cescenario ideal para recibir esta gran final\u201d.<\/p>\n<p>De todas formas, la idea tendr\u00e1 dificultades para llevarse a cabo, ya que durante el propio viernes en el que se disputar\u00eda el partido, en el Monumental se va a estar llevando a cabo un recital de AC\/DC.<\/p>\n<p>Con este contexto, la \u00fanica forma de que la propuesta sudamericana llegue a buen puerto ser\u00eda con una reprogramaci\u00f3n, tanto del partido como de los conciertos en cuesti\u00f3n, aunque ambas opciones son complejas por situaciones log\u00edsticas.<\/p>\n<p>Por otro lado, la idea que se afirma como la opci\u00f3n m\u00e1s coherente llega desde Europa, con la idea de que la final se dispute en el estadio Santiago Bernab\u00e9u, la casa del Real Madrid, otorg\u00e1ndole la local\u00eda a los espa\u00f1oles.<\/p>\n<p>A\u00fan as\u00ed, el reglamento indica que la condici\u00f3n de local debe alternarse en cada edici\u00f3n, por lo que la dirigencia argentina no considera v\u00e1lido jugar en Espa\u00f1a, ya que en el certamen de 2022 lo hizo en Wembley, en Inglaterra, ante el combinado italiano.<\/p>\n<p>#AgenciaNA<\/p>\n","protected":false},"excerpt":{"rendered":"<p>Buenos Aires, 12 marzo (NA) \u2013 El presidente de la<\/p>\n","protected":false},"author":0,"featured_media":14430,"comment_status":"","ping_status":"","sticky":false,"template":"","format":"standard","meta":{"footnotes":""},"categories":[229],"tags":[],"class_list":["post-14429","post","type-post","status-publish","format-standard","has-post-thumbnail","hentry","category-deportes"],"yoast_head":"<!-- This site is optimized with the Yoast SEO plugin v27.5 - https:\/\/yoast.com\/product\/yoast-seo-wordpress\/ -->\n<title>Inaudito: Claudio Tapia propondr\u00e1 al Monumental para alojar la Finalissima en un d\u00eda en el que no estar\u00e1 disponible - Cuarteto en la Web<\/title>\n<meta name=\"robots\" content=\"index, follow, max-snippet:-1, max-image-preview:large, max-video-preview:-1\" \/>\n<link rel=\"canonical\" href=\"http:\/\/cuartetoenlaweb.com.ar\/sitio\/inaudito-claudio-tapia-propondra-al-monumental-para-alojar-la-finalissima-en-un-dia-en-el-que-no-estara-disponible\/\" \/>\n<meta property=\"og:locale\" content=\"es_ES\" \/>\n<meta property=\"og:type\" content=\"article\" \/>\n<meta property=\"og:title\" content=\"Inaudito: Claudio Tapia propondr\u00e1 al Monumental para alojar la Finalissima en un d\u00eda en el que no estar\u00e1 disponible - Cuarteto en la Web\" \/>\n<meta property=\"og:description\" content=\"Buenos Aires, 12 marzo (NA) \u2013 El presidente de la\" \/>\n<meta property=\"og:url\" content=\"http:\/\/cuartetoenlaweb.com.ar\/sitio\/inaudito-claudio-tapia-propondra-al-monumental-para-alojar-la-finalissima-en-un-dia-en-el-que-no-estara-disponible\/\" \/>\n<meta property=\"og:site_name\" content=\"Cuarteto en la Web\" \/>\n<meta property=\"article:published_time\" content=\"2026-03-13T01:00:45+00:00\" \/>\n<meta property=\"og:image\" content=\"http:\/\/cuartetoenlaweb.com.ar\/sitio\/wp-content\/uploads\/2026\/03\/720-266.jpeg\" \/>\n\t<meta property=\"og:image:width\" content=\"1080\" \/>\n\t<meta property=\"og:image:height\" content=\"720\" \/>\n\t<meta property=\"og:image:type\" content=\"image\/jpeg\" \/>\n<meta name=\"twitter:card\" content=\"summary_large_image\" \/>\n<meta name=\"twitter:label1\" content=\"Tiempo de lectura\" \/>\n\t<meta name=\"twitter:data1\" content=\"2 minutos\" \/>\n<script type=\"application\/ld+json\" class=\"yoast-schema-graph\">{\"@context\":\"https:\\\/\\\/schema.org\",\"@graph\":[{\"@type\":\"Article\",\"@id\":\"http:\\\/\\\/cuartetoenlaweb.com.ar\\\/sitio\\\/inaudito-claudio-tapia-propondra-al-monumental-para-alojar-la-finalissima-en-un-dia-en-el-que-no-estara-disponible\\\/#article\",\"isPartOf\":{\"@id\":\"http:\\\/\\\/cuartetoenlaweb.com.ar\\\/sitio\\\/inaudito-claudio-tapia-propondra-al-monumental-para-alojar-la-finalissima-en-un-dia-en-el-que-no-estara-disponible\\\/\"},\"author\":{\"name\":\"\",\"@id\":\"\"},\"headline\":\"Inaudito: Claudio Tapia propondr\u00e1 al Monumental para alojar la Finalissima en un d\u00eda en el que no estar\u00e1 disponible\",\"datePublished\":\"2026-03-13T01:00:45+00:00\",\"mainEntityOfPage\":{\"@id\":\"http:\\\/\\\/cuartetoenlaweb.com.ar\\\/sitio\\\/inaudito-claudio-tapia-propondra-al-monumental-para-alojar-la-finalissima-en-un-dia-en-el-que-no-estara-disponible\\\/\"},\"wordCount\":405,\"publisher\":{\"@id\":\"https:\\\/\\\/cuartetoenlaweb.com.ar\\\/sitio\\\/#organization\"},\"image\":{\"@id\":\"http:\\\/\\\/cuartetoenlaweb.com.ar\\\/sitio\\\/inaudito-claudio-tapia-propondra-al-monumental-para-alojar-la-finalissima-en-un-dia-en-el-que-no-estara-disponible\\\/#primaryimage\"},\"thumbnailUrl\":\"http:\\\/\\\/cuartetoenlaweb.com.ar\\\/sitio\\\/wp-content\\\/uploads\\\/2026\\\/03\\\/720-266.jpeg\",\"articleSection\":[\"DEPORTES\"],\"inLanguage\":\"es\"},{\"@type\":\"WebPage\",\"@id\":\"http:\\\/\\\/cuartetoenlaweb.com.ar\\\/sitio\\\/inaudito-claudio-tapia-propondra-al-monumental-para-alojar-la-finalissima-en-un-dia-en-el-que-no-estara-disponible\\\/\",\"url\":\"http:\\\/\\\/cuartetoenlaweb.com.ar\\\/sitio\\\/inaudito-claudio-tapia-propondra-al-monumental-para-alojar-la-finalissima-en-un-dia-en-el-que-no-estara-disponible\\\/\",\"name\":\"Inaudito: Claudio Tapia propondr\u00e1 al Monumental para alojar la Finalissima en un d\u00eda en el que no estar\u00e1 disponible - Cuarteto en la Web\",\"isPartOf\":{\"@id\":\"https:\\\/\\\/cuartetoenlaweb.com.ar\\\/sitio\\\/#website\"},\"primaryImageOfPage\":{\"@id\":\"http:\\\/\\\/cuartetoenlaweb.com.ar\\\/sitio\\\/inaudito-claudio-tapia-propondra-al-monumental-para-alojar-la-finalissima-en-un-dia-en-el-que-no-estara-disponible\\\/#primaryimage\"},\"image\":{\"@id\":\"http:\\\/\\\/cuartetoenlaweb.com.ar\\\/sitio\\\/inaudito-claudio-tapia-propondra-al-monumental-para-alojar-la-finalissima-en-un-dia-en-el-que-no-estara-disponible\\\/#primaryimage\"},\"thumbnailUrl\":\"http:\\\/\\\/cuartetoenlaweb.com.ar\\\/sitio\\\/wp-content\\\/uploads\\\/2026\\\/03\\\/720-266.jpeg\",\"datePublished\":\"2026-03-13T01:00:45+00:00\",\"breadcrumb\":{\"@id\":\"http:\\\/\\\/cuartetoenlaweb.com.ar\\\/sitio\\\/inaudito-claudio-tapia-propondra-al-monumental-para-alojar-la-finalissima-en-un-dia-en-el-que-no-estara-disponible\\\/#breadcrumb\"},\"inLanguage\":\"es\",\"potentialAction\":[{\"@type\":\"ReadAction\",\"target\":[\"http:\\\/\\\/cuartetoenlaweb.com.ar\\\/sitio\\\/inaudito-claudio-tapia-propondra-al-monumental-para-alojar-la-finalissima-en-un-dia-en-el-que-no-estara-disponible\\\/\"]}]},{\"@type\":\"ImageObject\",\"inLanguage\":\"es\",\"@id\":\"http:\\\/\\\/cuartetoenlaweb.com.ar\\\/sitio\\\/inaudito-claudio-tapia-propondra-al-monumental-para-alojar-la-finalissima-en-un-dia-en-el-que-no-estara-disponible\\\/#primaryimage\",\"url\":\"http:\\\/\\\/cuartetoenlaweb.com.ar\\\/sitio\\\/wp-content\\\/uploads\\\/2026\\\/03\\\/720-266.jpeg\",\"contentUrl\":\"http:\\\/\\\/cuartetoenlaweb.com.ar\\\/sitio\\\/wp-content\\\/uploads\\\/2026\\\/03\\\/720-266.jpeg\",\"width\":1080,\"height\":720},{\"@type\":\"BreadcrumbList\",\"@id\":\"http:\\\/\\\/cuartetoenlaweb.com.ar\\\/sitio\\\/inaudito-claudio-tapia-propondra-al-monumental-para-alojar-la-finalissima-en-un-dia-en-el-que-no-estara-disponible\\\/#breadcrumb\",\"itemListElement\":[{\"@type\":\"ListItem\",\"position\":1,\"name\":\"Portada\",\"item\":\"https:\\\/\\\/cuartetoenlaweb.com.ar\\\/sitio\\\/\"},{\"@type\":\"ListItem\",\"position\":2,\"name\":\"Inaudito: Claudio Tapia propondr\u00e1 al Monumental para alojar la Finalissima en un d\u00eda en el que no estar\u00e1 disponible\"}]},{\"@type\":\"WebSite\",\"@id\":\"https:\\\/\\\/cuartetoenlaweb.com.ar\\\/sitio\\\/#website\",\"url\":\"https:\\\/\\\/cuartetoenlaweb.com.ar\\\/sitio\\\/\",\"name\":\"Cuarteto en la Web\",\"description\":\"\",\"publisher\":{\"@id\":\"https:\\\/\\\/cuartetoenlaweb.com.ar\\\/sitio\\\/#organization\"},\"potentialAction\":[{\"@type\":\"SearchAction\",\"target\":{\"@type\":\"EntryPoint\",\"urlTemplate\":\"https:\\\/\\\/cuartetoenlaweb.com.ar\\\/sitio\\\/?s={search_term_string}\"},\"query-input\":{\"@type\":\"PropertyValueSpecification\",\"valueRequired\":true,\"valueName\":\"search_term_string\"}}],\"inLanguage\":\"es\"},{\"@type\":\"Organization\",\"@id\":\"https:\\\/\\\/cuartetoenlaweb.com.ar\\\/sitio\\\/#organization\",\"name\":\"Cuarteto en la Web\",\"url\":\"https:\\\/\\\/cuartetoenlaweb.com.ar\\\/sitio\\\/\",\"logo\":{\"@type\":\"ImageObject\",\"inLanguage\":\"es\",\"@id\":\"https:\\\/\\\/cuartetoenlaweb.com.ar\\\/sitio\\\/#\\\/schema\\\/logo\\\/image\\\/\",\"url\":\"http:\\\/\\\/cuartetoenlaweb.com.ar\\\/sitio\\\/wp-content\\\/uploads\\\/2025\\\/07\\\/cropped-cropped-logitoweb21.png\",\"contentUrl\":\"http:\\\/\\\/cuartetoenlaweb.com.ar\\\/sitio\\\/wp-content\\\/uploads\\\/2025\\\/07\\\/cropped-cropped-logitoweb21.png\",\"width\":199,\"height\":199,\"caption\":\"Cuarteto en la Web\"},\"image\":{\"@id\":\"https:\\\/\\\/cuartetoenlaweb.com.ar\\\/sitio\\\/#\\\/schema\\\/logo\\\/image\\\/\"}}]}<\/script>\n<!-- \/ Yoast SEO plugin. -->","yoast_head_json":{"title":"Inaudito: Claudio Tapia propondr\u00e1 al Monumental para alojar la Finalissima en un d\u00eda en el que no estar\u00e1 disponible - Cuarteto en la Web","robots":{"index":"index","follow":"follow","max-snippet":"max-snippet:-1","max-image-preview":"max-image-preview:large","max-video-preview":"max-video-preview:-1"},"canonical":"http:\/\/cuartetoenlaweb.com.ar\/sitio\/inaudito-claudio-tapia-propondra-al-monumental-para-alojar-la-finalissima-en-un-dia-en-el-que-no-estara-disponible\/","og_locale":"es_ES","og_type":"article","og_title":"Inaudito: Claudio Tapia propondr\u00e1 al Monumental para alojar la Finalissima en un d\u00eda en el que no estar\u00e1 disponible - Cuarteto en la Web","og_description":"Buenos Aires, 12 marzo (NA) \u2013 El presidente de la","og_url":"http:\/\/cuartetoenlaweb.com.ar\/sitio\/inaudito-claudio-tapia-propondra-al-monumental-para-alojar-la-finalissima-en-un-dia-en-el-que-no-estara-disponible\/","og_site_name":"Cuarteto en la Web","article_published_time":"2026-03-13T01:00:45+00:00","og_image":[{"width":1080,"height":720,"url":"http:\/\/cuartetoenlaweb.com.ar\/sitio\/wp-content\/uploads\/2026\/03\/720-266.jpeg","type":"image\/jpeg"}],"twitter_card":"summary_large_image","twitter_misc":{"Tiempo de lectura":"2 minutos"},"schema":{"@context":"https:\/\/schema.org","@graph":[{"@type":"Article","@id":"http:\/\/cuartetoenlaweb.com.ar\/sitio\/inaudito-claudio-tapia-propondra-al-monumental-para-alojar-la-finalissima-en-un-dia-en-el-que-no-estara-disponible\/#article","isPartOf":{"@id":"http:\/\/cuartetoenlaweb.com.ar\/sitio\/inaudito-claudio-tapia-propondra-al-monumental-para-alojar-la-finalissima-en-un-dia-en-el-que-no-estara-disponible\/"},"author":{"name":"","@id":""},"headline":"Inaudito: Claudio Tapia propondr\u00e1 al Monumental para alojar la Finalissima en un d\u00eda en el que no estar\u00e1 disponible","datePublished":"2026-03-13T01:00:45+00:00","mainEntityOfPage":{"@id":"http:\/\/cuartetoenlaweb.com.ar\/sitio\/inaudito-claudio-tapia-propondra-al-monumental-para-alojar-la-finalissima-en-un-dia-en-el-que-no-estara-disponible\/"},"wordCount":405,"publisher":{"@id":"https:\/\/cuartetoenlaweb.com.ar\/sitio\/#organization"},"image":{"@id":"http:\/\/cuartetoenlaweb.com.ar\/sitio\/inaudito-claudio-tapia-propondra-al-monumental-para-alojar-la-finalissima-en-un-dia-en-el-que-no-estara-disponible\/#primaryimage"},"thumbnailUrl":"http:\/\/cuartetoenlaweb.com.ar\/sitio\/wp-content\/uploads\/2026\/03\/720-266.jpeg","articleSection":["DEPORTES"],"inLanguage":"es"},{"@type":"WebPage","@id":"http:\/\/cuartetoenlaweb.com.ar\/sitio\/inaudito-claudio-tapia-propondra-al-monumental-para-alojar-la-finalissima-en-un-dia-en-el-que-no-estara-disponible\/","url":"http:\/\/cuartetoenlaweb.com.ar\/sitio\/inaudito-claudio-tapia-propondra-al-monumental-para-alojar-la-finalissima-en-un-dia-en-el-que-no-estara-disponible\/","name":"Inaudito: Claudio Tapia propondr\u00e1 al Monumental para alojar la Finalissima en un d\u00eda en el que no estar\u00e1 disponible - Cuarteto en la Web","isPartOf":{"@id":"https:\/\/cuartetoenlaweb.com.ar\/sitio\/#website"},"primaryImageOfPage":{"@id":"http:\/\/cuartetoenlaweb.com.ar\/sitio\/inaudito-claudio-tapia-propondra-al-monumental-para-alojar-la-finalissima-en-un-dia-en-el-que-no-estara-disponible\/#primaryimage"},"image":{"@id":"http:\/\/cuartetoenlaweb.com.ar\/sitio\/inaudito-claudio-tapia-propondra-al-monumental-para-alojar-la-finalissima-en-un-dia-en-el-que-no-estara-disponible\/#primaryimage"},"thumbnailUrl":"http:\/\/cuartetoenlaweb.com.ar\/sitio\/wp-content\/uploads\/2026\/03\/720-266.jpeg","datePublished":"2026-03-13T01:00:45+00:00","breadcrumb":{"@id":"http:\/\/cuartetoenlaweb.com.ar\/sitio\/inaudito-claudio-tapia-propondra-al-monumental-para-alojar-la-finalissima-en-un-dia-en-el-que-no-estara-disponible\/#breadcrumb"},"inLanguage":"es","potentialAction":[{"@type":"ReadAction","target":["http:\/\/cuartetoenlaweb.com.ar\/sitio\/inaudito-claudio-tapia-propondra-al-monumental-para-alojar-la-finalissima-en-un-dia-en-el-que-no-estara-disponible\/"]}]},{"@type":"ImageObject","inLanguage":"es","@id":"http:\/\/cuartetoenlaweb.com.ar\/sitio\/inaudito-claudio-tapia-propondra-al-monumental-para-alojar-la-finalissima-en-un-dia-en-el-que-no-estara-disponible\/#primaryimage","url":"http:\/\/cuartetoenlaweb.com.ar\/sitio\/wp-content\/uploads\/2026\/03\/720-266.jpeg","contentUrl":"http:\/\/cuartetoenlaweb.com.ar\/sitio\/wp-content\/uploads\/2026\/03\/720-266.jpeg","width":1080,"height":720},{"@type":"BreadcrumbList","@id":"http:\/\/cuartetoenlaweb.com.ar\/sitio\/inaudito-claudio-tapia-propondra-al-monumental-para-alojar-la-finalissima-en-un-dia-en-el-que-no-estara-disponible\/#breadcrumb","itemListElement":[{"@type":"ListItem","position":1,"name":"Portada","item":"https:\/\/cuartetoenlaweb.com.ar\/sitio\/"},{"@type":"ListItem","position":2,"name":"Inaudito: Claudio Tapia propondr\u00e1 al Monumental para alojar la Finalissima en un d\u00eda en el que no estar\u00e1 disponible"}]},{"@type":"WebSite","@id":"https:\/\/cuartetoenlaweb.com.ar\/sitio\/#website","url":"https:\/\/cuartetoenlaweb.com.ar\/sitio\/","name":"Cuarteto en la Web","description":"","publisher":{"@id":"https:\/\/cuartetoenlaweb.com.ar\/sitio\/#organization"},"potentialAction":[{"@type":"SearchAction","target":{"@type":"EntryPoint","urlTemplate":"https:\/\/cuartetoenlaweb.com.ar\/sitio\/?s={search_term_string}"},"query-input":{"@type":"PropertyValueSpecification","valueRequired":true,"valueName":"search_term_string"}}],"inLanguage":"es"},{"@type":"Organization","@id":"https:\/\/cuartetoenlaweb.com.ar\/sitio\/#organization","name":"Cuarteto en la Web","url":"https:\/\/cuartetoenlaweb.com.ar\/sitio\/","logo":{"@type":"ImageObject","inLanguage":"es","@id":"https:\/\/cuartetoenlaweb.com.ar\/sitio\/#\/schema\/logo\/image\/","url":"http:\/\/cuartetoenlaweb.com.ar\/sitio\/wp-content\/uploads\/2025\/07\/cropped-cropped-logitoweb21.png","contentUrl":"http:\/\/cuartetoenlaweb.com.ar\/sitio\/wp-content\/uploads\/2025\/07\/cropped-cropped-logitoweb21.png","width":199,"height":199,"caption":"Cuarteto en la Web"},"image":{"@id":"https:\/\/cuartetoenlaweb.com.ar\/sitio\/#\/schema\/logo\/image\/"}}]}},"_links":{"self":[{"href":"http:\/\/cuartetoenlaweb.com.ar\/sitio\/wp-json\/wp\/v2\/posts\/14429","targetHints":{"allow":["GET"]}}],"collection":[{"href":"http:\/\/cuartetoenlaweb.com.ar\/sitio\/wp-json\/wp\/v2\/posts"}],"about":[{"href":"http:\/\/cuartetoenlaweb.com.ar\/sitio\/wp-json\/wp\/v2\/types\/post"}],"replies":[{"embeddable":true,"href":"http:\/\/cuartetoenlaweb.com.ar\/sitio\/wp-json\/wp\/v2\/comments?post=14429"}],"version-history":[{"count":0,"href":"http:\/\/cuartetoenlaweb.com.ar\/sitio\/wp-json\/wp\/v2\/posts\/14429\/revisions"}],"wp:featuredmedia":[{"embeddable":true,"href":"http:\/\/cuartetoenlaweb.com.ar\/sitio\/wp-json\/wp\/v2\/media\/14430"}],"wp:attachment":[{"href":"http:\/\/cuartetoenlaweb.com.ar\/sitio\/wp-json\/wp\/v2\/media?parent=14429"}],"wp:term":[{"taxonomy":"category","embeddable":true,"href":"http:\/\/cuartetoenlaweb.com.ar\/sitio\/wp-json\/wp\/v2\/categories?post=14429"},{"taxonomy":"post_tag","embeddable":true,"href":"http:\/\/cuartetoenlaweb.com.ar\/sitio\/wp-json\/wp\/v2\/tags?post=14429"}],"curies":[{"name":"wp","href":"https:\/\/api.w.org\/{rel}","templated":true}]}}