
{"id":14421,"date":"2026-03-12T22:00:31","date_gmt":"2026-03-13T01:00:31","guid":{"rendered":"https:\/\/cuartetoenlaweb.com.ar\/sitio\/nuevo-escandalo-de-adorni-contradicciones-sobre-quien-pago-el-viaje-a-uruguay-del-feriado-de-carnaval\/"},"modified":"2026-03-12T22:00:31","modified_gmt":"2026-03-13T01:00:31","slug":"nuevo-escandalo-de-adorni-contradicciones-sobre-quien-pago-el-viaje-a-uruguay-del-feriado-de-carnaval","status":"publish","type":"post","link":"http:\/\/cuartetoenlaweb.com.ar\/sitio\/nuevo-escandalo-de-adorni-contradicciones-sobre-quien-pago-el-viaje-a-uruguay-del-feriado-de-carnaval\/","title":{"rendered":"Nuevo esc\u00e1ndalo de Adorni: contradicciones sobre qui\u00e9n pag\u00f3 el viaje a Uruguay del feriado de carnaval"},"content":{"rendered":"<p>El jefe de Gabinete Manuel Adorni sum\u00f3 un nuevo esc\u00e1ndalo al de su viaje a Nueva York junto a su esposa en el avi\u00f3n presidencial. Una \u201cescapada\u201d a Punta del Este el fin de semana de carnaval, en febrero pasado. <\/p>\n<p>\u00bfC\u00f3mo se descubri\u00f3? El periodista Marcelo Grandio, amigo personal del funcionario y uno de los pasajeros del vuelo, se contradijo con respecto a qui\u00e9n pag\u00f3 los pasajes. <\/p>\n<p>El viaje se realiz\u00f3 entre el 12 y el 17 de febrero a bordo de un Honda Jet matr\u00edcula LV-HWA, operado por la empresa Alpha Centauri, una firma que ofrece servicios de taxi a\u00e9reo a un valor aproximado de de 5.800 d\u00f3lares por tramo. <\/p>\n<p>En el avi\u00f3n viajaron Adorni, su pareja Bettina Angeletti, dos familiares y Grandio, qui\u00e9n dijo el traslado habr\u00eda costado 3.600 d\u00f3lares en total. Ese monto, seg\u00fan dijo en Duro de Domar, fue pagado por Adorni. <\/p>\n<p>\u201cEl vuelo lo pag\u00f3 Manu. \u00bfPor qu\u00e9? \u00c9l me lo pag\u00f3 a m\u00ed\u201d, afirm\u00f3 el periodista deportivo en comunicaci\u00f3n con Pablo Duggan en C5N. <\/p>\n<p>Con ese c\u00e1lculo, el funcionario habr\u00eda desembolsado no menos de 5.094.000 pesos, una cifra significativa si se la compara con su salario mensual, estimado en unos 3,5 millones de pesos. <\/p>\n<p>Sin embargo, pocas horas despu\u00e9s ofreci\u00f3 una explicaci\u00f3n diferente en una entrevista con Urbana Play, donde sostuvo que \u00e9l mismo habr\u00eda pagado su asiento. <\/p>\n<p>&gt; Cuando te pregunten d\u00f3nde est\u00e1 la plata, mostr\u00e1 este video.<br \/>\n&gt; Adorni, levant\u00e1ndose temprano para ir al aeropuerto de San Fernando para que nadie lo vea, subi\u00e9ndose a un jet privado con su esposa.<br \/>\n&gt; Raro para alguien que vive del Estado\u2026 esos vuelos no bajan de los 10.000 d\u00f3lares. pic.twitter.com\/Gj7E9I9HEI<br \/>\n&gt;<br \/>\n&gt; \u2014 fabio rosales (@fabiorosales2) March 12, 2026<\/p>\n<p>Grandio cont\u00f3 que con Adorni son amigos hace 10 a\u00f1os y que realiz\u00f3 viajes similares en distintas oportunidades. En sus declaraciones defendi\u00f3 el viaje y asegur\u00f3 que se trata de un servicio de bajo costo dentro del mercado de vuelos privados. <\/p>\n<p>\u201cEs el avi\u00f3n privado m\u00e1s barato que hay. Es una compa\u00f1\u00eda que hace taxi avi\u00f3n\u201d, dijo. Y pidi\u00f3: \u201cD\u00e9jenlo en paz a Manu. No ser pol\u00edtico y estar en esto es muy dif\u00edcil. Es un tipazo. Es una pavada incre\u00edble. No es la primera vez que viajamos juntos\u201d. <\/p>\n<p>El periodista, que trabaja en la TV P\u00fablica y en el streaming del medio estatal desde el cambio de gesti\u00f3n, tambi\u00e9n sostuvo que no cobra un sueldo del canal porque su programa era una coproducci\u00f3n con una productora privada. Es decir, su suelo lo paga la productora.<\/p>\n","protected":false},"excerpt":{"rendered":"<p>El jefe de Gabinete Manuel Adorni sum\u00f3 un nuevo esc\u00e1ndalo<\/p>\n","protected":false},"author":0,"featured_media":14422,"comment_status":"","ping_status":"","sticky":false,"template":"","format":"standard","meta":{"footnotes":""},"categories":[65],"tags":[],"class_list":["post-14421","post","type-post","status-publish","format-standard","has-post-thumbnail","hentry","category-pais"],"yoast_head":"<!-- This site is optimized with the Yoast SEO plugin v27.5 - https:\/\/yoast.com\/product\/yoast-seo-wordpress\/ -->\n<title>Nuevo esc\u00e1ndalo de Adorni: contradicciones sobre qui\u00e9n pag\u00f3 el viaje a Uruguay del feriado de carnaval - Cuarteto en la Web<\/title>\n<meta name=\"robots\" content=\"index, follow, max-snippet:-1, max-image-preview:large, max-video-preview:-1\" \/>\n<link rel=\"canonical\" href=\"http:\/\/cuartetoenlaweb.com.ar\/sitio\/nuevo-escandalo-de-adorni-contradicciones-sobre-quien-pago-el-viaje-a-uruguay-del-feriado-de-carnaval\/\" \/>\n<meta property=\"og:locale\" content=\"es_ES\" \/>\n<meta property=\"og:type\" content=\"article\" \/>\n<meta property=\"og:title\" content=\"Nuevo esc\u00e1ndalo de Adorni: contradicciones sobre qui\u00e9n pag\u00f3 el viaje a Uruguay del feriado de carnaval - Cuarteto en la Web\" \/>\n<meta property=\"og:description\" content=\"El jefe de Gabinete Manuel Adorni sum\u00f3 un nuevo esc\u00e1ndalo\" \/>\n<meta property=\"og:url\" content=\"http:\/\/cuartetoenlaweb.com.ar\/sitio\/nuevo-escandalo-de-adorni-contradicciones-sobre-quien-pago-el-viaje-a-uruguay-del-feriado-de-carnaval\/\" \/>\n<meta property=\"og:site_name\" content=\"Cuarteto en la Web\" \/>\n<meta property=\"article:published_time\" content=\"2026-03-13T01:00:31+00:00\" \/>\n<meta property=\"og:image\" content=\"http:\/\/cuartetoenlaweb.com.ar\/sitio\/wp-content\/uploads\/2026\/03\/720-262.jpeg\" \/>\n\t<meta property=\"og:image:width\" content=\"1080\" \/>\n\t<meta property=\"og:image:height\" content=\"720\" \/>\n\t<meta property=\"og:image:type\" content=\"image\/jpeg\" \/>\n<meta name=\"twitter:card\" content=\"summary_large_image\" \/>\n<meta name=\"twitter:label1\" content=\"Tiempo de lectura\" \/>\n\t<meta name=\"twitter:data1\" content=\"2 minutos\" \/>\n<script type=\"application\/ld+json\" class=\"yoast-schema-graph\">{\"@context\":\"https:\\\/\\\/schema.org\",\"@graph\":[{\"@type\":\"Article\",\"@id\":\"http:\\\/\\\/cuartetoenlaweb.com.ar\\\/sitio\\\/nuevo-escandalo-de-adorni-contradicciones-sobre-quien-pago-el-viaje-a-uruguay-del-feriado-de-carnaval\\\/#article\",\"isPartOf\":{\"@id\":\"http:\\\/\\\/cuartetoenlaweb.com.ar\\\/sitio\\\/nuevo-escandalo-de-adorni-contradicciones-sobre-quien-pago-el-viaje-a-uruguay-del-feriado-de-carnaval\\\/\"},\"author\":{\"name\":\"\",\"@id\":\"\"},\"headline\":\"Nuevo esc\u00e1ndalo de Adorni: contradicciones sobre qui\u00e9n pag\u00f3 el viaje a Uruguay del feriado de carnaval\",\"datePublished\":\"2026-03-13T01:00:31+00:00\",\"mainEntityOfPage\":{\"@id\":\"http:\\\/\\\/cuartetoenlaweb.com.ar\\\/sitio\\\/nuevo-escandalo-de-adorni-contradicciones-sobre-quien-pago-el-viaje-a-uruguay-del-feriado-de-carnaval\\\/\"},\"wordCount\":470,\"publisher\":{\"@id\":\"https:\\\/\\\/cuartetoenlaweb.com.ar\\\/sitio\\\/#organization\"},\"image\":{\"@id\":\"http:\\\/\\\/cuartetoenlaweb.com.ar\\\/sitio\\\/nuevo-escandalo-de-adorni-contradicciones-sobre-quien-pago-el-viaje-a-uruguay-del-feriado-de-carnaval\\\/#primaryimage\"},\"thumbnailUrl\":\"http:\\\/\\\/cuartetoenlaweb.com.ar\\\/sitio\\\/wp-content\\\/uploads\\\/2026\\\/03\\\/720-262.jpeg\",\"articleSection\":[\"PAIS\"],\"inLanguage\":\"es\"},{\"@type\":\"WebPage\",\"@id\":\"http:\\\/\\\/cuartetoenlaweb.com.ar\\\/sitio\\\/nuevo-escandalo-de-adorni-contradicciones-sobre-quien-pago-el-viaje-a-uruguay-del-feriado-de-carnaval\\\/\",\"url\":\"http:\\\/\\\/cuartetoenlaweb.com.ar\\\/sitio\\\/nuevo-escandalo-de-adorni-contradicciones-sobre-quien-pago-el-viaje-a-uruguay-del-feriado-de-carnaval\\\/\",\"name\":\"Nuevo esc\u00e1ndalo de Adorni: contradicciones sobre qui\u00e9n pag\u00f3 el viaje a Uruguay del feriado de carnaval - Cuarteto en la Web\",\"isPartOf\":{\"@id\":\"https:\\\/\\\/cuartetoenlaweb.com.ar\\\/sitio\\\/#website\"},\"primaryImageOfPage\":{\"@id\":\"http:\\\/\\\/cuartetoenlaweb.com.ar\\\/sitio\\\/nuevo-escandalo-de-adorni-contradicciones-sobre-quien-pago-el-viaje-a-uruguay-del-feriado-de-carnaval\\\/#primaryimage\"},\"image\":{\"@id\":\"http:\\\/\\\/cuartetoenlaweb.com.ar\\\/sitio\\\/nuevo-escandalo-de-adorni-contradicciones-sobre-quien-pago-el-viaje-a-uruguay-del-feriado-de-carnaval\\\/#primaryimage\"},\"thumbnailUrl\":\"http:\\\/\\\/cuartetoenlaweb.com.ar\\\/sitio\\\/wp-content\\\/uploads\\\/2026\\\/03\\\/720-262.jpeg\",\"datePublished\":\"2026-03-13T01:00:31+00:00\",\"breadcrumb\":{\"@id\":\"http:\\\/\\\/cuartetoenlaweb.com.ar\\\/sitio\\\/nuevo-escandalo-de-adorni-contradicciones-sobre-quien-pago-el-viaje-a-uruguay-del-feriado-de-carnaval\\\/#breadcrumb\"},\"inLanguage\":\"es\",\"potentialAction\":[{\"@type\":\"ReadAction\",\"target\":[\"http:\\\/\\\/cuartetoenlaweb.com.ar\\\/sitio\\\/nuevo-escandalo-de-adorni-contradicciones-sobre-quien-pago-el-viaje-a-uruguay-del-feriado-de-carnaval\\\/\"]}]},{\"@type\":\"ImageObject\",\"inLanguage\":\"es\",\"@id\":\"http:\\\/\\\/cuartetoenlaweb.com.ar\\\/sitio\\\/nuevo-escandalo-de-adorni-contradicciones-sobre-quien-pago-el-viaje-a-uruguay-del-feriado-de-carnaval\\\/#primaryimage\",\"url\":\"http:\\\/\\\/cuartetoenlaweb.com.ar\\\/sitio\\\/wp-content\\\/uploads\\\/2026\\\/03\\\/720-262.jpeg\",\"contentUrl\":\"http:\\\/\\\/cuartetoenlaweb.com.ar\\\/sitio\\\/wp-content\\\/uploads\\\/2026\\\/03\\\/720-262.jpeg\",\"width\":1080,\"height\":720},{\"@type\":\"BreadcrumbList\",\"@id\":\"http:\\\/\\\/cuartetoenlaweb.com.ar\\\/sitio\\\/nuevo-escandalo-de-adorni-contradicciones-sobre-quien-pago-el-viaje-a-uruguay-del-feriado-de-carnaval\\\/#breadcrumb\",\"itemListElement\":[{\"@type\":\"ListItem\",\"position\":1,\"name\":\"Portada\",\"item\":\"https:\\\/\\\/cuartetoenlaweb.com.ar\\\/sitio\\\/\"},{\"@type\":\"ListItem\",\"position\":2,\"name\":\"Nuevo esc\u00e1ndalo de Adorni: contradicciones sobre qui\u00e9n pag\u00f3 el viaje a Uruguay del feriado de carnaval\"}]},{\"@type\":\"WebSite\",\"@id\":\"https:\\\/\\\/cuartetoenlaweb.com.ar\\\/sitio\\\/#website\",\"url\":\"https:\\\/\\\/cuartetoenlaweb.com.ar\\\/sitio\\\/\",\"name\":\"Cuarteto en la Web\",\"description\":\"\",\"publisher\":{\"@id\":\"https:\\\/\\\/cuartetoenlaweb.com.ar\\\/sitio\\\/#organization\"},\"potentialAction\":[{\"@type\":\"SearchAction\",\"target\":{\"@type\":\"EntryPoint\",\"urlTemplate\":\"https:\\\/\\\/cuartetoenlaweb.com.ar\\\/sitio\\\/?s={search_term_string}\"},\"query-input\":{\"@type\":\"PropertyValueSpecification\",\"valueRequired\":true,\"valueName\":\"search_term_string\"}}],\"inLanguage\":\"es\"},{\"@type\":\"Organization\",\"@id\":\"https:\\\/\\\/cuartetoenlaweb.com.ar\\\/sitio\\\/#organization\",\"name\":\"Cuarteto en la Web\",\"url\":\"https:\\\/\\\/cuartetoenlaweb.com.ar\\\/sitio\\\/\",\"logo\":{\"@type\":\"ImageObject\",\"inLanguage\":\"es\",\"@id\":\"https:\\\/\\\/cuartetoenlaweb.com.ar\\\/sitio\\\/#\\\/schema\\\/logo\\\/image\\\/\",\"url\":\"http:\\\/\\\/cuartetoenlaweb.com.ar\\\/sitio\\\/wp-content\\\/uploads\\\/2025\\\/07\\\/cropped-cropped-logitoweb21.png\",\"contentUrl\":\"http:\\\/\\\/cuartetoenlaweb.com.ar\\\/sitio\\\/wp-content\\\/uploads\\\/2025\\\/07\\\/cropped-cropped-logitoweb21.png\",\"width\":199,\"height\":199,\"caption\":\"Cuarteto en la Web\"},\"image\":{\"@id\":\"https:\\\/\\\/cuartetoenlaweb.com.ar\\\/sitio\\\/#\\\/schema\\\/logo\\\/image\\\/\"}}]}<\/script>\n<!-- \/ Yoast SEO plugin. -->","yoast_head_json":{"title":"Nuevo esc\u00e1ndalo de Adorni: contradicciones sobre qui\u00e9n pag\u00f3 el viaje a Uruguay del feriado de carnaval - Cuarteto en la Web","robots":{"index":"index","follow":"follow","max-snippet":"max-snippet:-1","max-image-preview":"max-image-preview:large","max-video-preview":"max-video-preview:-1"},"canonical":"http:\/\/cuartetoenlaweb.com.ar\/sitio\/nuevo-escandalo-de-adorni-contradicciones-sobre-quien-pago-el-viaje-a-uruguay-del-feriado-de-carnaval\/","og_locale":"es_ES","og_type":"article","og_title":"Nuevo esc\u00e1ndalo de Adorni: contradicciones sobre qui\u00e9n pag\u00f3 el viaje a Uruguay del feriado de carnaval - Cuarteto en la Web","og_description":"El jefe de Gabinete Manuel Adorni sum\u00f3 un nuevo esc\u00e1ndalo","og_url":"http:\/\/cuartetoenlaweb.com.ar\/sitio\/nuevo-escandalo-de-adorni-contradicciones-sobre-quien-pago-el-viaje-a-uruguay-del-feriado-de-carnaval\/","og_site_name":"Cuarteto en la Web","article_published_time":"2026-03-13T01:00:31+00:00","og_image":[{"width":1080,"height":720,"url":"http:\/\/cuartetoenlaweb.com.ar\/sitio\/wp-content\/uploads\/2026\/03\/720-262.jpeg","type":"image\/jpeg"}],"twitter_card":"summary_large_image","twitter_misc":{"Tiempo de lectura":"2 minutos"},"schema":{"@context":"https:\/\/schema.org","@graph":[{"@type":"Article","@id":"http:\/\/cuartetoenlaweb.com.ar\/sitio\/nuevo-escandalo-de-adorni-contradicciones-sobre-quien-pago-el-viaje-a-uruguay-del-feriado-de-carnaval\/#article","isPartOf":{"@id":"http:\/\/cuartetoenlaweb.com.ar\/sitio\/nuevo-escandalo-de-adorni-contradicciones-sobre-quien-pago-el-viaje-a-uruguay-del-feriado-de-carnaval\/"},"author":{"name":"","@id":""},"headline":"Nuevo esc\u00e1ndalo de Adorni: contradicciones sobre qui\u00e9n pag\u00f3 el viaje a Uruguay del feriado de carnaval","datePublished":"2026-03-13T01:00:31+00:00","mainEntityOfPage":{"@id":"http:\/\/cuartetoenlaweb.com.ar\/sitio\/nuevo-escandalo-de-adorni-contradicciones-sobre-quien-pago-el-viaje-a-uruguay-del-feriado-de-carnaval\/"},"wordCount":470,"publisher":{"@id":"https:\/\/cuartetoenlaweb.com.ar\/sitio\/#organization"},"image":{"@id":"http:\/\/cuartetoenlaweb.com.ar\/sitio\/nuevo-escandalo-de-adorni-contradicciones-sobre-quien-pago-el-viaje-a-uruguay-del-feriado-de-carnaval\/#primaryimage"},"thumbnailUrl":"http:\/\/cuartetoenlaweb.com.ar\/sitio\/wp-content\/uploads\/2026\/03\/720-262.jpeg","articleSection":["PAIS"],"inLanguage":"es"},{"@type":"WebPage","@id":"http:\/\/cuartetoenlaweb.com.ar\/sitio\/nuevo-escandalo-de-adorni-contradicciones-sobre-quien-pago-el-viaje-a-uruguay-del-feriado-de-carnaval\/","url":"http:\/\/cuartetoenlaweb.com.ar\/sitio\/nuevo-escandalo-de-adorni-contradicciones-sobre-quien-pago-el-viaje-a-uruguay-del-feriado-de-carnaval\/","name":"Nuevo esc\u00e1ndalo de Adorni: contradicciones sobre qui\u00e9n pag\u00f3 el viaje a Uruguay del feriado de carnaval - Cuarteto en la Web","isPartOf":{"@id":"https:\/\/cuartetoenlaweb.com.ar\/sitio\/#website"},"primaryImageOfPage":{"@id":"http:\/\/cuartetoenlaweb.com.ar\/sitio\/nuevo-escandalo-de-adorni-contradicciones-sobre-quien-pago-el-viaje-a-uruguay-del-feriado-de-carnaval\/#primaryimage"},"image":{"@id":"http:\/\/cuartetoenlaweb.com.ar\/sitio\/nuevo-escandalo-de-adorni-contradicciones-sobre-quien-pago-el-viaje-a-uruguay-del-feriado-de-carnaval\/#primaryimage"},"thumbnailUrl":"http:\/\/cuartetoenlaweb.com.ar\/sitio\/wp-content\/uploads\/2026\/03\/720-262.jpeg","datePublished":"2026-03-13T01:00:31+00:00","breadcrumb":{"@id":"http:\/\/cuartetoenlaweb.com.ar\/sitio\/nuevo-escandalo-de-adorni-contradicciones-sobre-quien-pago-el-viaje-a-uruguay-del-feriado-de-carnaval\/#breadcrumb"},"inLanguage":"es","potentialAction":[{"@type":"ReadAction","target":["http:\/\/cuartetoenlaweb.com.ar\/sitio\/nuevo-escandalo-de-adorni-contradicciones-sobre-quien-pago-el-viaje-a-uruguay-del-feriado-de-carnaval\/"]}]},{"@type":"ImageObject","inLanguage":"es","@id":"http:\/\/cuartetoenlaweb.com.ar\/sitio\/nuevo-escandalo-de-adorni-contradicciones-sobre-quien-pago-el-viaje-a-uruguay-del-feriado-de-carnaval\/#primaryimage","url":"http:\/\/cuartetoenlaweb.com.ar\/sitio\/wp-content\/uploads\/2026\/03\/720-262.jpeg","contentUrl":"http:\/\/cuartetoenlaweb.com.ar\/sitio\/wp-content\/uploads\/2026\/03\/720-262.jpeg","width":1080,"height":720},{"@type":"BreadcrumbList","@id":"http:\/\/cuartetoenlaweb.com.ar\/sitio\/nuevo-escandalo-de-adorni-contradicciones-sobre-quien-pago-el-viaje-a-uruguay-del-feriado-de-carnaval\/#breadcrumb","itemListElement":[{"@type":"ListItem","position":1,"name":"Portada","item":"https:\/\/cuartetoenlaweb.com.ar\/sitio\/"},{"@type":"ListItem","position":2,"name":"Nuevo esc\u00e1ndalo de Adorni: contradicciones sobre qui\u00e9n pag\u00f3 el viaje a Uruguay del feriado de carnaval"}]},{"@type":"WebSite","@id":"https:\/\/cuartetoenlaweb.com.ar\/sitio\/#website","url":"https:\/\/cuartetoenlaweb.com.ar\/sitio\/","name":"Cuarteto en la Web","description":"","publisher":{"@id":"https:\/\/cuartetoenlaweb.com.ar\/sitio\/#organization"},"potentialAction":[{"@type":"SearchAction","target":{"@type":"EntryPoint","urlTemplate":"https:\/\/cuartetoenlaweb.com.ar\/sitio\/?s={search_term_string}"},"query-input":{"@type":"PropertyValueSpecification","valueRequired":true,"valueName":"search_term_string"}}],"inLanguage":"es"},{"@type":"Organization","@id":"https:\/\/cuartetoenlaweb.com.ar\/sitio\/#organization","name":"Cuarteto en la Web","url":"https:\/\/cuartetoenlaweb.com.ar\/sitio\/","logo":{"@type":"ImageObject","inLanguage":"es","@id":"https:\/\/cuartetoenlaweb.com.ar\/sitio\/#\/schema\/logo\/image\/","url":"http:\/\/cuartetoenlaweb.com.ar\/sitio\/wp-content\/uploads\/2025\/07\/cropped-cropped-logitoweb21.png","contentUrl":"http:\/\/cuartetoenlaweb.com.ar\/sitio\/wp-content\/uploads\/2025\/07\/cropped-cropped-logitoweb21.png","width":199,"height":199,"caption":"Cuarteto en la Web"},"image":{"@id":"https:\/\/cuartetoenlaweb.com.ar\/sitio\/#\/schema\/logo\/image\/"}}]}},"_links":{"self":[{"href":"http:\/\/cuartetoenlaweb.com.ar\/sitio\/wp-json\/wp\/v2\/posts\/14421","targetHints":{"allow":["GET"]}}],"collection":[{"href":"http:\/\/cuartetoenlaweb.com.ar\/sitio\/wp-json\/wp\/v2\/posts"}],"about":[{"href":"http:\/\/cuartetoenlaweb.com.ar\/sitio\/wp-json\/wp\/v2\/types\/post"}],"replies":[{"embeddable":true,"href":"http:\/\/cuartetoenlaweb.com.ar\/sitio\/wp-json\/wp\/v2\/comments?post=14421"}],"version-history":[{"count":0,"href":"http:\/\/cuartetoenlaweb.com.ar\/sitio\/wp-json\/wp\/v2\/posts\/14421\/revisions"}],"wp:featuredmedia":[{"embeddable":true,"href":"http:\/\/cuartetoenlaweb.com.ar\/sitio\/wp-json\/wp\/v2\/media\/14422"}],"wp:attachment":[{"href":"http:\/\/cuartetoenlaweb.com.ar\/sitio\/wp-json\/wp\/v2\/media?parent=14421"}],"wp:term":[{"taxonomy":"category","embeddable":true,"href":"http:\/\/cuartetoenlaweb.com.ar\/sitio\/wp-json\/wp\/v2\/categories?post=14421"},{"taxonomy":"post_tag","embeddable":true,"href":"http:\/\/cuartetoenlaweb.com.ar\/sitio\/wp-json\/wp\/v2\/tags?post=14421"}],"curies":[{"name":"wp","href":"https:\/\/api.w.org\/{rel}","templated":true}]}}